{"id":1034,"date":"2017-11-27T16:37:53","date_gmt":"2017-11-27T16:37:53","guid":{"rendered":"http:\/\/www.pontodoscafes.com.br\/blog\/?p=1034"},"modified":"2018-07-18T15:04:13","modified_gmt":"2018-07-18T15:04:13","slug":"alugar-ou-comprar-uma-maquina-de-cafe","status":"publish","type":"post","link":"https:\/\/www.pontodoscafes.com.br\/blog\/alugar-ou-comprar-uma-maquina-de-cafe\/","title":{"rendered":"Alugar ou comprar uma m\u00e1quina de caf\u00e9?"},"content":{"rendered":"<p><em>Clique e descubra se a melhor op\u00e7\u00e3o para seu neg\u00f3cio \u00e9 alugar ou comprar uma m\u00e1quina de caf\u00e9<\/em><!--more--><\/p>\n<p>A ideia de alugar m\u00e1quinas de caf\u00e9 teve um grande crescimento no final dos anos 90, quando come\u00e7aram a ser colocadas em hot\u00e9is, restaurantes e cafeterias. Na \u00e9poca, devido a diversos fatores, elas acabaram ficando conhecidas como um equipamento caro. Era pouco comum encontrar m\u00e1quinas de caf\u00e9 em empresas, dispon\u00edveis para funcion\u00e1rios e clientes, muito menos em resid\u00eancias, fazendo com que se voc\u00ea tivesse vontade de tomar um expresso ou um caf\u00e9 com leite, fosse obrigado a ir at\u00e9 uma cafeteria.<\/p>\n<p>Com o passar do tempo, algumas marcas italianas come\u00e7aram a desenvolver equipamentos menores e no Brasil viram uma grande oportunidade. Desta maneira, come\u00e7aram a disponibilizar, no nosso mercado, equipamentos para diferentes nichos (residencial, empresarial e profissional).<\/p>\n<p>Atualmente, existem diversas marcas e formas de alugar m\u00e1quinas de caf\u00e9 expresso, e todas est\u00e3o, tamb\u00e9m, dispon\u00edveis para compra. \u00c9 interessante considerar a compra, pois pode ser muito f\u00e1cil adquirir um modelo de m\u00e1quina parcelada, chegando muito pr\u00f3ximo ao valor de uma loca\u00e7\u00e3o.<\/p>\n<p><strong>Garantia de servi\u00e7os t\u00e9cnico-log\u00edsticos<\/strong><\/p>\n<p>Diferentemente do que ocorria no passado, as m\u00e1quinas de caf\u00e9 est\u00e3o cada vez mais independentes, o que naturalmente reduz a ocorr\u00eancia de problemas t\u00e9cnicos. Aliado a isso, empresas como o Ponto dos Caf\u00e9s disponibilizam centrais t\u00e9cnicas para dar todo suporte e solucionar os problemas.<\/p>\n<p>Al\u00e9m disso, no passado, voc\u00ea fica livre para comprar insumos e produtos para sua m\u00e1quina de caf\u00e9 conforme a demanda.<\/p>\n<p><strong>As <a href=\"http:\/\/www.pontodoscafes.com.br\/maquinas\">m\u00e1quinas de caf\u00e9 expresso<\/a> como um investimento<\/strong><\/p>\n<p>Por ter um valor consider\u00e1vel, muitas vezes \u00e9 dif\u00edcil perceber a compra da m\u00e1quina de caf\u00e9 como um investimento rent\u00e1vel a ser realizado. Pensando a curto prazo alugar uma m\u00e1quina de caf\u00e9 torna-se mais vantajoso.<\/p>\n<p>No entanto, se sua ideia \u00e9 ficar bastante tempo com a m\u00e1quina, considere a compra. Os ganhos a longo prazo s\u00e3o significativamente maiores, pois sua margem de lucro aumenta e voc\u00ea tem ainda mais liberdade para oper\u00e1-la.<\/p>\n<p>Entre em contato conosco para saber mais sobre valores e modalidades de loca\u00e7\u00e3o. Acesse <a href=\"http:\/\/www.pontodoscafes.com.br\/\">www.pontodoscafes.com.br<\/a> ou ligue para (51) 3325-1009 \/ (54) 3228-2500.<\/p>\n","protected":false},"excerpt":{"rendered":"<p>Clique e descubra se a melhor op\u00e7\u00e3o para seu neg\u00f3cio \u00e9 alugar ou comprar uma m\u00e1quina de caf\u00e9<\/p>\n","protected":false},"author":1,"featured_media":1040,"comment_status":"open","ping_status":"open","sticky":false,"template":"","format":"standard","meta":[],"categories":[8],"tags":[298],"aioseo_notices":[],"_links":{"self":[{"href":"https:\/\/www.pontodoscafes.com.br\/blog\/wp-json\/wp\/v2\/posts\/1034"}],"collection":[{"href":"https:\/\/www.pontodoscafes.com.br\/blog\/wp-json\/wp\/v2\/posts"}],"about":[{"href":"https:\/\/www.pontodoscafes.com.br\/blog\/wp-json\/wp\/v2\/types\/post"}],"author":[{"embeddable":true,"href":"https:\/\/www.pontodoscafes.com.br\/blog\/wp-json\/wp\/v2\/users\/1"}],"replies":[{"embeddable":true,"href":"https:\/\/www.pontodoscafes.com.br\/blog\/wp-json\/wp\/v2\/comments?post=1034"}],"version-history":[{"count":2,"href":"https:\/\/www.pontodoscafes.com.br\/blog\/wp-json\/wp\/v2\/posts\/1034\/revisions"}],"predecessor-version":[{"id":1039,"href":"https:\/\/www.pontodoscafes.com.br\/blog\/wp-json\/wp\/v2\/posts\/1034\/revisions\/1039"}],"wp:featuredmedia":[{"embeddable":true,"href":"https:\/\/www.pontodoscafes.com.br\/blog\/wp-json\/wp\/v2\/media\/1040"}],"wp:attachment":[{"href":"https:\/\/www.pontodoscafes.com.br\/blog\/wp-json\/wp\/v2\/media?parent=1034"}],"wp:term":[{"taxonomy":"category","embeddable":true,"href":"https:\/\/www.pontodoscafes.com.br\/blog\/wp-json\/wp\/v2\/categories?post=1034"},{"taxonomy":"post_tag","embeddable":true,"href":"https:\/\/www.pontodoscafes.com.br\/blog\/wp-json\/wp\/v2\/tags?post=1034"}],"curies":[{"name":"wp","href":"https:\/\/api.w.org\/{rel}","templated":true}]}}