{"id":1261,"date":"2019-08-13T14:35:38","date_gmt":"2019-08-13T14:35:38","guid":{"rendered":"http:\/\/www.pontodoscafes.com.br\/blog\/?p=1261"},"modified":"2021-04-06T19:45:13","modified_gmt":"2021-04-06T19:45:13","slug":"os-tipos-de-cafes-pelo-mundo","status":"publish","type":"post","link":"https:\/\/www.pontodoscafes.com.br\/blog\/os-tipos-de-cafes-pelo-mundo\/","title":{"rendered":"Os tipos de caf\u00e9s pelo mundo"},"content":{"rendered":"<p>Fazer uma viagem pode nos levar a conhecer n\u00e3o s\u00f3 lugares e pessoas diferentes, mas tamb\u00e9m sabores que surpreendem. Independente do lugar em que se est\u00e1, \u00e9 quase imposs\u00edvel n\u00e3o dar de cara com um estabelecimento que n\u00e3o tenha o caf\u00e9 em seu card\u00e1pio. Produzido em mais de 40 pa\u00edses, o gr\u00e3o atravessa qualquer fronteira e pode ser uma \u00f3tima pedida para os viajantes.<\/p>\n<p>O caf\u00e9 \u00e9 apreciado em todo o mundo de formas diferentes e at\u00e9 mesmo peculiares.<\/p>\n<p>Para quem \u00e9 apaixonado pela bebida, uma <span style=\"color: #000000;\"><a style=\"color: #000000;\" href=\"https:\/\/www.portocidadaniaportuguesa.com.br\/\" target=\"_blank\" rel=\"noopener noreferrer\">viagem<\/a><\/span> pode ser a melhor oportunidade para conhecer os diferentes tipos de gr\u00e3os, torras, preparos t\u00edpicos e experimentar os sabores que cada pa\u00eds oferece.<\/p>\n<p>Que tal se deliciar com o caf\u00e9 t\u00edpico do lugar em que voc\u00ea est\u00e1?<\/p>\n<p>Conhe\u00e7a mais sobre alguns dos tipos de caf\u00e9s preparados ao redor do mundo e aproveite para se aventurar.<\/p>\n<h2><strong>Caf\u00e9 alem\u00e3o <\/strong><\/h2>\n<p>A Alemanha \u00e9 o segundo maior importador de caf\u00e9 no mundo e o mais consumido pelos alem\u00e3es \u00e9 o caf\u00e9 expresso. Uma boa op\u00e7\u00e3o local \u00e9 o <em>Pharisaeer Kaffee<\/em>, feito com duas doses de rum, duas e quatro doses de caf\u00e9 torrado com a\u00e7\u00facar e chantilly no topo. No ver\u00e3o, a melhor op\u00e7\u00e3o \u00e9 o <em>Eiskaffee<\/em>, uma mistura de caf\u00e9 gelado com sorvete de creme, chantilly e raspas de chocolate.<\/p>\n<p><a href=\"http:\/\/www.pontodoscafes.com.br\/blog\/wp-content\/uploads\/2019\/08\/caf\u00e9-alem\u00e3o.jpg\"><img loading=\"lazy\" class=\"wp-image-1262 aligncenter\" src=\"http:\/\/www.pontodoscafes.com.br\/blog\/wp-content\/uploads\/2019\/08\/caf\u00e9-alem\u00e3o.jpg\" alt=\"\" width=\"433\" height=\"565\" srcset=\"https:\/\/www.pontodoscafes.com.br\/blog\/wp-content\/uploads\/2019\/08\/caf\u00e9-alem\u00e3o.jpg 500w, https:\/\/www.pontodoscafes.com.br\/blog\/wp-content\/uploads\/2019\/08\/caf\u00e9-alem\u00e3o-230x300.jpg 230w\" sizes=\"(max-width: 433px) 100vw, 433px\" \/><\/a><\/p>\n<h2><strong>Caf\u00e9 colombiano<\/strong><\/h2>\n<p>A Col\u00f4mbia \u00e9 o terceiro maior produtor mundial de caf\u00e9. O cl\u00e1ssico <em>chaqueta<\/em> \u00e9 uma mistura de leite morno com caf\u00e9 preto, j\u00e1 o <em>cortado<\/em> \u00e9 preparado com \u00e1gua de panela.<\/p>\n<p><a href=\"http:\/\/www.pontodoscafes.com.br\/blog\/wp-content\/uploads\/2019\/08\/caf\u00e9-colombiano.jpg\"><img loading=\"lazy\" class=\"wp-image-1264 aligncenter\" src=\"http:\/\/www.pontodoscafes.com.br\/blog\/wp-content\/uploads\/2019\/08\/caf\u00e9-colombiano.jpg\" alt=\"\" width=\"486\" height=\"436\" srcset=\"https:\/\/www.pontodoscafes.com.br\/blog\/wp-content\/uploads\/2019\/08\/caf\u00e9-colombiano.jpg 550w, https:\/\/www.pontodoscafes.com.br\/blog\/wp-content\/uploads\/2019\/08\/caf\u00e9-colombiano-300x269.jpg 300w\" sizes=\"(max-width: 486px) 100vw, 486px\" \/><\/a><\/p>\n<h2><strong>Caf\u00e9 espanhol <\/strong><\/h2>\n<p>O tradicional <em>carajillo<\/em> na Espanha \u00e9 caf\u00e9 combinado com uma bebida destilada como conhaque ou u\u00edsque e o <em>cortado<\/em> espanhol \u00e9 o expresso com uma pitada de leite cozido no vapor. Outra op\u00e7\u00e3o muito apreciada \u00e9 o <em>Guapo com Queso <\/em>que \u00e9 o caf\u00e9 com queijo Edam ou Gouda.<\/p>\n<p><a href=\"http:\/\/www.pontodoscafes.com.br\/blog\/wp-content\/uploads\/2019\/08\/cafe-espanhol.jpg\"><img loading=\"lazy\" class=\"wp-image-1269 aligncenter\" src=\"http:\/\/www.pontodoscafes.com.br\/blog\/wp-content\/uploads\/2019\/08\/cafe-espanhol-1024x737.jpg\" alt=\"\" width=\"535\" height=\"385\" srcset=\"https:\/\/www.pontodoscafes.com.br\/blog\/wp-content\/uploads\/2019\/08\/cafe-espanhol.jpg 1024w, https:\/\/www.pontodoscafes.com.br\/blog\/wp-content\/uploads\/2019\/08\/cafe-espanhol-300x216.jpg 300w, https:\/\/www.pontodoscafes.com.br\/blog\/wp-content\/uploads\/2019\/08\/cafe-espanhol-768x553.jpg 768w, https:\/\/www.pontodoscafes.com.br\/blog\/wp-content\/uploads\/2019\/08\/cafe-espanhol-750x540.jpg 750w\" sizes=\"(max-width: 535px) 100vw, 535px\" \/><\/a><\/p>\n<h2><strong>Caf\u00e9 et\u00edope<\/strong><\/h2>\n<p>Conhecida como pa\u00eds natal do caf\u00e9, a Eti\u00f3pia realiza uma linda cerim\u00f4nia no preparo do caf\u00e9. Os gr\u00e3os s\u00e3o assados, triturados em almofariz ou pil\u00e3o de madeira e preparados em uma panela chamada jebena. O processo leva em torno de duas horas e o caf\u00e9 \u00e9 consumido com sal e manteiga.<\/p>\n<p><a href=\"http:\/\/www.pontodoscafes.com.br\/blog\/wp-content\/uploads\/2019\/08\/etiopia-cafe.jpg\"><img loading=\"lazy\" class=\"wp-image-1272 aligncenter\" src=\"http:\/\/www.pontodoscafes.com.br\/blog\/wp-content\/uploads\/2019\/08\/etiopia-cafe.jpg\" alt=\"\" width=\"546\" height=\"364\" srcset=\"https:\/\/www.pontodoscafes.com.br\/blog\/wp-content\/uploads\/2019\/08\/etiopia-cafe.jpg 610w, https:\/\/www.pontodoscafes.com.br\/blog\/wp-content\/uploads\/2019\/08\/etiopia-cafe-300x200.jpg 300w\" sizes=\"(max-width: 546px) 100vw, 546px\" \/><\/a><\/p>\n<h2><strong>Caf\u00e9 franc\u00eas <\/strong><\/h2>\n<p>O famoso <em>caf\u00e9 au lait<\/em> <em>da Fran\u00e7a \u00e9 preparado com a espuma do leite acrescentada no caf\u00e9 preto. <\/em><\/p>\n<p><a href=\"http:\/\/www.pontodoscafes.com.br\/blog\/wp-content\/uploads\/2019\/08\/caf\u00e9-frances.jpg\"><img loading=\"lazy\" class=\"wp-image-1265 aligncenter\" src=\"http:\/\/www.pontodoscafes.com.br\/blog\/wp-content\/uploads\/2019\/08\/caf\u00e9-frances.jpg\" alt=\"\" width=\"544\" height=\"346\" srcset=\"https:\/\/www.pontodoscafes.com.br\/blog\/wp-content\/uploads\/2019\/08\/caf\u00e9-frances.jpg 590w, https:\/\/www.pontodoscafes.com.br\/blog\/wp-content\/uploads\/2019\/08\/caf\u00e9-frances-300x191.jpg 300w\" sizes=\"(max-width: 544px) 100vw, 544px\" \/><\/a><\/p>\n<h2><strong>Caf\u00e9 grego <\/strong><\/h2>\n<p>O frapp\u00e9 deve ser apreciado. A mistura cont\u00e9m caf\u00e9 instant\u00e2neo, leite evaporado e \u00e1gua fria. Nada melhor do que degustar o seu frapp\u00e9 de frente para o mar, na Gr\u00e9cia.<\/p>\n<p><a href=\"http:\/\/www.pontodoscafes.com.br\/blog\/wp-content\/uploads\/2019\/08\/download.jpg\"><img loading=\"lazy\" class=\"wp-image-1273 aligncenter\" src=\"http:\/\/www.pontodoscafes.com.br\/blog\/wp-content\/uploads\/2019\/08\/download-768x1024.jpg\" alt=\"\" width=\"432\" height=\"576\" srcset=\"https:\/\/www.pontodoscafes.com.br\/blog\/wp-content\/uploads\/2019\/08\/download-768x1024.jpg 768w, https:\/\/www.pontodoscafes.com.br\/blog\/wp-content\/uploads\/2019\/08\/download-225x300.jpg 225w, https:\/\/www.pontodoscafes.com.br\/blog\/wp-content\/uploads\/2019\/08\/download-750x1000.jpg 750w, https:\/\/www.pontodoscafes.com.br\/blog\/wp-content\/uploads\/2019\/08\/download.jpg 820w\" sizes=\"(max-width: 432px) 100vw, 432px\" \/><\/a><\/p>\n<h2><strong>Caf\u00e9 irland\u00eas<\/strong><\/h2>\n<p>O <em>irish coffee <\/em><em>da Irlanda<\/em> <em>\u00e9 parecido com um coquetel, preparado com caf\u00e9, u\u00edsque irland\u00eas, a\u00e7\u00facar e chantilly. <\/em><\/p>\n<p><a href=\"http:\/\/www.pontodoscafes.com.br\/blog\/wp-content\/uploads\/2019\/08\/irishcoffee.jpg\"><img loading=\"lazy\" class=\"wp-image-1271 aligncenter\" src=\"http:\/\/www.pontodoscafes.com.br\/blog\/wp-content\/uploads\/2019\/08\/irishcoffee.jpg\" alt=\"\" width=\"524\" height=\"295\" srcset=\"https:\/\/www.pontodoscafes.com.br\/blog\/wp-content\/uploads\/2019\/08\/irishcoffee.jpg 832w, https:\/\/www.pontodoscafes.com.br\/blog\/wp-content\/uploads\/2019\/08\/irishcoffee-300x169.jpg 300w, https:\/\/www.pontodoscafes.com.br\/blog\/wp-content\/uploads\/2019\/08\/irishcoffee-768x432.jpg 768w, https:\/\/www.pontodoscafes.com.br\/blog\/wp-content\/uploads\/2019\/08\/irishcoffee-750x422.jpg 750w\" sizes=\"(max-width: 524px) 100vw, 524px\" \/><\/a><\/p>\n<h2><strong>Caf\u00e9 malaio <\/strong><\/h2>\n<p>Na Mal\u00e1sia, o destaque \u00e9 o <em>kopi putih, <\/em><em>o<\/em> caf\u00e9 branco, em no preparo os gr\u00e3os s\u00e3o torrados com margarina e \u00f3leo de palma, servido com leite condensado.<\/p>\n<p><a href=\"http:\/\/www.pontodoscafes.com.br\/blog\/wp-content\/uploads\/2019\/08\/caf\u00e9-malaio.jpg\"><img loading=\"lazy\" class=\"wp-image-1266 aligncenter\" src=\"http:\/\/www.pontodoscafes.com.br\/blog\/wp-content\/uploads\/2019\/08\/caf\u00e9-malaio.jpg\" alt=\"\" width=\"542\" height=\"361\" srcset=\"https:\/\/www.pontodoscafes.com.br\/blog\/wp-content\/uploads\/2019\/08\/caf\u00e9-malaio.jpg 800w, https:\/\/www.pontodoscafes.com.br\/blog\/wp-content\/uploads\/2019\/08\/caf\u00e9-malaio-300x200.jpg 300w, https:\/\/www.pontodoscafes.com.br\/blog\/wp-content\/uploads\/2019\/08\/caf\u00e9-malaio-768x512.jpg 768w, https:\/\/www.pontodoscafes.com.br\/blog\/wp-content\/uploads\/2019\/08\/caf\u00e9-malaio-750x500.jpg 750w\" sizes=\"(max-width: 542px) 100vw, 542px\" \/><\/a><\/p>\n<h2><strong>Caf\u00e9 marroquino<\/strong><\/h2>\n<p>Terra rica em especiarias, na mistura do caf\u00e9 n\u00e3o poderia ser diferente. \u00c9 comum usar pimenta preta na bebida e at\u00e9 outros condimentos como canela, cravo, cardamomo, gengibre ou noz-moscada no Marrocos.<\/p>\n<p><a href=\"http:\/\/www.pontodoscafes.com.br\/blog\/wp-content\/uploads\/2019\/08\/caf\u00e9-marroquino.jpeg\"><img loading=\"lazy\" class=\"wp-image-1263 aligncenter\" src=\"http:\/\/www.pontodoscafes.com.br\/blog\/wp-content\/uploads\/2019\/08\/caf\u00e9-marroquino.jpeg\" alt=\"\" width=\"551\" height=\"366\" srcset=\"https:\/\/www.pontodoscafes.com.br\/blog\/wp-content\/uploads\/2019\/08\/caf\u00e9-marroquino.jpeg 690w, https:\/\/www.pontodoscafes.com.br\/blog\/wp-content\/uploads\/2019\/08\/caf\u00e9-marroquino-300x199.jpeg 300w\" sizes=\"(max-width: 551px) 100vw, 551px\" \/><\/a><\/p>\n<h2><strong>Caf\u00e9 mexicano <\/strong><\/h2>\n<p>O <em>cafe de olla<\/em> do M\u00e9xico \u00e9 composto de caf\u00e9 preto, mela\u00e7o e paus de canela em panelas de barro.<\/p>\n<p><a href=\"http:\/\/www.pontodoscafes.com.br\/blog\/wp-content\/uploads\/2019\/08\/cafe-de-olla.jpg\"><img loading=\"lazy\" class=\"wp-image-1267 aligncenter\" src=\"http:\/\/www.pontodoscafes.com.br\/blog\/wp-content\/uploads\/2019\/08\/cafe-de-olla.jpg\" alt=\"\" width=\"555\" height=\"416\" srcset=\"https:\/\/www.pontodoscafes.com.br\/blog\/wp-content\/uploads\/2019\/08\/cafe-de-olla.jpg 688w, https:\/\/www.pontodoscafes.com.br\/blog\/wp-content\/uploads\/2019\/08\/cafe-de-olla-300x225.jpg 300w\" sizes=\"(max-width: 555px) 100vw, 555px\" \/><\/a><\/p>\n<h2><strong>Caf\u00e9 turco <\/strong><\/h2>\n<p>Na Turquia o preparo tradicional \u00e9 a partir do caf\u00e9 mo\u00eddo misturado em \u00e1gua fervente. Servido em uma panela de cobre, \u00e9 mais concentrado.<\/p>\n<p><a href=\"http:\/\/www.pontodoscafes.com.br\/blog\/wp-content\/uploads\/2019\/08\/Caf\u00e9-turco.jpeg\"><img loading=\"lazy\" class=\"wp-image-1268 aligncenter\" src=\"http:\/\/www.pontodoscafes.com.br\/blog\/wp-content\/uploads\/2019\/08\/Caf\u00e9-turco-1024x683.jpeg\" alt=\"\" width=\"564\" height=\"376\" srcset=\"https:\/\/www.pontodoscafes.com.br\/blog\/wp-content\/uploads\/2019\/08\/Caf\u00e9-turco-1024x683.jpeg 1024w, https:\/\/www.pontodoscafes.com.br\/blog\/wp-content\/uploads\/2019\/08\/Caf\u00e9-turco-300x200.jpeg 300w, https:\/\/www.pontodoscafes.com.br\/blog\/wp-content\/uploads\/2019\/08\/Caf\u00e9-turco-768x512.jpeg 768w, https:\/\/www.pontodoscafes.com.br\/blog\/wp-content\/uploads\/2019\/08\/Caf\u00e9-turco-750x500.jpeg 750w\" sizes=\"(max-width: 564px) 100vw, 564px\" \/><\/a><\/p>\n<h2><strong>Caf\u00e9 italiano<\/strong><\/h2>\n<p>O caf\u00e9 <em>espresso<\/em> feito na <a href=\"https:\/\/www.nostrali.com.br\/\">It\u00e1lia<\/a> \u00e9 um dos mais simples e deliciosos do mundo. A torrefa\u00e7\u00e3o dos gr\u00e3os <a href=\"https:\/\/www.nostrali.com.br\/\">italianos<\/a> \u00e9 o que garante o aroma e sabor desse tipo de caf\u00e9.<\/p>\n<p><a href=\"http:\/\/www.pontodoscafes.com.br\/blog\/wp-content\/uploads\/2020\/04\/close-up-of-woman-holding-coffee-cup-at-cafe-312420.jpg\"><img loading=\"lazy\" class=\"wp-image-1370 aligncenter\" src=\"http:\/\/www.pontodoscafes.com.br\/blog\/wp-content\/uploads\/2020\/04\/close-up-of-woman-holding-coffee-cup-at-cafe-312420.jpg\" alt=\"\" width=\"631\" height=\"421\" srcset=\"https:\/\/www.pontodoscafes.com.br\/blog\/wp-content\/uploads\/2020\/04\/close-up-of-woman-holding-coffee-cup-at-cafe-312420.jpg 5840w, https:\/\/www.pontodoscafes.com.br\/blog\/wp-content\/uploads\/2020\/04\/close-up-of-woman-holding-coffee-cup-at-cafe-312420-300x200.jpg 300w, https:\/\/www.pontodoscafes.com.br\/blog\/wp-content\/uploads\/2020\/04\/close-up-of-woman-holding-coffee-cup-at-cafe-312420-768x513.jpg 768w, https:\/\/www.pontodoscafes.com.br\/blog\/wp-content\/uploads\/2020\/04\/close-up-of-woman-holding-coffee-cup-at-cafe-312420-1024x684.jpg 1024w, https:\/\/www.pontodoscafes.com.br\/blog\/wp-content\/uploads\/2020\/04\/close-up-of-woman-holding-coffee-cup-at-cafe-312420-750x501.jpg 750w\" sizes=\"(max-width: 631px) 100vw, 631px\" \/><\/a><\/p>\n<h2><strong>Caf\u00e9 vietnamita<\/strong><\/h2>\n<p>No Vietn\u00e3 o <em>C\u00e0 PHE Trung<\/em> \u00e9 uma mistura de caf\u00e9 fresco, gema de ovo e leite condensado.<\/p>\n<p><a href=\"http:\/\/www.pontodoscafes.com.br\/blog\/wp-content\/uploads\/2019\/08\/cafe-tr-ng-mon-d-c-s.jpg\"><img loading=\"lazy\" class=\"size-full wp-image-1270 aligncenter\" src=\"http:\/\/www.pontodoscafes.com.br\/blog\/wp-content\/uploads\/2019\/08\/cafe-tr-ng-mon-d-c-s.jpg\" alt=\"\" width=\"300\" height=\"450\" srcset=\"https:\/\/www.pontodoscafes.com.br\/blog\/wp-content\/uploads\/2019\/08\/cafe-tr-ng-mon-d-c-s.jpg 300w, https:\/\/www.pontodoscafes.com.br\/blog\/wp-content\/uploads\/2019\/08\/cafe-tr-ng-mon-d-c-s-200x300.jpg 200w\" sizes=\"(max-width: 300px) 100vw, 300px\" \/><\/a><\/p>\n<p>Bateu aquela vontade de fazer uma viagem s\u00f3 para experimentar um destes caf\u00e9s, n\u00e9?<\/p>\n<p>Qual destes lugares voc\u00ea gostaria de conhecer? Qual caf\u00e9 iria tomar primeiro?<\/p>\n<p>A dica \u00e9 tentar fazer alguns destes preparos em casa.<\/p>\n<p>Conhe\u00e7a mais sobre n\u00f3s do <a href=\"http:\/\/www.pontodoscafes.com.br\/\">Ponto dos Caf\u00e9s<\/a>.<\/p>\n","protected":false},"excerpt":{"rendered":"<p>Fazer uma viagem pode nos levar a conhecer n\u00e3o s\u00f3 lugares e pessoas diferentes, mas tamb\u00e9m sabores que surpreendem. Independente do lugar em que se est\u00e1, \u00e9 quase imposs\u00edvel n\u00e3o [&hellip;]<\/p>\n","protected":false},"author":1,"featured_media":1300,"comment_status":"open","ping_status":"open","sticky":false,"template":"","format":"standard","meta":[],"categories":[1,262],"tags":[16,325,326,71,324],"aioseo_notices":[],"_links":{"self":[{"href":"https:\/\/www.pontodoscafes.com.br\/blog\/wp-json\/wp\/v2\/posts\/1261"}],"collection":[{"href":"https:\/\/www.pontodoscafes.com.br\/blog\/wp-json\/wp\/v2\/posts"}],"about":[{"href":"https:\/\/www.pontodoscafes.com.br\/blog\/wp-json\/wp\/v2\/types\/post"}],"author":[{"embeddable":true,"href":"https:\/\/www.pontodoscafes.com.br\/blog\/wp-json\/wp\/v2\/users\/1"}],"replies":[{"embeddable":true,"href":"https:\/\/www.pontodoscafes.com.br\/blog\/wp-json\/wp\/v2\/comments?post=1261"}],"version-history":[{"count":8,"href":"https:\/\/www.pontodoscafes.com.br\/blog\/wp-json\/wp\/v2\/posts\/1261\/revisions"}],"predecessor-version":[{"id":1484,"href":"https:\/\/www.pontodoscafes.com.br\/blog\/wp-json\/wp\/v2\/posts\/1261\/revisions\/1484"}],"wp:featuredmedia":[{"embeddable":true,"href":"https:\/\/www.pontodoscafes.com.br\/blog\/wp-json\/wp\/v2\/media\/1300"}],"wp:attachment":[{"href":"https:\/\/www.pontodoscafes.com.br\/blog\/wp-json\/wp\/v2\/media?parent=1261"}],"wp:term":[{"taxonomy":"category","embeddable":true,"href":"https:\/\/www.pontodoscafes.com.br\/blog\/wp-json\/wp\/v2\/categories?post=1261"},{"taxonomy":"post_tag","embeddable":true,"href":"https:\/\/www.pontodoscafes.com.br\/blog\/wp-json\/wp\/v2\/tags?post=1261"}],"curies":[{"name":"wp","href":"https:\/\/api.w.org\/{rel}","templated":true}]}}