{"id":1303,"date":"2019-09-30T13:50:28","date_gmt":"2019-09-30T13:50:28","guid":{"rendered":"http:\/\/www.pontodoscafes.com.br\/blog\/?p=1303"},"modified":"2021-05-24T16:55:09","modified_gmt":"2021-05-24T16:55:09","slug":"friends-uma-serie-apaixonada-por-cafe","status":"publish","type":"post","link":"https:\/\/www.pontodoscafes.com.br\/blog\/friends-uma-serie-apaixonada-por-cafe\/","title":{"rendered":"Friends: uma s\u00e9rie apaixonada por caf\u00e9"},"content":{"rendered":"<p><a href=\"https:\/\/www.pontodoscafes.com.br\/blog\/wp-content\/uploads\/2019\/09\/giphy-1.gif\"><img loading=\"lazy\" class=\"aligncenter wp-image-1314 size-full\" src=\"https:\/\/www.pontodoscafes.com.br\/blog\/wp-content\/uploads\/2019\/09\/giphy-1.gif\" alt=\"\" width=\"480\" height=\"400\" \/><\/a><\/p>\n<p>Oh my God!<\/p>\n<p>A s\u00e9rie mais amada do mundo completou neste m\u00eas 25 anos da exibi\u00e7\u00e3o do seu epis\u00f3dio piloto e n\u00f3s n\u00e3o poder\u00edamos deixar de falar sobre ela. Durante as 10 temporadas, o ponto de encontro mais frequentado por Rachel, Monica, Phoebe, Ross, Chandler e Joey \u00e9 a cafeteria Central Perk.<\/p>\n<p>A prova de que n\u00e3o s\u00f3 a amizade, mas o caf\u00e9 era a desculpa perfeita para os encontros est\u00e1 nos epis\u00f3dios da s\u00e9rie. Os amigos viveram diversas situa\u00e7\u00f5es (muitas delas hil\u00e1rias) no cen\u00e1rio.<\/p>\n<p>Quem nunca sonhou em tomar caf\u00e9 com os amigos no Central Perk?<\/p>\n<p>O logotipo do estabelecimento impresso nos vidros, seu toldo listrado, o m\u00edtico sof\u00e1 laranja e \u00e9 claro, o gerente Gunther tornaram-se uma paix\u00e3o para os f\u00e3s.<\/p>\n<p>Para celebrar o 25\u00ba anivers\u00e1rio da nossa s\u00e9rie favorita, fizemos uma sele\u00e7\u00e3o de alguns dos melhores momentos vividos na cafeteria Central Perk.<\/p>\n<p>&#8211; Aquele em que a Rachel aparece vestida de noiva depois de fugir do seu casamento (01&#215;1)<\/p>\n<p><a href=\"https:\/\/www.pontodoscafes.com.br\/blog\/wp-content\/uploads\/2019\/09\/rachel-1.gif\"><img loading=\"lazy\" class=\"aligncenter wp-image-1304 size-full\" src=\"https:\/\/www.pontodoscafes.com.br\/blog\/wp-content\/uploads\/2019\/09\/rachel-1.gif\" alt=\"\" width=\"465\" height=\"209\" \/><\/a><\/p>\n<p>&#8211; Quando os seis amigos cantam \u201cThe Odd Couple\u201d (01&#215;12)<\/p>\n<p><a href=\"https:\/\/www.pontodoscafes.com.br\/blog\/wp-content\/uploads\/2019\/09\/2.jpg\"><img loading=\"lazy\" class=\"aligncenter wp-image-1305 size-full\" src=\"https:\/\/www.pontodoscafes.com.br\/blog\/wp-content\/uploads\/2019\/09\/2.jpg\" alt=\"\" width=\"1280\" height=\"720\" srcset=\"https:\/\/www.pontodoscafes.com.br\/blog\/wp-content\/uploads\/2019\/09\/2.jpg 1280w, https:\/\/www.pontodoscafes.com.br\/blog\/wp-content\/uploads\/2019\/09\/2-300x169.jpg 300w, https:\/\/www.pontodoscafes.com.br\/blog\/wp-content\/uploads\/2019\/09\/2-768x432.jpg 768w, https:\/\/www.pontodoscafes.com.br\/blog\/wp-content\/uploads\/2019\/09\/2-1024x576.jpg 1024w, https:\/\/www.pontodoscafes.com.br\/blog\/wp-content\/uploads\/2019\/09\/2-750x422.jpg 750w\" sizes=\"(max-width: 1280px) 100vw, 1280px\" \/><\/a><\/p>\n<p>&#8211; O primeiro beijo do Ross e da Rachel (02&#215;07)<\/p>\n<p><a href=\"https:\/\/www.pontodoscafes.com.br\/blog\/wp-content\/uploads\/2019\/09\/primeiro-beijo-ross-e-rachel.gif\"><img loading=\"lazy\" class=\"aligncenter wp-image-1306 size-full\" src=\"https:\/\/www.pontodoscafes.com.br\/blog\/wp-content\/uploads\/2019\/09\/primeiro-beijo-ross-e-rachel.gif\" alt=\"\" width=\"500\" height=\"232\" \/><\/a><\/p>\n<p>&#8211; Quando todos cantam \u201cSmelly Cat\u201d (02&#215;17)<\/p>\n<p><a href=\"https:\/\/www.pontodoscafes.com.br\/blog\/wp-content\/uploads\/2019\/09\/3.gif\"><img loading=\"lazy\" class=\"aligncenter wp-image-1307 size-full\" src=\"https:\/\/www.pontodoscafes.com.br\/blog\/wp-content\/uploads\/2019\/09\/3.gif\" alt=\"\" width=\"365\" height=\"208\" \/><\/a><\/p>\n<p>&#8211; Quando o Ross fez clareamento nos dentes (06&#215;08)<\/p>\n<p><a href=\"https:\/\/www.pontodoscafes.com.br\/blog\/wp-content\/uploads\/2019\/09\/giphy.gif\"><img loading=\"lazy\" class=\"aligncenter wp-image-1308 size-full\" src=\"https:\/\/www.pontodoscafes.com.br\/blog\/wp-content\/uploads\/2019\/09\/giphy.gif\" alt=\"\" width=\"480\" height=\"400\" \/><\/a><\/p>\n<p>&#8211; Ross ensinando o \u201cUnagui\u201d para a Phoebe e a Rachel (06&#215;17)<\/p>\n<p><a href=\"https:\/\/www.pontodoscafes.com.br\/blog\/wp-content\/uploads\/2019\/09\/5.gif\"><img loading=\"lazy\" class=\"aligncenter wp-image-1309 size-full\" src=\"https:\/\/www.pontodoscafes.com.br\/blog\/wp-content\/uploads\/2019\/09\/5.gif\" alt=\"\" width=\"480\" height=\"400\" \/><\/a><\/p>\n<p>&#8211; Quando a Rachel n\u00e3o aguenta mais esperar pelo nascimento da Emma (08&#215;22)<\/p>\n<p><a href=\"https:\/\/www.pontodoscafes.com.br\/blog\/wp-content\/uploads\/2019\/09\/ShowyBowedFawn-size_restricted.gif\"><img loading=\"lazy\" class=\"aligncenter wp-image-1310 size-full\" src=\"https:\/\/www.pontodoscafes.com.br\/blog\/wp-content\/uploads\/2019\/09\/ShowyBowedFawn-size_restricted.gif\" alt=\"\" width=\"580\" height=\"326\" \/><\/a><\/p>\n<p>&#8211; \u00a0&#8220;Joey doesn&#8217;t share food&#8221;. (10&#215;09)<\/p>\n<p><a href=\"https:\/\/www.pontodoscafes.com.br\/blog\/wp-content\/uploads\/2019\/09\/6.gif\"><img loading=\"lazy\" class=\"aligncenter wp-image-1311 size-full\" src=\"https:\/\/www.pontodoscafes.com.br\/blog\/wp-content\/uploads\/2019\/09\/6.gif\" alt=\"\" width=\"400\" height=\"225\" \/><\/a><\/p>\n<p>&#8211; A organiza\u00e7\u00e3o do casamento da Phoebe (10&#215;12)<\/p>\n<p><a href=\"https:\/\/www.pontodoscafes.com.br\/blog\/wp-content\/uploads\/2019\/09\/DSC_0232_s10.jpg\"><img loading=\"lazy\" class=\"aligncenter wp-image-1312 size-full\" src=\"https:\/\/www.pontodoscafes.com.br\/blog\/wp-content\/uploads\/2019\/09\/DSC_0232_s10.jpg\" alt=\"\" width=\"659\" height=\"429\" srcset=\"https:\/\/www.pontodoscafes.com.br\/blog\/wp-content\/uploads\/2019\/09\/DSC_0232_s10.jpg 659w, https:\/\/www.pontodoscafes.com.br\/blog\/wp-content\/uploads\/2019\/09\/DSC_0232_s10-300x195.jpg 300w\" sizes=\"(max-width: 659px) 100vw, 659px\" \/><\/a><\/p>\n<p>&#8211; Joey falando franc\u00eas com a Phoebe (10&#215;13)<\/p>\n<p><a href=\"https:\/\/www.pontodoscafes.com.br\/blog\/wp-content\/uploads\/2019\/09\/7.gif\"><img loading=\"lazy\" class=\"aligncenter wp-image-1313 size-full\" src=\"https:\/\/www.pontodoscafes.com.br\/blog\/wp-content\/uploads\/2019\/09\/7.gif\" alt=\"\" width=\"245\" height=\"184\" \/><\/a><\/p>\n<p>Pra voc\u00ea, qual foi o momento mais marcante vivido pelos amigos na cafeteria?<br \/>\nQue tal tomar um bom caf\u00e9 ao som de I\u2019ll be there for you?<\/p>\n","protected":false},"excerpt":{"rendered":"<p>Oh my God! A s\u00e9rie mais amada do mundo completou neste m\u00eas 25 anos da exibi\u00e7\u00e3o do seu epis\u00f3dio piloto e n\u00f3s n\u00e3o poder\u00edamos deixar de falar sobre ela. Durante [&hellip;]<\/p>\n","protected":false},"author":1,"featured_media":1316,"comment_status":"open","ping_status":"open","sticky":false,"template":"","format":"standard","meta":[],"categories":[1],"tags":[16,330,329,327,328,331],"aioseo_notices":[],"_links":{"self":[{"href":"https:\/\/www.pontodoscafes.com.br\/blog\/wp-json\/wp\/v2\/posts\/1303"}],"collection":[{"href":"https:\/\/www.pontodoscafes.com.br\/blog\/wp-json\/wp\/v2\/posts"}],"about":[{"href":"https:\/\/www.pontodoscafes.com.br\/blog\/wp-json\/wp\/v2\/types\/post"}],"author":[{"embeddable":true,"href":"https:\/\/www.pontodoscafes.com.br\/blog\/wp-json\/wp\/v2\/users\/1"}],"replies":[{"embeddable":true,"href":"https:\/\/www.pontodoscafes.com.br\/blog\/wp-json\/wp\/v2\/comments?post=1303"}],"version-history":[{"count":2,"href":"https:\/\/www.pontodoscafes.com.br\/blog\/wp-json\/wp\/v2\/posts\/1303\/revisions"}],"predecessor-version":[{"id":1600,"href":"https:\/\/www.pontodoscafes.com.br\/blog\/wp-json\/wp\/v2\/posts\/1303\/revisions\/1600"}],"wp:featuredmedia":[{"embeddable":true,"href":"https:\/\/www.pontodoscafes.com.br\/blog\/wp-json\/wp\/v2\/media\/1316"}],"wp:attachment":[{"href":"https:\/\/www.pontodoscafes.com.br\/blog\/wp-json\/wp\/v2\/media?parent=1303"}],"wp:term":[{"taxonomy":"category","embeddable":true,"href":"https:\/\/www.pontodoscafes.com.br\/blog\/wp-json\/wp\/v2\/categories?post=1303"},{"taxonomy":"post_tag","embeddable":true,"href":"https:\/\/www.pontodoscafes.com.br\/blog\/wp-json\/wp\/v2\/tags?post=1303"}],"curies":[{"name":"wp","href":"https:\/\/api.w.org\/{rel}","templated":true}]}}