{"id":1356,"date":"2020-03-06T19:26:19","date_gmt":"2020-03-06T19:26:19","guid":{"rendered":"http:\/\/www.pontodoscafes.com.br\/blog\/?p=1356"},"modified":"2021-04-06T19:38:39","modified_gmt":"2021-04-06T19:38:39","slug":"conheca-os-7-principais-beneficios-do-cafe-para-a-saude","status":"publish","type":"post","link":"https:\/\/www.pontodoscafes.com.br\/blog\/conheca-os-7-principais-beneficios-do-cafe-para-a-saude\/","title":{"rendered":"Conhe\u00e7a os 7 principais benef\u00edcios do caf\u00e9 para a sa\u00fade!"},"content":{"rendered":"\n<p>Conhece os benef\u00edcios do caf\u00e9 para a sa\u00fade? N\u00e3o?! Ent\u00e3o continue lendo para entender como essa bebida milagrosa pode te ajudar na preven\u00e7\u00e3o de diversas doen\u00e7as! <\/p>\n\n\n\n<p>Que o caf\u00e9 \u00e9 uma das bebidas mais populares entre os\nbrasileiros, isso j\u00e1 sabemos. Mas voc\u00ea sabia que al\u00e9m de ser um energ\u00e9tico\nnatural, o caf\u00e9 tamb\u00e9m pode ser um grande aliado na preven\u00e7\u00e3o de doen\u00e7as? <\/p>\n\n\n\n<p>Pois \u00e9! Os benef\u00edcios do caf\u00e9 n\u00e3o est\u00e3o ligados apenas ao\n\u00f3timo sabor e energia, mas tamb\u00e9m a diversos fatores que contribuem para nossa\nsa\u00fade.<\/p>\n\n\n\n<p>Se voc\u00ea quer saber quais s\u00e3o os benef\u00edcios do caf\u00e9 para a\nsa\u00fade, continue lendo que vamos te contar! <\/p>\n\n\n\n<h2><strong>1. Acelera o\nMetabolismo<\/strong><\/h2>\n\n\n\n<p>Tomar um cafezinho depois das refei\u00e7\u00f5es \u00e9 quase que um\nritual para muitas pessoas. <\/p>\n\n\n\n<p>Isso porque o caf\u00e9 estimula a digest\u00e3o, acelerando a queima\nde gorduras no corpo e movimentando o sistema gastrointestinal. <\/p>\n\n\n\n<p>Ao ingerir de duas a quatro x\u00edcaras pequenas de caf\u00e9 por dia\nvoc\u00ea estar\u00e1 melhorando o seu metabolismo e, de quebra, deixando o seu intestino\nmais regulado! <\/p>\n\n\n\n<h2><strong>2. Melhora a Mem\u00f3ria<\/strong><\/h2>\n\n\n\n<p>De acordo com a <a href=\"https:\/\/www.hopkinsmedicine.org\/news\/stories\/caffeine_memory.html\">pesquisa <\/a>feita pela Universidade Johns Hopkins, localizada nos Estados Unidos, ingerir duas x\u00edcaras de caf\u00e9 por dia pode melhorar significativamente o desempenho da sua mem\u00f3ria a longo prazo.<\/p>\n\n\n\n<p>Os resultados durante a pesquisa comprovaram que os\nvolunt\u00e1rios que consumiram cafe\u00edna conseguiram demonstrar um maior desempenho\nnos testes de mem\u00f3ria, ao contr\u00e1rio dos pacientes que ingeriram placebo. <\/p>\n\n\n\n<h2><strong>3. Ajuda o Cora\u00e7\u00e3o<\/strong><\/h2>\n\n\n\n<p>Sim, o caf\u00e9 pode ser um \u00f3timo aliado na preven\u00e7\u00e3o de doen\u00e7as\ncard\u00edacas! Aposto que por essa voc\u00ea n\u00e3o esperava.<\/p>\n\n\n\n<p>Os compostos presentes no caf\u00e9 agem como antioxidantes no\norganismo, combatendo o colesterol e protegendo as art\u00e9rias.<\/p>\n\n\n\n<p>Al\u00e9m do mais, tomar doses di\u00e1rias de caf\u00e9 pode reduzir em\nat\u00e9 11% os riscos de insufici\u00eancia card\u00edaca, sendo um \u00f3timo estimulante que\nauxilia no bombeamento do sangue.<\/p>\n\n\n\n<h2><strong>4. Evita Problemas\nRespirat\u00f3rios<\/strong><\/h2>\n\n\n\n<p>Outro benef\u00edcio fant\u00e1stico de consumir doses moderadas de\ncaf\u00e9 todos os dias \u00e9 a preven\u00e7\u00e3o de problemas respirat\u00f3rios. <\/p>\n\n\n\n<p>O caf\u00e9 melhora o desempenho pulmonar agindo como um broncodilatador, evitando a fadiga dos pulm\u00f5es e dilatando as vias respirat\u00f3rias.<\/p>\n\n\n\n<p>Para quem possui asma, o consumo de caf\u00e9 \u00e9 um \u00f3timo rem\u00e9dio\nnatural que evita a falta de ar e respira\u00e7\u00e3o ofegante. Incr\u00edvel n\u00e3o \u00e9 mesmo?<\/p>\n\n\n\n<h2><strong>5. Evita Pedra nos\nRins<\/strong><\/h2>\n\n\n\n<p>Al\u00e9m de todos esses benef\u00edcios do caf\u00e9 para a sa\u00fade, essa\nbebida milagrosa tamb\u00e9m tem um papel important\u00edssimo no combate ao c\u00e1lculo\nrenal. <\/p>\n\n\n\n<p>Por conta da sua a\u00e7\u00e3o diur\u00e9tica, ou seja, que estimula a\nlibera\u00e7\u00e3o de fluidos, o caf\u00e9 previne a forma\u00e7\u00e3o de massas s\u00f3lidas no canal\nurin\u00e1rio, evitando pedra nos rins.<\/p>\n\n\n\n<h2><strong>6. Diminui o Risco de\nDepress\u00e3o <\/strong><\/h2>\n\n\n\n<p>Segundo pesquisas, tomar at\u00e9 3 x\u00edcaras de caf\u00e9 por dia pode auxiliar no combate \u00e0 depress\u00e3o. Isso ocorre gra\u00e7as a cafe\u00edna, que atua diretamente nos receptores A2A, bloqueando sua atividade no sistema nervoso.<\/p>\n\n\n\n<p>Essa a\u00e7\u00e3o previne altera\u00e7\u00f5es comportamentais causadas pela\nansiedade e pelo estresse. <\/p>\n\n\n\n<h2><strong>7. Previne o C\u00e2ncer\nde Pele<\/strong><\/h2>\n\n\n\n<p>Chegamos ao \u00faltimo item, mas n\u00e3o menos importante, dos\nbenef\u00edcios do caf\u00e9 para a sa\u00fade, que \u00e9 a preven\u00e7\u00e3o do c\u00e2ncer de pele.<\/p>\n\n\n\n<p>Tomar entre 2 e 3 x\u00edcaras de caf\u00e9 no dia a dia pode reduzir\nem 21% as chances de desenvolver c\u00e2ncer de pele. <\/p>\n\n\n\n<p>Al\u00e9m disso, o caf\u00e9 tamb\u00e9m \u00e9 um importante aliado na\npreven\u00e7\u00e3o de outros canceres, como o de mama, pr\u00f3stata e f\u00edgado! <\/p>\n\n\n\n<p class=\"has-text-color has-very-dark-gray-color\">Agora que voc\u00ea sabe quais s\u00e3o os principais benef\u00edcios do caf\u00e9 para a <a href=\"http:\/\/audizione.com.br\/\" target=\"_blank\" rel=\"noreferrer noopener\" aria-label=\"sa\u00fade (abre numa nova aba)\">sa\u00fade<\/a>, n\u00e3o h\u00e1 com o que se preocupar! Claro, sempre saboreando a sua bebida com modera\u00e7\u00e3o!<\/p>\n\n\n\n<p>Se voc\u00ea gostou do texto n\u00e3o deixe de <strong>compartilhar nas redes sociais<\/strong>!<\/p>\n","protected":false},"excerpt":{"rendered":"<p>Conhece os benef\u00edcios do caf\u00e9 para a sa\u00fade? N\u00e3o?! Ent\u00e3o continue lendo para entender como essa bebida milagrosa pode te ajudar na preven\u00e7\u00e3o de diversas doen\u00e7as! Que o caf\u00e9 \u00e9 [&hellip;]<\/p>\n","protected":false},"author":1,"featured_media":1358,"comment_status":"open","ping_status":"open","sticky":false,"template":"","format":"standard","meta":[],"categories":[1],"tags":[],"aioseo_notices":[],"_links":{"self":[{"href":"https:\/\/www.pontodoscafes.com.br\/blog\/wp-json\/wp\/v2\/posts\/1356"}],"collection":[{"href":"https:\/\/www.pontodoscafes.com.br\/blog\/wp-json\/wp\/v2\/posts"}],"about":[{"href":"https:\/\/www.pontodoscafes.com.br\/blog\/wp-json\/wp\/v2\/types\/post"}],"author":[{"embeddable":true,"href":"https:\/\/www.pontodoscafes.com.br\/blog\/wp-json\/wp\/v2\/users\/1"}],"replies":[{"embeddable":true,"href":"https:\/\/www.pontodoscafes.com.br\/blog\/wp-json\/wp\/v2\/comments?post=1356"}],"version-history":[{"count":2,"href":"https:\/\/www.pontodoscafes.com.br\/blog\/wp-json\/wp\/v2\/posts\/1356\/revisions"}],"predecessor-version":[{"id":1482,"href":"https:\/\/www.pontodoscafes.com.br\/blog\/wp-json\/wp\/v2\/posts\/1356\/revisions\/1482"}],"wp:featuredmedia":[{"embeddable":true,"href":"https:\/\/www.pontodoscafes.com.br\/blog\/wp-json\/wp\/v2\/media\/1358"}],"wp:attachment":[{"href":"https:\/\/www.pontodoscafes.com.br\/blog\/wp-json\/wp\/v2\/media?parent=1356"}],"wp:term":[{"taxonomy":"category","embeddable":true,"href":"https:\/\/www.pontodoscafes.com.br\/blog\/wp-json\/wp\/v2\/categories?post=1356"},{"taxonomy":"post_tag","embeddable":true,"href":"https:\/\/www.pontodoscafes.com.br\/blog\/wp-json\/wp\/v2\/tags?post=1356"}],"curies":[{"name":"wp","href":"https:\/\/api.w.org\/{rel}","templated":true}]}}