{"id":1377,"date":"2020-04-20T17:54:21","date_gmt":"2020-04-20T17:54:21","guid":{"rendered":"http:\/\/www.pontodoscafes.com.br\/blog\/?p=1377"},"modified":"2021-05-24T16:52:11","modified_gmt":"2021-05-24T16:52:11","slug":"descubra-qual-o-cafe-que-mais-combina-com-voce","status":"publish","type":"post","link":"https:\/\/www.pontodoscafes.com.br\/blog\/descubra-qual-o-cafe-que-mais-combina-com-voce\/","title":{"rendered":"Descubra qual o caf\u00e9 que mais combina com voc\u00ea!"},"content":{"rendered":"\n<p>O tipo de\ncaf\u00e9 que mais combina com voc\u00ea pode ser aquele que voc\u00ea nunca imaginou\nexperimentar antes, afinal, nos acostumamos em tomar sempre aquele mesmo\ncafezinho durante o dia e raramente nos propomos a tentar algo novo, n\u00e3o \u00e9\nmesmo?<\/p>\n\n\n\n<p>Assim como\nn\u00f3s, cada caf\u00e9 tem suas pr\u00f3prias caracter\u00edsticas e peculiaridades. Continue\nlendo para descobrir qual o tipo ideal de caf\u00e9 de acordo com a sua\npersonalidade!<\/p>\n\n\n\n<h2>Rom\u00e2ntico <\/h2>\n\n\n\n<figure class=\"wp-block-image\"><img loading=\"lazy\" width=\"1024\" height=\"683\" src=\"https:\/\/www.pontodoscafes.com.br\/blog\/wp-content\/uploads\/2020\/04\/close-up-photography-of-cappucino-851553-1024x683.jpg\" alt=\"\" class=\"wp-image-1379\" srcset=\"https:\/\/www.pontodoscafes.com.br\/blog\/wp-content\/uploads\/2020\/04\/close-up-photography-of-cappucino-851553-1024x683.jpg 1024w, https:\/\/www.pontodoscafes.com.br\/blog\/wp-content\/uploads\/2020\/04\/close-up-photography-of-cappucino-851553-300x200.jpg 300w, https:\/\/www.pontodoscafes.com.br\/blog\/wp-content\/uploads\/2020\/04\/close-up-photography-of-cappucino-851553-768x512.jpg 768w, https:\/\/www.pontodoscafes.com.br\/blog\/wp-content\/uploads\/2020\/04\/close-up-photography-of-cappucino-851553-750x500.jpg 750w\" sizes=\"(max-width: 1024px) 100vw, 1024px\" \/><\/figure>\n\n\n\n<p>Pessoas rom\u00e2nticas e sens\u00edveis t\u00eam o costume de ver a vida de forma mais leve e doce. E, por falar em doce, se voc\u00ea \u00e9 do tipo rom\u00e2ntico o <a href=\"http:\/\/www.pontodoscafes.com.br\/insumos\/Cappuccino\/6\">capuccino <\/a>\u00e9 sem d\u00favidas o caf\u00e9 que mais combina com voc\u00ea! <\/p>\n\n\n\n<p>O capuccino\nse destaca n\u00e3o somente pelo seu aroma delicioso, mas tamb\u00e9m pelo sabor marcante\ne adocicado. Al\u00e9m disso, existem in\u00fameras op\u00e7\u00f5es dispon\u00edveis no mercado para\nvoc\u00ea escolher a que mais lhe agrada. Entre elas est\u00e3o o capuccino de canela,\nbaunilha, doce de leite e at\u00e9 de avel\u00e3.<\/p>\n\n\n\n<h2>Tradicional<\/h2>\n\n\n\n<figure class=\"wp-block-image\"><img loading=\"lazy\" width=\"1024\" height=\"597\" src=\"https:\/\/www.pontodoscafes.com.br\/blog\/wp-content\/uploads\/2020\/04\/a-man-in-black-suit-drinking-coffee-during-daylight-3760060-1024x597.jpg\" alt=\"\" class=\"wp-image-1380\" srcset=\"https:\/\/www.pontodoscafes.com.br\/blog\/wp-content\/uploads\/2020\/04\/a-man-in-black-suit-drinking-coffee-during-daylight-3760060-1024x597.jpg 1024w, https:\/\/www.pontodoscafes.com.br\/blog\/wp-content\/uploads\/2020\/04\/a-man-in-black-suit-drinking-coffee-during-daylight-3760060-300x175.jpg 300w, https:\/\/www.pontodoscafes.com.br\/blog\/wp-content\/uploads\/2020\/04\/a-man-in-black-suit-drinking-coffee-during-daylight-3760060-768x448.jpg 768w, https:\/\/www.pontodoscafes.com.br\/blog\/wp-content\/uploads\/2020\/04\/a-man-in-black-suit-drinking-coffee-during-daylight-3760060-750x437.jpg 750w\" sizes=\"(max-width: 1024px) 100vw, 1024px\" \/><\/figure>\n\n\n\n<p>O estilo\ncl\u00e1ssico e tradicional nunca sai de moda, assim como caf\u00e9 expresso, perfeito\npara qualquer hora do dia! <\/p>\n\n\n\n<p>Este tipo de caf\u00e9 foi desenvolvido no in\u00edcio do s\u00e9culo 20 na <a href=\"https:\/\/nostrali.com.br\/\" target=\"_blank\" rel=\"noreferrer noopener\" aria-label=\" (abre numa nova aba)\">It\u00e1lia <\/a>e, apesar de haver varia\u00e7\u00f5es desse caf\u00e9 em cada lugar do mundo, ele ainda \u00e9 o preferido de milhares de pessoas por conta da sua intensidade e aroma marcantes.<\/p>\n\n\n\n<h2>Aventureiro <\/h2>\n\n\n\n<figure class=\"wp-block-image\"><a href=\"http:\/\/www.pontodoscafes.com.br\/blog\/cafes-gelados\/\" target=\"_blank\" rel=\"noreferrer noopener\"><img loading=\"lazy\" width=\"1024\" height=\"683\" src=\"https:\/\/www.pontodoscafes.com.br\/blog\/wp-content\/uploads\/2020\/04\/shallow-focus-photography-of-clear-glass-cup-1193335-1024x683.jpg\" alt=\"\" class=\"wp-image-1381\" srcset=\"https:\/\/www.pontodoscafes.com.br\/blog\/wp-content\/uploads\/2020\/04\/shallow-focus-photography-of-clear-glass-cup-1193335-1024x683.jpg 1024w, https:\/\/www.pontodoscafes.com.br\/blog\/wp-content\/uploads\/2020\/04\/shallow-focus-photography-of-clear-glass-cup-1193335-300x200.jpg 300w, https:\/\/www.pontodoscafes.com.br\/blog\/wp-content\/uploads\/2020\/04\/shallow-focus-photography-of-clear-glass-cup-1193335-768x512.jpg 768w, https:\/\/www.pontodoscafes.com.br\/blog\/wp-content\/uploads\/2020\/04\/shallow-focus-photography-of-clear-glass-cup-1193335-750x500.jpg 750w\" sizes=\"(max-width: 1024px) 100vw, 1024px\" \/><\/a><\/figure>\n\n\n\n<p>Aventureiros s\u00e3o aqueles que est\u00e3o sempre experimentando coisas novas e, por isso, o caf\u00e9 que mais combina com voc\u00ea pode ser um delicioso <a href=\"http:\/\/www.pontodoscafes.com.br\/blog\/cafes-gelados\/\">caf\u00e9 gelado<\/a>! <\/p>\n\n\n\n<p>Al\u00e9m de ser\numa proposta totalmente diferente, o caf\u00e9 gelado \u00e9 uma \u00f3tima op\u00e7\u00e3o de bebida em\ndias de bastante calor, fazendo com que voc\u00ea n\u00e3o precise dispensar o seu t\u00e3o\namado cafezinho durante o ver\u00e3o.<\/p>\n\n\n\n<h2>Intenso<\/h2>\n\n\n\n<figure class=\"wp-block-image\"><img loading=\"lazy\" width=\"910\" height=\"607\" src=\"https:\/\/www.pontodoscafes.com.br\/blog\/wp-content\/uploads\/2020\/04\/brazil-patos-de-minas-coffe-shop-shop.jpg\" alt=\"\" class=\"wp-image-1382\" srcset=\"https:\/\/www.pontodoscafes.com.br\/blog\/wp-content\/uploads\/2020\/04\/brazil-patos-de-minas-coffe-shop-shop.jpg 910w, https:\/\/www.pontodoscafes.com.br\/blog\/wp-content\/uploads\/2020\/04\/brazil-patos-de-minas-coffe-shop-shop-300x200.jpg 300w, https:\/\/www.pontodoscafes.com.br\/blog\/wp-content\/uploads\/2020\/04\/brazil-patos-de-minas-coffe-shop-shop-768x512.jpg 768w, https:\/\/www.pontodoscafes.com.br\/blog\/wp-content\/uploads\/2020\/04\/brazil-patos-de-minas-coffe-shop-shop-750x500.jpg 750w\" sizes=\"(max-width: 910px) 100vw, 910px\" \/><\/figure>\n\n\n\n<p>Se voc\u00ea\ngosta de viver cada momento intensamente, na hora de tomar aquele cafezinho n\u00e3o\npoderia ser diferente, certo? <\/p>\n\n\n\n<p>O mocaccino\n\u00e9 uma \u00f3tima op\u00e7\u00e3o para pessoas que gostam de saborear um caf\u00e9 intenso e de\npersonalidade! Este tipo de caf\u00e9 \u00e9 composto por uma dose curta de expresso,\nleite vaporizado e peda\u00e7os de chocolate. Uma del\u00edcia n\u00e3o \u00e9 mesmo?&nbsp;&nbsp;&nbsp;&nbsp;&nbsp;&nbsp;&nbsp;&nbsp;&nbsp;&nbsp;&nbsp;&nbsp;&nbsp;&nbsp;&nbsp;&nbsp;&nbsp;&nbsp;&nbsp;&nbsp;&nbsp;&nbsp;&nbsp;&nbsp;&nbsp;&nbsp;&nbsp;&nbsp;&nbsp;&nbsp;&nbsp;&nbsp;&nbsp;&nbsp;&nbsp;&nbsp;&nbsp;&nbsp;&nbsp;&nbsp;&nbsp;&nbsp;&nbsp;&nbsp;&nbsp;&nbsp;&nbsp;&nbsp;&nbsp;&nbsp;&nbsp;&nbsp;&nbsp;&nbsp;&nbsp;&nbsp;&nbsp;&nbsp;&nbsp;&nbsp;&nbsp;&nbsp;&nbsp;&nbsp;&nbsp;&nbsp;&nbsp;&nbsp;&nbsp;&nbsp;&nbsp;&nbsp;&nbsp;&nbsp;&nbsp;&nbsp;&nbsp;&nbsp;\n&nbsp;&nbsp;&nbsp;&nbsp;&nbsp;&nbsp;&nbsp;&nbsp;&nbsp;&nbsp;&nbsp;&nbsp;&nbsp;&nbsp;&nbsp;&nbsp;&nbsp;&nbsp;&nbsp;&nbsp;&nbsp;&nbsp;&nbsp;&nbsp;&nbsp;&nbsp;&nbsp;&nbsp;&nbsp;&nbsp;&nbsp;&nbsp;&nbsp;&nbsp;&nbsp;&nbsp;&nbsp;&nbsp;&nbsp;&nbsp;&nbsp;&nbsp;&nbsp;&nbsp;&nbsp;&nbsp;&nbsp;&nbsp;&nbsp;&nbsp;&nbsp;&nbsp;&nbsp;&nbsp;&nbsp;&nbsp;&nbsp;&nbsp;&nbsp;&nbsp;&nbsp;&nbsp;&nbsp;&nbsp;&nbsp;&nbsp;&nbsp;&nbsp;&nbsp;&nbsp;&nbsp;&nbsp;&nbsp;&nbsp;&nbsp;&nbsp;&nbsp;&nbsp;&nbsp;&nbsp;&nbsp;&nbsp;&nbsp;&nbsp;&nbsp;&nbsp;<\/p>\n\n\n\n<h2>Detalhista<\/h2>\n\n\n\n<figure class=\"wp-block-image\"><img loading=\"lazy\" width=\"1024\" height=\"683\" src=\"https:\/\/www.pontodoscafes.com.br\/blog\/wp-content\/uploads\/2020\/04\/frappucino-on-clear-glass-cup-162947-1024x683.jpg\" alt=\"\" class=\"wp-image-1383\" srcset=\"https:\/\/www.pontodoscafes.com.br\/blog\/wp-content\/uploads\/2020\/04\/frappucino-on-clear-glass-cup-162947-1024x683.jpg 1024w, https:\/\/www.pontodoscafes.com.br\/blog\/wp-content\/uploads\/2020\/04\/frappucino-on-clear-glass-cup-162947-300x200.jpg 300w, https:\/\/www.pontodoscafes.com.br\/blog\/wp-content\/uploads\/2020\/04\/frappucino-on-clear-glass-cup-162947-768x512.jpg 768w, https:\/\/www.pontodoscafes.com.br\/blog\/wp-content\/uploads\/2020\/04\/frappucino-on-clear-glass-cup-162947-750x500.jpg 750w\" sizes=\"(max-width: 1024px) 100vw, 1024px\" \/><\/figure>\n\n\n\n<p>Se voc\u00ea \u00e9 do\ntipo que observa os m\u00ednimos detalhes e gosta de fazer as coisas do seu jeito, o\ntipo de caf\u00e9 que mais combina com voc\u00ea deve ser equilibrado e ao mesmo tempo\nmarcante, assim como o macchiato!<\/p>\n\n\n\n<p>Este tipo de caf\u00e9 \u00e9 bastante tradicional na It\u00e1lia, recebendo este nome por causa da \u201cmancha\u201d que fica na superf\u00edcie do caf\u00e9 devido a adi\u00e7\u00e3o de espuma. Por ser um caf\u00e9 bastante equilibrado ele costuma agradar at\u00e9 os paladares mais exigentes!<\/p>\n\n\n\n<p><strong>E a\u00ed, se identificou com algum tipo de caf\u00e9? Ent\u00e3o n\u00e3o deixe de compartilhar nas redes sociais e continuar acompanhando nosso <a href=\"http:\/\/www.pontodoscafes.com.br\/blog\/\">blog<\/a>!<\/strong><\/p>\n\n\n\n<p>&nbsp;At\u00e9 a pr\u00f3xima!<\/p>\n","protected":false},"excerpt":{"rendered":"<p>O tipo de caf\u00e9 que mais combina com voc\u00ea pode ser aquele que voc\u00ea nunca imaginou experimentar antes, afinal, nos acostumamos em tomar sempre aquele mesmo cafezinho durante o dia [&hellip;]<\/p>\n","protected":false},"author":1,"featured_media":1378,"comment_status":"open","ping_status":"open","sticky":false,"template":"","format":"standard","meta":[],"categories":[262],"tags":[],"aioseo_notices":[],"_links":{"self":[{"href":"https:\/\/www.pontodoscafes.com.br\/blog\/wp-json\/wp\/v2\/posts\/1377"}],"collection":[{"href":"https:\/\/www.pontodoscafes.com.br\/blog\/wp-json\/wp\/v2\/posts"}],"about":[{"href":"https:\/\/www.pontodoscafes.com.br\/blog\/wp-json\/wp\/v2\/types\/post"}],"author":[{"embeddable":true,"href":"https:\/\/www.pontodoscafes.com.br\/blog\/wp-json\/wp\/v2\/users\/1"}],"replies":[{"embeddable":true,"href":"https:\/\/www.pontodoscafes.com.br\/blog\/wp-json\/wp\/v2\/comments?post=1377"}],"version-history":[{"count":5,"href":"https:\/\/www.pontodoscafes.com.br\/blog\/wp-json\/wp\/v2\/posts\/1377\/revisions"}],"predecessor-version":[{"id":1597,"href":"https:\/\/www.pontodoscafes.com.br\/blog\/wp-json\/wp\/v2\/posts\/1377\/revisions\/1597"}],"wp:featuredmedia":[{"embeddable":true,"href":"https:\/\/www.pontodoscafes.com.br\/blog\/wp-json\/wp\/v2\/media\/1378"}],"wp:attachment":[{"href":"https:\/\/www.pontodoscafes.com.br\/blog\/wp-json\/wp\/v2\/media?parent=1377"}],"wp:term":[{"taxonomy":"category","embeddable":true,"href":"https:\/\/www.pontodoscafes.com.br\/blog\/wp-json\/wp\/v2\/categories?post=1377"},{"taxonomy":"post_tag","embeddable":true,"href":"https:\/\/www.pontodoscafes.com.br\/blog\/wp-json\/wp\/v2\/tags?post=1377"}],"curies":[{"name":"wp","href":"https:\/\/api.w.org\/{rel}","templated":true}]}}