{"id":1400,"date":"2020-07-20T18:35:12","date_gmt":"2020-07-20T18:35:12","guid":{"rendered":"http:\/\/www.pontodoscafes.com.br\/blog\/?p=1400"},"modified":"2022-05-31T13:22:35","modified_gmt":"2022-05-31T13:22:35","slug":"perfumes-com-aroma-de-cafe-5-perfumes-deliciosos-para-conhecer","status":"publish","type":"post","link":"https:\/\/www.pontodoscafes.com.br\/blog\/perfumes-com-aroma-de-cafe-5-perfumes-deliciosos-para-conhecer\/","title":{"rendered":"Perfumes com aroma de caf\u00e9: 5 perfumes deliciosos para conhecer!"},"content":{"rendered":"\n<p><strong>Perfumes com <\/strong><a href=\"https:\/\/www.pontodoscafes.com.br\/blog\/aroma-do-cafe-conheca-os-beneficios\/\" title=\"https:\/\/www.pontodoscafes.com.br\/blog\/aroma-do-cafe-conheca-os-beneficios\/\"><strong>aroma de caf\u00e9<\/strong><\/a><strong> s\u00e3o uma \u00f3tima e deliciosa op\u00e7\u00e3o para quem \u00e9 amante dessa bebida t\u00e3o popular.<\/strong><\/p>\n\n\n\n<p>No entanto, apesar da enorme variedade de marcas e estilos de perfumes que levam caf\u00e9, h\u00e1 muitas pessoas que desconhecem essas fragr\u00e2ncias.<\/p>\n\n\n\n<p><em>Voc\u00ea tamb\u00e9m pode se interessar: <\/em><a href=\"https:\/\/www.pontodoscafes.com.br\/blog\/descubra-qual-o-cafe-que-mais-combina-com-voce\/\" title=\"https:\/\/www.pontodoscafes.com.br\/blog\/descubra-qual-o-cafe-que-mais-combina-com-voce\/\"><em>Descubra qual caf\u00e9 combina mais com voc\u00ea<\/em><\/a><\/p>\n\n\n\n<p>Sabendo disso, resolvemos apresentar neste post 5 perfumes com aroma de caf\u00e9 para voc\u00ea se deliciar.<\/p>\n\n\n\n<p>Boa leitura!&nbsp;<br><\/p>\n\n\n\n<h2>AMan Pure coffee &#8211; Mugler<\/h2>\n\n\n\n<figure class=\"wp-block-image is-resized\"><img loading=\"lazy\" src=\"http:\/\/www.pontodoscafes.com.br\/blog\/wp-content\/uploads\/2020\/07\/perfume-amostra-2ml-amen-pure-coffee-thierry-mugler-decant-D_NQ_NP_949809-MLB42278750814_062020-F-1024x851.jpg\" alt=\"\" class=\"wp-image-1408\" width=\"380\" height=\"316\" srcset=\"https:\/\/www.pontodoscafes.com.br\/blog\/wp-content\/uploads\/2020\/07\/perfume-amostra-2ml-amen-pure-coffee-thierry-mugler-decant-D_NQ_NP_949809-MLB42278750814_062020-F-1024x851.jpg 1024w, https:\/\/www.pontodoscafes.com.br\/blog\/wp-content\/uploads\/2020\/07\/perfume-amostra-2ml-amen-pure-coffee-thierry-mugler-decant-D_NQ_NP_949809-MLB42278750814_062020-F-300x249.jpg 300w, https:\/\/www.pontodoscafes.com.br\/blog\/wp-content\/uploads\/2020\/07\/perfume-amostra-2ml-amen-pure-coffee-thierry-mugler-decant-D_NQ_NP_949809-MLB42278750814_062020-F-768x638.jpg 768w, https:\/\/www.pontodoscafes.com.br\/blog\/wp-content\/uploads\/2020\/07\/perfume-amostra-2ml-amen-pure-coffee-thierry-mugler-decant-D_NQ_NP_949809-MLB42278750814_062020-F-750x623.jpg 750w, https:\/\/www.pontodoscafes.com.br\/blog\/wp-content\/uploads\/2020\/07\/perfume-amostra-2ml-amen-pure-coffee-thierry-mugler-decant-D_NQ_NP_949809-MLB42278750814_062020-F.jpg 1092w\" sizes=\"(max-width: 380px) 100vw, 380px\" \/><\/figure>\n\n\n\n<p>Como o pr\u00f3prio nome j\u00e1 diz, o perfume Pure coffee apresenta notas intensas de caf\u00e9, proporcionando uma deliciosa combina\u00e7\u00e3o entre o caf\u00e9 tostado e nuances de chocolate meio amargo.&nbsp;<\/p>\n\n\n\n<p>A fragr\u00e2ncia foi desenvolvida em homenagem ao estilista franc\u00eas Thierry Mugler, que conta com uma linha luxuosa de perfumes com notas de caf\u00e9 e outras especiarias.<\/p>\n\n\n\n<p>Uma del\u00edcia, n\u00e3o \u00e9 mesmo?!<br><\/p>\n\n\n\n<h2>Coffee Man &amp; Woman &#8211; O Botic\u00e1rio<\/h2>\n\n\n\n<p><\/p>\n\n\n\n<figure class=\"wp-block-image is-resized\"><img loading=\"lazy\" src=\"http:\/\/www.pontodoscafes.com.br\/blog\/wp-content\/uploads\/2020\/07\/pasted-image-0-1.png\" alt=\"\" class=\"wp-image-1404\" width=\"604\" height=\"171\" srcset=\"https:\/\/www.pontodoscafes.com.br\/blog\/wp-content\/uploads\/2020\/07\/pasted-image-0-1.png 640w, https:\/\/www.pontodoscafes.com.br\/blog\/wp-content\/uploads\/2020\/07\/pasted-image-0-1-300x85.png 300w\" sizes=\"(max-width: 604px) 100vw, 604px\" \/><\/figure>\n\n\n\n<p><\/p>\n\n\n\n<p>A linha Coffee da marca O Botic\u00e1rio \u00e9 uma das mais conhecidas no Brasil e faz muito sucesso com os amantes de caf\u00e9.<\/p>\n\n\n\n<p>Apesar dos diversos modelos e categorias, todas as fragr\u00e2ncias Coffee possuem notas acentuadas de caf\u00e9, entregando uma experi\u00eancia \u00fanica.<\/p>\n\n\n\n<p>Com toques de baunilha, chocolate, cardamomo e at\u00e9 kiwi na sua composi\u00e7\u00e3o, os perfumes da linha s\u00e3o deliciosos e atendem a todos os gostos.&nbsp;<br><\/p>\n\n\n\n<h2>Black Opium &#8211; Yves Saint Laurent<\/h2>\n\n\n\n<p><\/p>\n\n\n\n<p>Este, sem d\u00favida, \u00e9 um dos perfumes com aroma de caf\u00e9 mais deliciosos da lista.&nbsp;<\/p>\n\n\n\n<p>A fragr\u00e2ncia Black Opium, criada pelo famoso estilista Yves Saint Laurent, cria uma experi\u00eancia totalmente diferente e viciante, entregando notas de caf\u00e9 suaves e, ao mesmo tempo, irresist\u00edveis.<\/p>\n\n\n\n<p>Al\u00e9m de ser um perfume que combina com qualquer ocasi\u00e3o, a combina\u00e7\u00e3o do caf\u00e9 com a baunilha proporciona um aroma doce e leve.<\/p>\n\n\n\n<p>De dar \u00e1gua na boca!&nbsp;<br><\/p>\n\n\n\n<h2>Caf\u00e9-caf\u00e9 &#8211; Black Label&nbsp;<\/h2>\n\n\n\n<p><\/p>\n\n\n\n<p><\/p>\n\n\n\n<p>Entre os perfumes com aroma de caf\u00e9, o Caf\u00e9-caf\u00e9 da marca Black Label se destaca com sua profundidade e notas acentuadas de caf\u00e9 torrado.&nbsp;<\/p>\n\n\n\n<p>Al\u00e9m disso, o seu frasco inovador tamb\u00e9m re\u00fane nuances de madeira de cedro, laranja e conhaque, proporcionando frescor e intensidade.&nbsp;<\/p>\n\n\n\n<p>A linha foi desenvolvida pelo franc\u00eas Pierre Grivory, que procurou fazer um perfume elegante e ideal para todas as ocasi\u00f5es.<br><\/p>\n\n\n\n<h2>Prerogative &#8211; Britney Spears<\/h2>\n\n\n\n<p>A fragr\u00e2ncia inspirada na diva pop Britney Spears tamb\u00e9m n\u00e3o fica para tr\u00e1s quando o assunto \u00e9 perfumes com aroma de caf\u00e9.&nbsp;<\/p>\n\n\n\n<p>O Prerogative conta com com uma combina\u00e7\u00e3o extraordin\u00e1ria de caf\u00e9, a\u00e7afr\u00e3o e pimenta rosa, dando \u00eanfase \u00e0 intensidade do caf\u00e9 e ao doce da pimenta.&nbsp;<\/p>\n\n\n\n<h3>Perfumes com aroma de caf\u00e9 podem ser a op\u00e7\u00e3o ideal para voc\u00ea!<\/h3>\n\n\n\n<p>Agora s\u00f3 falta escolher o seu perfume preferido! Deixe nos coment\u00e1rios qual voc\u00ea mais gostou e compartilhe nas redes sociais.<\/p>\n\n\n\n<p><em>Leia tamb\u00e9m:&nbsp;<\/em><\/p>\n\n\n\n<ul><li><a href=\"https:\/\/www.pontodoscafes.com.br\/blog\/os-tipos-de-cafes-pelo-mundo\/\" title=\"https:\/\/www.pontodoscafes.com.br\/blog\/os-tipos-de-cafes-pelo-mundo\/\"><em>Tipos de caf\u00e9 pelo mundo<\/em><\/a><\/li><li><a href=\"https:\/\/www.pontodoscafes.com.br\/blog\/conheca-5-receitas-salgadas-que-levam-cafe\/\" title=\"https:\/\/www.pontodoscafes.com.br\/blog\/conheca-5-receitas-salgadas-que-levam-cafe\/\"><em>Receitas salgadas que levam caf\u00e9<\/em><\/a><\/li><\/ul>\n\n\n\n<p>Encontre hoje mesmo a m\u00e1quina da Ponto dos Caf\u00e9s mais pr\u00f3xima de voc\u00ea e se delicie com as nossas op\u00e7\u00f5es. <a href=\"https:\/\/www.pontodoscafes.com.br\/insumos\" title=\"https:\/\/www.pontodoscafes.com.br\/insumos\">Clique aqui para conhecer mais produtos acesse nosso site!<\/a><\/p>\n\n\n\n<p><\/p>\n","protected":false},"excerpt":{"rendered":"<p>Perfumes com aroma de caf\u00e9 s\u00e3o \u00f3timas op\u00e7\u00f5es para quem \u00e9 amante dessa bebida t\u00e3o famosa. Confira 5 perfumes que v\u00e3o te deixar com \u00e1gua na boca!<\/p>\n","protected":false},"author":1,"featured_media":1401,"comment_status":"open","ping_status":"open","sticky":false,"template":"","format":"standard","meta":[],"categories":[262],"tags":[],"aioseo_notices":[],"_links":{"self":[{"href":"https:\/\/www.pontodoscafes.com.br\/blog\/wp-json\/wp\/v2\/posts\/1400"}],"collection":[{"href":"https:\/\/www.pontodoscafes.com.br\/blog\/wp-json\/wp\/v2\/posts"}],"about":[{"href":"https:\/\/www.pontodoscafes.com.br\/blog\/wp-json\/wp\/v2\/types\/post"}],"author":[{"embeddable":true,"href":"https:\/\/www.pontodoscafes.com.br\/blog\/wp-json\/wp\/v2\/users\/1"}],"replies":[{"embeddable":true,"href":"https:\/\/www.pontodoscafes.com.br\/blog\/wp-json\/wp\/v2\/comments?post=1400"}],"version-history":[{"count":4,"href":"https:\/\/www.pontodoscafes.com.br\/blog\/wp-json\/wp\/v2\/posts\/1400\/revisions"}],"predecessor-version":[{"id":1708,"href":"https:\/\/www.pontodoscafes.com.br\/blog\/wp-json\/wp\/v2\/posts\/1400\/revisions\/1708"}],"wp:featuredmedia":[{"embeddable":true,"href":"https:\/\/www.pontodoscafes.com.br\/blog\/wp-json\/wp\/v2\/media\/1401"}],"wp:attachment":[{"href":"https:\/\/www.pontodoscafes.com.br\/blog\/wp-json\/wp\/v2\/media?parent=1400"}],"wp:term":[{"taxonomy":"category","embeddable":true,"href":"https:\/\/www.pontodoscafes.com.br\/blog\/wp-json\/wp\/v2\/categories?post=1400"},{"taxonomy":"post_tag","embeddable":true,"href":"https:\/\/www.pontodoscafes.com.br\/blog\/wp-json\/wp\/v2\/tags?post=1400"}],"curies":[{"name":"wp","href":"https:\/\/api.w.org\/{rel}","templated":true}]}}