{"id":1425,"date":"2020-08-10T20:34:21","date_gmt":"2020-08-10T20:34:21","guid":{"rendered":"http:\/\/www.pontodoscafes.com.br\/blog\/?p=1425"},"modified":"2022-12-13T18:56:10","modified_gmt":"2022-12-13T18:56:10","slug":"cafe-soluvel-ou-passado-entenda-as-diferencas","status":"publish","type":"post","link":"https:\/\/www.pontodoscafes.com.br\/blog\/cafe-soluvel-ou-passado-entenda-as-diferencas\/","title":{"rendered":"Caf\u00e9 sol\u00favel ou passado? Entenda as diferen\u00e7as!"},"content":{"rendered":"\n<p><strong>Caf\u00e9 sol\u00favel ou passado? qual \u00e9 a melhor op\u00e7\u00e3o?&nbsp;<\/strong><br><\/p>\n\n\n\n<p>Essa \u00e9 uma pergunta que depende de muitos fatores para ser respondida, mas o principal deles \u00e9 o gosto pessoal.<br><\/p>\n\n\n\n<p>No Brasil, a prefer\u00eancia pelo caf\u00e9 se divide em dois tipos: o sol\u00favel, tamb\u00e9m conhecido como instant\u00e2neo, e o passado.<br><\/p>\n\n\n\n<p><em>Voc\u00ea tamb\u00e9m pode se interessar: <\/em><a href=\"http:\/\/www.pontodoscafes.com.br\/blog\/o-que-vender-no-inverno\/\"><em>O que vender no inverno? Aumente seu <\/em><\/a><em><a href=\"https:\/\/www.pontodoscafes.com.br\/blog\/o-que-vender-no-inverno\/\" title=\"https:\/\/www.pontodoscafes.com.br\/blog\/o-que-vender-no-inverno\/\">faturamento<\/a><\/em><a href=\"http:\/\/www.pontodoscafes.com.br\/blog\/o-que-vender-no-inverno\/\"><em>!<\/em><\/a><br><\/p>\n\n\n\n<p>Apesar do sabor e modo de preparo serem distintos, muitas pessoas n\u00e3o sabem o que realmente muda de um caf\u00e9 para o outro.&nbsp;<br><\/p>\n\n\n\n<p>Por isso, vamos explicar as principais diferen\u00e7as entre o caf\u00e9 sol\u00favel e o passado e os benef\u00edcios de cada um. Boa leitura!<br><\/p>\n\n\n\n<h2>Caf\u00e9 Sol\u00favel ou Passado: Principais diferen\u00e7as<\/h2>\n\n\n\n<p>Embora os dois tipos de caf\u00e9 sejam bastante populares entre os brasileiros, existem algumas diferen\u00e7as quanto ao preparo, sabor e at\u00e9 mesmo suas origens:<\/p>\n\n\n\n<p><\/p>\n\n\n\n<h2>Caf\u00e9 Sol\u00favel<\/h2>\n\n\n\n<h3>Como surgiu?&nbsp;<\/h3>\n\n\n\n<p>O <strong>caf\u00e9 sol\u00favel<\/strong> foi criado em 1937 pelo qu\u00edmico especialista em caf\u00e9 da NESTL\u00c9, Max Morgenthaler.&nbsp;<br><\/p>\n\n\n\n<p>A possibilidade de preparar um caf\u00e9 r\u00e1pido e saboroso logo se espalhou, fazendo com que o caf\u00e9 instant\u00e2neo ficasse famoso em diversos continentes.&nbsp;<br><\/p>\n\n\n\n<p>Logo, a inven\u00e7\u00e3o tamb\u00e9m se tornou parte da dieta dos soldados americanos na segunda guerra mundial, devido a sua praticidade no preparo.&nbsp;<br><\/p>\n\n\n\n<p><a href=\"https:\/\/www.pontodoscafes.com.br\/blog\/a-origem-do-cafe-soluvel\/\" title=\"https:\/\/www.pontodoscafes.com.br\/blog\/a-origem-do-cafe-soluvel\/\"><em>Leia tamb\u00e9m: A origem do caf\u00e9 sol\u00favel<\/em><\/a><br><\/p>\n\n\n\n<h3>Produ\u00e7\u00e3o&nbsp;<\/h3>\n\n\n\n<p>Para produzir o caf\u00e9 instant\u00e2neo que conhecemos hoje, s\u00e3o necess\u00e1rios apenas dois ingredientes: \u00e1gua e caf\u00e9.&nbsp;<br><\/p>\n\n\n\n<p>A sua fabrica\u00e7\u00e3o se d\u00e1 a partir da desidrata\u00e7\u00e3o do caf\u00e9 finalizado, deixando de fora sol\u00faveis extra\u00eddos em formas cristalinas.<br><\/p>\n\n\n\n<p>Quando essa subst\u00e2ncia \u00e9 reintroduzida a \u00e1gua, os cristais dissolvem novamente, resultando no caf\u00e9 sol\u00favel que os brasileiros adoram.<\/p>\n\n\n\n<p><\/p>\n\n\n\n<h3>Modo de preparo&nbsp;<\/h3>\n\n\n\n<p>Para preparar o caf\u00e9 instant\u00e2neo, basta colocar de 1 a 2 colheres (de ch\u00e1) de caf\u00e9 sol\u00favel em uma x\u00edcara de 200 ml com \u00e1gua quente.<br><\/p>\n\n\n\n<p>Voc\u00ea tamb\u00e9m pode acrescentar a\u00e7\u00facar, creme ou canela para deix\u00e1-lo ainda mais saboroso.&nbsp;<\/p>\n\n\n\n<p><\/p>\n\n\n\n<h2>Caf\u00e9 Passado&nbsp;<\/h2>\n\n\n\n<h3>Como surgiu?&nbsp;<\/h3>\n\n\n\n<p>J\u00e1 o surgimento do caf\u00e9 passado se d\u00e1 por volta de 1780 na Fran\u00e7a, tornando-se popularmente conhecido na Inglaterra, em 1815.&nbsp;<\/p>\n\n\n\n<p><\/p>\n\n\n\n<p>Atualmente, existem diversos modelos de filtros no mercado para atender a todos os gostos.<br><\/p>\n\n\n\n<p>Entre eles, est\u00e3o os coadores mais comuns de papel descart\u00e1vel e os de pano, bem tradicionais.&nbsp;<\/p>\n\n\n\n<p><\/p>\n\n\n\n<h3>Produ\u00e7\u00e3o&nbsp;<\/h3>\n\n\n\n<p><\/p>\n\n\n\n<p>Ap\u00f3s a colheita, os gr\u00e3os de caf\u00e9 passam por um processo de secagem, torra, moagem e, por fim, o p\u00f3 \u00e9 colocado diretamente na embalagem que vemos nas prateleiras do mercado.&nbsp;<br><\/p>\n\n\n\n<p><em>Confira: <\/em><a href=\"https:\/\/www.pontodoscafes.com.br\/blog\/beneficios-do-reaproveitamento-sustentavel-da-borra-de-cafe\/\" title=\"https:\/\/www.pontodoscafes.com.br\/blog\/beneficios-do-reaproveitamento-sustentavel-da-borra-de-cafe\/\"><em>Benef\u00edcios do reaproveitamento da borra de caf\u00e9<\/em><\/a><br><\/p>\n\n\n\n<p>Apesar de n\u00e3o parecerem etapas complexas, a escolha e a prepara\u00e7\u00e3o do caf\u00e9 s\u00e3o feitas com base em uma sele\u00e7\u00e3o rigorosa.&nbsp;<br><\/p>\n\n\n\n<p>Por conta desse cuidado e aten\u00e7\u00e3o que os brasileiros podem saborear um delicioso caf\u00e9 passado nas suas casas.&nbsp;<\/p>\n\n\n\n<p><\/p>\n\n\n\n<h3>Modo de preparo&nbsp;<\/h3>\n\n\n\n<p><\/p>\n\n\n\n<p>Para fazer um bom caf\u00e9 passado \u00e9 muito importante utilizar \u00e1gua filtrada, pois a quantidade de cloro e s\u00f3dio presentes na \u00e1gua podem alterar o sabor do caf\u00e9.&nbsp;<br><\/p>\n\n\n\n<p>Al\u00e9m disso, voc\u00ea deve prestar aten\u00e7\u00e3o nas propor\u00e7\u00f5es de p\u00f3 x \u00e1gua: o ideal \u00e9 60 gramas de p\u00f3 para 1 litro de \u00e1gua.<br><\/p>\n\n\n\n<p>Contudo, voc\u00ea pode modificar estas medidas de acordo com o seu gosto pessoal.&nbsp;<\/p>\n\n\n\n<p><\/p>\n\n\n\n<h2>Qual oferece mais benef\u00edcios \u00e0 sa\u00fade?<\/h2>\n\n\n\n<p>Agora voc\u00ea pode estar se perguntando: qual o tipo de caf\u00e9 que oferece mais benef\u00edcios \u00e0 sa\u00fade, o<strong> caf\u00e9 sol\u00favel ou passado<\/strong>?&nbsp;<br><\/p>\n\n\n\n<p>Quando analisamos as quantidades de nutrientes em cada caf\u00e9, podemos observar que h\u00e1 um n\u00edvel elevado de cafe\u00edna no tipo sol\u00favel.&nbsp;<br><\/p>\n\n\n\n<p>Uma x\u00edcara de 150 ml de caf\u00e9 instant\u00e2neo possui aproximadamente 65 mg de cafe\u00edna, podendo variar conforme a marca do produto.<br><\/p>\n\n\n\n<p>Portanto, pessoas que possuem problemas card\u00edacos ou sensibilidade \u00e0 cafe\u00edna devem tomar cuidado na hora de ingerir a bebida.&nbsp;<br><\/p>\n\n\n\n<p>No caso do caf\u00e9 passado, os n\u00edveis de cafe\u00edna podem ser mais facilmente controlados.&nbsp;&nbsp;<br><\/p>\n\n\n\n<p><strong>Embora cada caf\u00e9 tenha suas particularidades quanto a origem e modo de preparo, chega-se a um empate t\u00e9cnico quando falamos em benef\u00edcios para a sa\u00fade.<\/strong>&nbsp;<br><\/p>\n\n\n\n<p>Tanto o caf\u00e9 sol\u00favel como o passado t\u00eam propriedades antioxidantes e oferecem in\u00fameras vantagens, como o controle dos n\u00edveis de glicemia e press\u00e3o.<br><\/p>\n\n\n\n<p><em>Veja tamb\u00e9m: <\/em><a href=\"https:\/\/www.pontodoscafes.com.br\/blog\/conheca-os-7-principais-beneficios-do-cafe-para-a-saude\/\" title=\"https:\/\/www.pontodoscafes.com.br\/blog\/conheca-os-7-principais-beneficios-do-cafe-para-a-saude\/\"><em>Os benef\u00edcios do caf\u00e9 para a sa\u00fade.&nbsp;<\/em><\/a><\/p>\n\n\n\n<p><\/p>\n\n\n\n<h2>Tabela nutricional: Sol\u00favel X Passado<\/h2>\n\n\n\n<p>Confira a tabela nutricional dos dois tipos de caf\u00e9:<\/p>\n\n\n\n<figure class=\"wp-block-image\"><img loading=\"lazy\" width=\"620\" height=\"303\" src=\"https:\/\/www.pontodoscafes.com.br\/blog\/wp-content\/uploads\/2020\/08\/tabela.png\" alt=\"\" class=\"wp-image-1427\" srcset=\"https:\/\/www.pontodoscafes.com.br\/blog\/wp-content\/uploads\/2020\/08\/tabela.png 620w, https:\/\/www.pontodoscafes.com.br\/blog\/wp-content\/uploads\/2020\/08\/tabela-300x147.png 300w\" sizes=\"(max-width: 620px) 100vw, 620px\" \/><\/figure>\n\n\n\n<p>Fonte : ABIC\u00a0<br><\/p>\n\n\n\n<h2>Conclus\u00e3o<\/h2>\n\n\n\n<p>Agora que voc\u00ea j\u00e1 sabe quais s\u00e3o as principais diferen\u00e7as entre o caf\u00e9 sol\u00favel e o passado, que tal saborear um delicioso caf\u00e9 da Ponto dos Caf\u00e9s?&nbsp;<br><\/p>\n\n\n\n<p>A Ponto possui uma <a href=\"https:\/\/www.pontodoscafes.com.br\/insumos\" title=\"https:\/\/www.pontodoscafes.com.br\/insumos\">linha variada de produtos<\/a> que atendem a todos os gostos! <a href=\"https:\/\/www.pontodoscafes.com.br\/insumos\" title=\"https:\/\/www.pontodoscafes.com.br\/insumos\">Confira nossa linha completa de insumos<\/a>.<br><\/p>\n\n\n\n<p>Compartilhe nas redes sociais e deixe seu coment\u00e1rio! \ud83d\ude09<br><\/p>\n","protected":false},"excerpt":{"rendered":"<p>Caf\u00e9 sol\u00favel ou passado? qual \u00e9 a melhor op\u00e7\u00e3o?&nbsp; Essa \u00e9 uma pergunta que depende de muitos fatores para ser respondida, mas o principal deles \u00e9 o gosto pessoal. No [&hellip;]<\/p>\n","protected":false},"author":1,"featured_media":1426,"comment_status":"open","ping_status":"open","sticky":false,"template":"","format":"standard","meta":[],"categories":[1,262],"tags":[],"aioseo_notices":[],"_links":{"self":[{"href":"https:\/\/www.pontodoscafes.com.br\/blog\/wp-json\/wp\/v2\/posts\/1425"}],"collection":[{"href":"https:\/\/www.pontodoscafes.com.br\/blog\/wp-json\/wp\/v2\/posts"}],"about":[{"href":"https:\/\/www.pontodoscafes.com.br\/blog\/wp-json\/wp\/v2\/types\/post"}],"author":[{"embeddable":true,"href":"https:\/\/www.pontodoscafes.com.br\/blog\/wp-json\/wp\/v2\/users\/1"}],"replies":[{"embeddable":true,"href":"https:\/\/www.pontodoscafes.com.br\/blog\/wp-json\/wp\/v2\/comments?post=1425"}],"version-history":[{"count":6,"href":"https:\/\/www.pontodoscafes.com.br\/blog\/wp-json\/wp\/v2\/posts\/1425\/revisions"}],"predecessor-version":[{"id":1779,"href":"https:\/\/www.pontodoscafes.com.br\/blog\/wp-json\/wp\/v2\/posts\/1425\/revisions\/1779"}],"wp:featuredmedia":[{"embeddable":true,"href":"https:\/\/www.pontodoscafes.com.br\/blog\/wp-json\/wp\/v2\/media\/1426"}],"wp:attachment":[{"href":"https:\/\/www.pontodoscafes.com.br\/blog\/wp-json\/wp\/v2\/media?parent=1425"}],"wp:term":[{"taxonomy":"category","embeddable":true,"href":"https:\/\/www.pontodoscafes.com.br\/blog\/wp-json\/wp\/v2\/categories?post=1425"},{"taxonomy":"post_tag","embeddable":true,"href":"https:\/\/www.pontodoscafes.com.br\/blog\/wp-json\/wp\/v2\/tags?post=1425"}],"curies":[{"name":"wp","href":"https:\/\/api.w.org\/{rel}","templated":true}]}}