{"id":1467,"date":"2021-02-08T12:55:02","date_gmt":"2021-02-08T12:55:02","guid":{"rendered":"http:\/\/www.pontodoscafes.com.br\/blog\/?p=1467"},"modified":"2022-11-08T20:56:14","modified_gmt":"2022-11-08T20:56:14","slug":"cafe-e-doencas-neurodegenerativas","status":"publish","type":"post","link":"https:\/\/www.pontodoscafes.com.br\/blog\/cafe-e-doencas-neurodegenerativas\/","title":{"rendered":"Caf\u00e9 e doen\u00e7as neurodegenerativas: Entenda a rela\u00e7\u00e3o!"},"content":{"rendered":"\n<p><strong>A rela\u00e7\u00e3o entre o caf\u00e9 e doen\u00e7as neurodegenerativas ainda \u00e9 desconhecida para muitas pessoas, e, apesar de ser uma bebida bastante popular no Brasil e no mundo, h\u00e1 muitos rumores sobre os <\/strong><a href=\"https:\/\/www.pontodoscafes.com.br\/blog\/conheca-os-7-principais-beneficios-do-cafe-para-a-saude\/\" title=\"https:\/\/www.pontodoscafes.com.br\/blog\/conheca-os-7-principais-beneficios-do-cafe-para-a-saude\/\"><strong>benef\u00edcios do caf\u00e9 para a sa\u00fade.&nbsp;<\/strong><\/a><\/p>\n\n\n\n<p>\u00c9 muito comum <a href=\"https:\/\/www.audizione.com.br\/\" title=\"ouvir\">ouvir<\/a> que o consumo do caf\u00e9 n\u00e3o \u00e9 recomendado ou pode fazer mal, no entanto, existem in\u00fameras pesquisas comprovando que o caf\u00e9 \u00e9 um aliado valioso na preven\u00e7\u00e3o de doen\u00e7as como Parkinson e Alzheimer.<\/p>\n\n\n\n<p><em>Confira tamb\u00e9m: <\/em><a href=\"https:\/\/www.pontodoscafes.com.br\/blog\/beneficios-do-reaproveitamento-sustentavel-da-borra-de-cafe\/\" title=\"https:\/\/www.pontodoscafes.com.br\/blog\/beneficios-do-reaproveitamento-sustentavel-da-borra-de-cafe\/\"><em>Benef\u00edcios do reaproveitamento sustent\u00e1vel da borra de caf\u00e9<\/em><\/a><\/p>\n\n\n\n<p>Neste artigo, vamos mostrar a import\u00e2ncia do caf\u00e9 para a sa\u00fade e qual a sua rela\u00e7\u00e3o com doen\u00e7as degenerativas. Boa leitura! \ud83d\ude42<br><\/p>\n\n\n\n<h2><strong>Caf\u00e9 \u00e9 sin\u00f4nimo de sa\u00fade?<\/strong><\/h2>\n\n\n\n<figure class=\"wp-block-image\"><img src=\"https:\/\/www.supremoarabica.com.br\/wp-content\/uploads\/2019\/07\/beneficios-do-cafe-1.png\" alt=\"caf\u00e9 e sa\u00fade\n\"\/><\/figure>\n\n\n\n<p><br>Al\u00e9m de delicioso, o caf\u00e9 \u00e9 um energizante natural e uma op\u00e7\u00e3o de bebida que cai bem com diversos tipos de acompanhamentos.<\/p>\n\n\n\n<p>Verdade seja dita: \u00e9 muito dif\u00edcil encontrar algu\u00e9m que n\u00e3o goste de nenhum tipo de caf\u00e9, seja gelado, quente, doce ou amargo, \u00e9 praticamente imposs\u00edvel n\u00e3o agradar a todos os gostos!<\/p>\n\n\n\n<p>Entretanto, o caf\u00e9 proporciona muito mais que sabor e aroma irresist\u00edveis, ele \u00e9, tamb\u00e9m, um importante aliado na preven\u00e7\u00e3o de doen\u00e7as degenerativas, como o Alzheimer e o Parkinson.<\/p>\n\n\n\n<p>Al\u00e9m do mais, o caf\u00e9 ajuda a prevenir o diabetes,&nbsp;no emagrecimento e oferece uma s\u00e9rie de nutrientes antioxidantes, respons\u00e1veis por revigorar o organismo.&nbsp;<\/p>\n\n\n\n<p>Tudo isso com apenas uma dose de caf\u00e9 por dia, incr\u00edvel n\u00e3o \u00e9?<br><\/p>\n\n\n\n<h2><strong>Caf\u00e9 e doen\u00e7as degenerativas: Qual a rela\u00e7\u00e3o?<\/strong><br><\/h2>\n\n\n\n<p>Se voc\u00ea \u00e9 louco por um cafezinho, n\u00e3o deixe de conferir como ele pode diminuir as chances de desenvolver doen\u00e7as degenerativas. Confira:<br><\/p>\n\n\n\n<h3><strong>Parkinson&nbsp;<\/strong><br><\/h3>\n\n\n\n<p>A doen\u00e7a de Parkinson ocorre quando as c\u00e9lulas nervosas do c\u00e9rebro que produzem dopamina s\u00e3o destru\u00eddas de forma progressiva, resultando em tremores, perda do controle corporal e rigidez.<\/p>\n\n\n\n<p>Os fenilindanos, compostos que surgem no processo de torrefa\u00e7\u00e3o dos gr\u00e3os, interagem com as prote\u00ednas respons\u00e1veis pelo Parkinson e atuam como protetoras.&nbsp;<\/p>\n\n\n\n<p>De acordo com a Associa\u00e7\u00e3o Brasileira da Ind\u00fastria de Caf\u00e9 (ABIC), homens que consomem 3 x\u00edcaras de caf\u00e9 por dia apresentam um risco 5 vezes menor de desenvolver a doen\u00e7a.<\/p>\n\n\n\n<p>Diversos estudos ainda est\u00e3o sendo feitos para demonstrar os benef\u00edcios do caf\u00e9 para evitar doen\u00e7as, contudo, j\u00e1 existem centenas de pesquisas comprovando a rela\u00e7\u00e3o do caf\u00e9 e doen\u00e7as degenerativas.&nbsp;<br><\/p>\n\n\n\n<h3><strong>Alzheimer<\/strong><br><\/h3>\n\n\n\n<p>Assim como o Parkinson, o Alzheimer \u00e9 uma doen\u00e7a neurodegenerativa que resulta na diminui\u00e7\u00e3o progressiva das capacidades cognitivas.<\/p>\n\n\n\n<p>No caso do Alzheimer, o caf\u00e9 \u00e9 respons\u00e1vel pelo aumento do fator GCSF presente no sangue,&nbsp; evitando o progresso da doen\u00e7a.&nbsp;<\/p>\n\n\n\n<p>As pesquisas realizadas na Universidade da Fl\u00f3rida do Sul indicam que a cafe\u00edna tamb\u00e9m reduz a produ\u00e7\u00e3o de beta-amiloide, subst\u00e2ncia que acredita-se ser a causa do Alzheimer.<br><\/p>\n\n\n\n<h2><strong>Conclus\u00e3o&nbsp;<\/strong><br><\/h2>\n\n\n\n<p>Como voc\u00ea pode ver, o caf\u00e9 n\u00e3o proporciona somente energia e sabor, como previne doen\u00e7as degenerativas e contribui para o bom funcionamento do nosso sistema <a href=\"https:\/\/audizione.com.br\/\" target=\"_blank\" rel=\"noreferrer noopener\" title=\"https:\/\/audizione.com.br\/\">neurol\u00f3gico<\/a>.<\/p>\n\n\n\n<p>Vale ressaltar que o caf\u00e9, por si s\u00f3, \u00e9 uma fonte de nutrientes natural, e o melhor \u00e9 n\u00e3o estar acompanhado de ado\u00e7antes artificiais em grandes quantidades ou snacks industriais.&nbsp;<\/p>\n\n\n\n<p>Procure saborear o seu caf\u00e9 da melhor forma e, \u00e9 claro, manter uma dieta equilibrada.&nbsp;<\/p>\n\n\n\n<p>Esperamos que voc\u00ea tenha gostado! N\u00e3o deixe de compartilhar esse artigo com seus amigos.<\/p>\n\n\n\n<p><em>Leia tamb\u00e9m:&nbsp;<\/em><\/p>\n\n\n\n<ul><li><a href=\"https:\/\/www.pontodoscafes.com.br\/blog\/cafe-coado-e-expresso-conheca-quais-as-caracteristicas-que-eles-oferecem\/\" title=\"https:\/\/www.pontodoscafes.com.br\/blog\/cafe-coado-e-expresso-conheca-quais-as-caracteristicas-que-eles-oferecem\/\"><em>Caf\u00e9 coado e expresso: conhe\u00e7a quais as caracter\u00edsticas que eles oferecem<\/em><\/a><\/li><li><a href=\"https:\/\/www.pontodoscafes.com.br\/blog\/aroma-do-cafe-conheca-os-beneficios\/\" title=\"https:\/\/www.pontodoscafes.com.br\/blog\/aroma-do-cafe-conheca-os-beneficios\/\"><em>Aroma do caf\u00e9: conhe\u00e7a os benef\u00edcios!<\/em><\/a><\/li><li><a href=\"http:\/\/www.pontodoscafes.com.br\/blog\/cafe-soluvel-ou-passado-entenda-as-diferencas\/\"><em>Caf\u00e9 sol\u00favel ou passado? Entenda as diferen\u00e7as!<\/em><\/a><\/li><\/ul>\n","protected":false},"excerpt":{"rendered":"<p>Voc\u00ea sabe qual a rela\u00e7\u00e3o entre o caf\u00e9 e doen\u00e7as neurodegenerativas? Confira agora como essa bebida pode ser uma importante aliada na preven\u00e7\u00e3o de doen\u00e7as!<\/p>\n","protected":false},"author":1,"featured_media":1468,"comment_status":"open","ping_status":"open","sticky":true,"template":"","format":"standard","meta":[],"categories":[262,362],"tags":[363,325,37,47,17],"aioseo_notices":[],"_links":{"self":[{"href":"https:\/\/www.pontodoscafes.com.br\/blog\/wp-json\/wp\/v2\/posts\/1467"}],"collection":[{"href":"https:\/\/www.pontodoscafes.com.br\/blog\/wp-json\/wp\/v2\/posts"}],"about":[{"href":"https:\/\/www.pontodoscafes.com.br\/blog\/wp-json\/wp\/v2\/types\/post"}],"author":[{"embeddable":true,"href":"https:\/\/www.pontodoscafes.com.br\/blog\/wp-json\/wp\/v2\/users\/1"}],"replies":[{"embeddable":true,"href":"https:\/\/www.pontodoscafes.com.br\/blog\/wp-json\/wp\/v2\/comments?post=1467"}],"version-history":[{"count":6,"href":"https:\/\/www.pontodoscafes.com.br\/blog\/wp-json\/wp\/v2\/posts\/1467\/revisions"}],"predecessor-version":[{"id":1764,"href":"https:\/\/www.pontodoscafes.com.br\/blog\/wp-json\/wp\/v2\/posts\/1467\/revisions\/1764"}],"wp:featuredmedia":[{"embeddable":true,"href":"https:\/\/www.pontodoscafes.com.br\/blog\/wp-json\/wp\/v2\/media\/1468"}],"wp:attachment":[{"href":"https:\/\/www.pontodoscafes.com.br\/blog\/wp-json\/wp\/v2\/media?parent=1467"}],"wp:term":[{"taxonomy":"category","embeddable":true,"href":"https:\/\/www.pontodoscafes.com.br\/blog\/wp-json\/wp\/v2\/categories?post=1467"},{"taxonomy":"post_tag","embeddable":true,"href":"https:\/\/www.pontodoscafes.com.br\/blog\/wp-json\/wp\/v2\/tags?post=1467"}],"curies":[{"name":"wp","href":"https:\/\/api.w.org\/{rel}","templated":true}]}}