{"id":1474,"date":"2021-03-08T11:30:58","date_gmt":"2021-03-08T11:30:58","guid":{"rendered":"http:\/\/www.pontodoscafes.com.br\/blog\/?p=1474"},"modified":"2022-05-31T12:49:57","modified_gmt":"2022-05-31T12:49:57","slug":"temperatura-do-cafe-como-a-temperatura-interfere-no-sabor","status":"publish","type":"post","link":"https:\/\/www.pontodoscafes.com.br\/blog\/temperatura-do-cafe-como-a-temperatura-interfere-no-sabor\/","title":{"rendered":"Temperatura do caf\u00e9: Como a temperatura interfere no sabor?"},"content":{"rendered":"\n<p><strong>A temperatura do caf\u00e9 diz muito sobre o seu sabor e aroma. Dependendo do qu\u00e3o quente, gelado ou morno ele estiver, o gosto muda drasticamente.<\/strong><\/p>\n\n\n\n<p>Por isso, \u00e9 indispens\u00e1vel estar atento \u00e0 fervura da \u00e1gua antes de fazer a bebida e evitar esquentar o caf\u00e9 j\u00e1 pronto.&nbsp;<\/p>\n\n\n\n<p>Esses s\u00e3o alguns fatores extremamente importantes na hora de servir um caf\u00e9 saboroso e de qualidade.<\/p>\n\n\n\n<p><em>Veja tamb\u00e9m: <\/em><a href=\"https:\/\/www.pontodoscafes.com.br\/blog\/o-recipiente-interfere-no-sabor-do-cafe-entenda-agora\/\" title=\"https:\/\/www.pontodoscafes.com.br\/blog\/o-recipiente-interfere-no-sabor-do-cafe-entenda-agora\/\"><em>O recipiente interfere no sabor do caf\u00e9? Entenda agora! <\/em><\/a><em>\u00a0<\/em><\/p>\n\n\n\n<p>Sabendo como a temperatura do caf\u00e9 \u00e9 significativa, vamos abordar qual o ponto ideal e recomenda\u00e7\u00f5es de preparo para um caf\u00e9 excelente!<\/p>\n\n\n\n<p>Pegue sua x\u00edcara e venha conferir o conte\u00fado delicioso que preparamos. Boa leitura!<br><\/p>\n\n\n\n<h2><strong>Por que a temperatura do caf\u00e9 afeta no seu sabor?<\/strong><\/h2>\n\n\n\n<figure class=\"wp-block-image\"><img src=\"https:\/\/img.etimg.com\/photo\/msid-72939123,quality-100\/all-of-the-caffeine-treatments-regardless-of-origin-significantly-downregulated-the-expression-of-both-fasn-and-lpl-.jpg\" alt=\"Caf\u00e9 quentinho\"\/><\/figure>\n\n\n\n<p>Quem nunca deixou o caf\u00e9 esfriar sem querer, ou at\u00e9 mesmo queimou a l\u00edngua e parou de sentir o gosto das coisas por um curto per\u00edodo de tempo?<\/p>\n\n\n\n<p>\u00c0s vezes, detalhes como a temperatura do caf\u00e9 podem passar despercebidos, no entanto, \u00e9 fundamental estar atento ao tipo de caf\u00e9 que voc\u00ea consome e o qu\u00e3o aquecido ele deve estar. <\/p>\n\n\n\n<p>Isso porque a experi\u00eancia do caf\u00e9 est\u00e1 inteiramente ligada \u00e0 sua temperatura!<\/p>\n\n\n\n<p>De acordo com os estudos realizados pelo Laborat\u00f3rio de Pesquisa de Canais I\u00f4nicos de Cuba, o modo como as papilas gustativas respondem \u00e0s mol\u00e9culas em diferentes temperaturas impactam o sabor e aroma dos alimentos e, \u00e9 claro, das bebidas.&nbsp;<\/p>\n\n\n\n<p>A equipe que fez esses estudos descobriu que certos receptores s\u00e3o mais sens\u00edveis \u00e0s mol\u00e9culas na faixa de 20 a 35 graus (temperatura ambiente).<\/p>\n\n\n\n<p>Geralmente, esses receptores n\u00e3o consideram saborosas subst\u00e2ncias mais frias ou mais quentes que isso.<\/p>\n\n\n\n<p>No caso do caf\u00e9, quanto mais quente, menos amargo ele parecer\u00e1 e, consequentemente, o aroma ser\u00e1 mais intenso. J\u00e1 se a bebida estiver fria, o cheiro n\u00e3o se intensifica e o sabor se transforma.&nbsp;<br><\/p>\n\n\n\n<h2><strong>Caf\u00e9 e temperaturas mais altas<\/strong><br><\/h2>\n\n\n\n<p>O aroma e sabor do caf\u00e9 s\u00e3o mais percebidos a partir dos 76 graus, isso se d\u00e1 em virtude da alta libera\u00e7\u00e3o de vapor da bebida, o que faz melhorar a percep\u00e7\u00e3o do cheiro.&nbsp;<\/p>\n\n\n\n<p>Entretanto, conforme a temperatura do caf\u00e9 aumenta, o sabor pode ser alterado por conta da evapora\u00e7\u00e3o dos compostos vol\u00e1teis.&nbsp;<\/p>\n\n\n\n<p>Em resumo, os aromas s\u00e3o descritos como &#8220;torrados&#8221; e intensos, j\u00e1 as notas mais delicadas podem passar despercebidas, devido a alta temperatura.&nbsp;<br><\/p>\n\n\n\n<h2><strong>Caf\u00e9 e temperaturas mais baixas<\/strong><br><\/h2>\n\n\n\n<p>Diferente do processo anterior, quando a temperatura do caf\u00e9 est\u00e1 mais baixa, entre 30 e 45 graus, as notas mais doces e \u00e1cidas ficam extremamente acentuadas.&nbsp;<\/p>\n\n\n\n<p>Al\u00e9m do amargo diminuir, nuances mais complexas e delicadas aparecem, oferecendo uma percep\u00e7\u00e3o contr\u00e1ria da anterior.&nbsp;<\/p>\n\n\n\n<p>No entanto, por conta da redu\u00e7\u00e3o do vapor, o aroma n\u00e3o \u00e9 t\u00e3o intenso, podendo afetar diretamente a experi\u00eancia do caf\u00e9.&nbsp;<\/p>\n\n\n\n<p><\/p>\n\n\n\n<h2><strong>Como preparar um caf\u00e9 de qualidade?<\/strong><\/h2>\n\n\n\n<figure class=\"wp-block-image\"><img src=\"https:\/\/www.cancer.org\/content\/dam\/cancer-org\/images\/photographs\/single-use\/espresso-coffee-cup-with-beans-on-table-restricted.jpg\" alt=\"Caf\u00e9 \"\/><\/figure>\n\n\n\n<p>Falamos aqui sobre como nossos sentidos percebem a temperatura do caf\u00e9 e suas varia\u00e7\u00f5es, al\u00e9m das principais caracter\u00edsticas do caf\u00e9, seja ele mais quente, morno ou frio. <\/p>\n\n\n\n<p>Sendo assim, a forma como ingerimos e degustamos essa bebida t\u00e3o adorada \u00e9 muito particular. Isto \u00e9, apesar do caf\u00e9 ser mais consumido entre 70 e 80 graus, nenhum modo de preparo est\u00e1 errado.&nbsp;<\/p>\n\n\n\n<p>Pelo contr\u00e1rio, todas as maneiras de tomar aquele cafezinho pela manh\u00e3 ou logo depois do almo\u00e7o \u00e9 v\u00e1lida!&nbsp;<\/p>\n\n\n\n<p>Se voc\u00ea deseja fazer um caf\u00e9 de qualidade, aposte em insumos e <a href=\"https:\/\/www.pontodoscafes.com.br\/maquinas\">m\u00e1quinas <\/a>que proporcionam uma \u00f3tima experi\u00eancia em sabor e aroma.&nbsp;<\/p>\n\n\n\n<p><a href=\"https:\/\/www.pontodoscafes.com.br\/insumos\">Saiba mais sobre os produtos do Ponto dos Caf\u00e9s aqui.<\/a><\/p>\n\n\n\n<p><\/p>\n\n\n\n<h2><strong>Outros fatores que determinam o sabor do caf\u00e9&nbsp;<\/strong><br><\/h2>\n\n\n\n<p>Al\u00e9m da temperatura, existem outros fatores que impactam no sabor do caf\u00e9. Entre eles, os principais s\u00e3o o filtro utilizado, o armazenamento do caf\u00e9 e o a\u00e7\u00facar.<\/p>\n\n\n\n<p>Veja como fazer um caf\u00e9 de qualidade a partir desses t\u00f3picos:<br><\/p>\n\n\n\n<h3><strong>Filtro&nbsp;<\/strong><br><\/h3>\n\n\n\n<p>O filtro utilizado no preparo do caf\u00e9 \u00e9 um fator determinante para garantir seu sabor e aroma. Com a in\u00famera variedade de filtros no mercado, sejam eles de papel, pano e at\u00e9 metal, \u00e9 dif\u00edcil saber qual a melhor op\u00e7\u00e3o.&nbsp;<\/p>\n\n\n\n<p>No entanto, voc\u00ea deve estar atento ao tipo de moagem do caf\u00e9 escolhido para que seja compat\u00edvel com o filtro e, assim, proporcionar o melhor gosto.<\/p>\n\n\n\n<p>Al\u00e9m do mais, a limpeza do filtro \u00e9 indispens\u00e1vel nesse processo, pois evita que fiquem bact\u00e9rias e resqu\u00edcios de caf\u00e9.&nbsp;<\/p>\n\n\n\n<p><\/p>\n\n\n\n<h3><strong>Armazenamento<\/strong><br><\/h3>\n\n\n\n<p>Outro fator que interfere no sabor do caf\u00e9 \u00e9 o modo como ele \u00e9 armazenado. Isso porque, se a armazenagem n\u00e3o for feita da forma correta, os gr\u00e3os podem perder um pouco da qualidade e at\u00e9 estragar.<\/p>\n\n\n\n<p>Portanto, o ideal \u00e9 que, ap\u00f3s abrir a embalagem do caf\u00e9, voc\u00ea transfira o conte\u00fado para um pote escuro e bem fechado.&nbsp;<\/p>\n\n\n\n<p>A op\u00e7\u00e3o de guardar o caf\u00e9 na geladeira tamb\u00e9m \u00e9 vi\u00e1vel, visto que o seu tempo de validade aumenta.&nbsp;<br><\/p>\n\n\n\n<h3><strong>A\u00e7\u00facar<\/strong><br><\/h3>\n\n\n\n<p>Por fim, a adi\u00e7\u00e3o de <a href=\"https:\/\/www.pontodoscafes.com.br\/insumos\/Acucares-e-adocantes\/3\">a\u00e7\u00facar<\/a> no caf\u00e9 depende muito do gosto de cada pessoa. Alguns preferem o seu caf\u00e9 amargo, outros s\u00f3 consomem a bebida se estiver bem ado\u00e7ada.<\/p>\n\n\n\n<p>Logo, para evitar que a sua fam\u00edlia, colegas de trabalho ou amigos n\u00e3o desfrutem do seu cafezinho, dispense o uso do a\u00e7\u00facar durante o preparo e deixe um recipiente separado.&nbsp;<\/p>\n\n\n\n<p>Um erro bastante cometido \u00e9 ado\u00e7ar a \u00e1gua no processo, isso diminui a qualidade do caf\u00e9 e a bebida tende a ficar muito mais doce que o normal.<br><\/p>\n\n\n\n<h2><strong>Conclus\u00e3o<\/strong><br><\/h2>\n\n\n\n<p>Independente da temperatura ou tipo de caf\u00e9 que voc\u00ea consome, n\u00e3o h\u00e1 como negar que essa bebida \u00e9 adorada por todos.<\/p>\n\n\n\n<p>Embora haja recomenda\u00e7\u00f5es quanto ao seu preparo, voc\u00ea deve descobrir o ponto ideal do caf\u00e9 e adequ\u00e1-lo de acordo com o seu paladar, sempre atentando para a sua sa\u00fade e dosando a quantidade de caf\u00e9 para o consumo di\u00e1rio.&nbsp;<\/p>\n\n\n\n<p>Ainda assim, ele oferece in\u00fameros benef\u00edcios! <\/p>\n\n\n\n<p><em>Leia tamb\u00e9m:<\/em><a href=\"https:\/\/www.pontodoscafes.com.br\/blog\/conheca-os-7-principais-beneficios-do-cafe-para-a-saude\/\" title=\"https:\/\/www.pontodoscafes.com.br\/blog\/conheca-os-7-principais-beneficios-do-cafe-para-a-saude\/\"><em> Conhe\u00e7a os 7 principais benef\u00edcios do caf\u00e9 para a sa\u00fade!<\/em><\/a><br><\/p>\n","protected":false},"excerpt":{"rendered":"<p>A temperatura do caf\u00e9 influencia diretamente no sabor da bebida. Voc\u00ea sabe por que isso acontece? Confira agora!<\/p>\n","protected":false},"author":1,"featured_media":1475,"comment_status":"open","ping_status":"open","sticky":true,"template":"","format":"standard","meta":[],"categories":[262],"tags":[159,166,310,155,365,364],"aioseo_notices":[],"_links":{"self":[{"href":"https:\/\/www.pontodoscafes.com.br\/blog\/wp-json\/wp\/v2\/posts\/1474"}],"collection":[{"href":"https:\/\/www.pontodoscafes.com.br\/blog\/wp-json\/wp\/v2\/posts"}],"about":[{"href":"https:\/\/www.pontodoscafes.com.br\/blog\/wp-json\/wp\/v2\/types\/post"}],"author":[{"embeddable":true,"href":"https:\/\/www.pontodoscafes.com.br\/blog\/wp-json\/wp\/v2\/users\/1"}],"replies":[{"embeddable":true,"href":"https:\/\/www.pontodoscafes.com.br\/blog\/wp-json\/wp\/v2\/comments?post=1474"}],"version-history":[{"count":4,"href":"https:\/\/www.pontodoscafes.com.br\/blog\/wp-json\/wp\/v2\/posts\/1474\/revisions"}],"predecessor-version":[{"id":1696,"href":"https:\/\/www.pontodoscafes.com.br\/blog\/wp-json\/wp\/v2\/posts\/1474\/revisions\/1696"}],"wp:featuredmedia":[{"embeddable":true,"href":"https:\/\/www.pontodoscafes.com.br\/blog\/wp-json\/wp\/v2\/media\/1475"}],"wp:attachment":[{"href":"https:\/\/www.pontodoscafes.com.br\/blog\/wp-json\/wp\/v2\/media?parent=1474"}],"wp:term":[{"taxonomy":"category","embeddable":true,"href":"https:\/\/www.pontodoscafes.com.br\/blog\/wp-json\/wp\/v2\/categories?post=1474"},{"taxonomy":"post_tag","embeddable":true,"href":"https:\/\/www.pontodoscafes.com.br\/blog\/wp-json\/wp\/v2\/tags?post=1474"}],"curies":[{"name":"wp","href":"https:\/\/api.w.org\/{rel}","templated":true}]}}