{"id":162,"date":"2015-05-08T11:00:49","date_gmt":"2015-05-08T11:00:49","guid":{"rendered":"http:\/\/www.pontodoscafes.com.br\/blog\/?p=162"},"modified":"2021-05-24T16:34:40","modified_gmt":"2021-05-24T16:34:40","slug":"cafe-e-morfina-possuem-mesma-sensacao","status":"publish","type":"post","link":"https:\/\/www.pontodoscafes.com.br\/blog\/cafe-e-morfina-possuem-mesma-sensacao\/","title":{"rendered":"Caf\u00e9 e morfina possuem mesma sensa\u00e7\u00e3o"},"content":{"rendered":"<p><a href=\"https:\/\/www.pontodoscafes.com.br\/blog\/wp-content\/uploads\/2015\/05\/cafe.jpg\"><img loading=\"lazy\" class=\"aligncenter wp-image-163 size-full\" src=\"https:\/\/www.pontodoscafes.com.br\/blog\/wp-content\/uploads\/2015\/05\/cafe.jpg\" alt=\"\" width=\"500\" height=\"300\" srcset=\"https:\/\/www.pontodoscafes.com.br\/blog\/wp-content\/uploads\/2015\/05\/cafe.jpg 500w, https:\/\/www.pontodoscafes.com.br\/blog\/wp-content\/uploads\/2015\/05\/cafe-300x180.jpg 300w, https:\/\/www.pontodoscafes.com.br\/blog\/wp-content\/uploads\/2015\/05\/cafe-250x150.jpg 250w\" sizes=\"(max-width: 500px) 100vw, 500px\" \/><\/a><\/p>\n<p>Cientistas brasileiros descobrem que prote\u00edna da cafe\u00edna gera sensa\u00e7\u00e3o parecida com \u00e0 morfina analg\u00e9sica.<\/p>\n<p>Os cientistas brasileiros do EMBRAPA afirmam em sua pesquisa de que os fragmentos de uma prote\u00edna no caf\u00e9 se mostraram ter efeitos parecidos ao da morfina, com tamb\u00e9m efeitos tranquilizadores.<\/p>\n<p>A morfina \u00e9 uma droga que atua de forma direta no sistema nervoso central do ser humano, agindo de forma eficaz no al\u00edvio de dores. Com seus pontos positivos, tamb\u00e9m existem os negativos: a morfina possui alto potencial de depend\u00eancia entre seus usu\u00e1rios.<\/p>\n<p>A descoberta foi atingida quando as duas frentes de pesquisa entraram em colabora\u00e7\u00e3o m\u00fatua para a tentativa de conseguir encontrar uma forma de melhorar a qualidade dos gr\u00e3os de caf\u00e9 atrav\u00e9s da combina\u00e7\u00e3o de genes do mesmo.<\/p>\n<p>A EMBRAPA, que conduziu a pesquisa em conjunto com a Universidade de Bras\u00edlia, ponderou que tal descoberta pode influenciar na ind\u00fastria de alimentos, j\u00e1 que tal descoberta possui um grande \u201cpotencial biotecnol\u00f3gico\u201d.<\/p>\n<p>Os time da pesquisa aplicou-se para o governo brasileiro em detrimento de patentear sete prote\u00ednas identificadas, at\u00e9 mesmo porque o n\u00edvel de utiliza\u00e7\u00e3o de tais prote\u00ednas podem ser diversos e ainda precisam de uma pesquisa mais desenvolvida para caracterizar todas as suas funcionalidades.<\/p>\n<p>Fonte: DailyMail<\/p>\n<p><a href=\"https:\/\/www.pontodoscafes.com.br\/blog\/wp-content\/uploads\/2015\/01\/assinaturablog2.png\" target=\"_blank\" rel=\"noopener noreferrer\"><img loading=\"lazy\" class=\"aligncenter wp-image-111 size-full\" src=\"https:\/\/www.pontodoscafes.com.br\/blog\/wp-content\/uploads\/2015\/01\/assinaturablog2.png\" alt=\"\" width=\"650\" height=\"152\" srcset=\"https:\/\/www.pontodoscafes.com.br\/blog\/wp-content\/uploads\/2015\/01\/assinaturablog2.png 650w, https:\/\/www.pontodoscafes.com.br\/blog\/wp-content\/uploads\/2015\/01\/assinaturablog2-300x70.png 300w, https:\/\/www.pontodoscafes.com.br\/blog\/wp-content\/uploads\/2015\/01\/assinaturablog2-250x58.png 250w, https:\/\/www.pontodoscafes.com.br\/blog\/wp-content\/uploads\/2015\/01\/assinaturablog2-510x119.png 510w\" sizes=\"(max-width: 650px) 100vw, 650px\" \/><\/a><\/p>\n<p>Confira nossas m\u00e1quinas do <a href=\"http:\/\/www.pontodoscafes.com.br\">Ponto dos Caf\u00e9s<\/a> e opte por praticidade e qualidade.<\/p>\n","protected":false},"excerpt":{"rendered":"<p>Cientistas brasileiros descobrem que prote\u00edna da cafe\u00edna gera sensa\u00e7\u00e3o parecida com \u00e0 morfina analg\u00e9sica. Os cientistas brasileiros do EMBRAPA afirmam em sua pesquisa de que os fragmentos de uma prote\u00edna [&hellip;]<\/p>\n","protected":false},"author":1,"featured_media":163,"comment_status":"open","ping_status":"open","sticky":false,"template":"","format":"standard","meta":[],"categories":[1],"tags":[46,16,40,44,47],"aioseo_notices":[],"_links":{"self":[{"href":"https:\/\/www.pontodoscafes.com.br\/blog\/wp-json\/wp\/v2\/posts\/162"}],"collection":[{"href":"https:\/\/www.pontodoscafes.com.br\/blog\/wp-json\/wp\/v2\/posts"}],"about":[{"href":"https:\/\/www.pontodoscafes.com.br\/blog\/wp-json\/wp\/v2\/types\/post"}],"author":[{"embeddable":true,"href":"https:\/\/www.pontodoscafes.com.br\/blog\/wp-json\/wp\/v2\/users\/1"}],"replies":[{"embeddable":true,"href":"https:\/\/www.pontodoscafes.com.br\/blog\/wp-json\/wp\/v2\/comments?post=162"}],"version-history":[{"count":7,"href":"https:\/\/www.pontodoscafes.com.br\/blog\/wp-json\/wp\/v2\/posts\/162\/revisions"}],"predecessor-version":[{"id":1580,"href":"https:\/\/www.pontodoscafes.com.br\/blog\/wp-json\/wp\/v2\/posts\/162\/revisions\/1580"}],"wp:featuredmedia":[{"embeddable":true,"href":"https:\/\/www.pontodoscafes.com.br\/blog\/wp-json\/wp\/v2\/media\/163"}],"wp:attachment":[{"href":"https:\/\/www.pontodoscafes.com.br\/blog\/wp-json\/wp\/v2\/media?parent=162"}],"wp:term":[{"taxonomy":"category","embeddable":true,"href":"https:\/\/www.pontodoscafes.com.br\/blog\/wp-json\/wp\/v2\/categories?post=162"},{"taxonomy":"post_tag","embeddable":true,"href":"https:\/\/www.pontodoscafes.com.br\/blog\/wp-json\/wp\/v2\/tags?post=162"}],"curies":[{"name":"wp","href":"https:\/\/api.w.org\/{rel}","templated":true}]}}