{"id":1712,"date":"2022-06-17T16:53:09","date_gmt":"2022-06-17T16:53:09","guid":{"rendered":"https:\/\/www.pontodoscafes.com.br\/blog\/?p=1712"},"modified":"2022-08-12T14:47:25","modified_gmt":"2022-08-12T14:47:25","slug":"sete-sinais-de-que-esta-na-hora-de-ter-uma-maquina-de-cafe-na-sua-empresa","status":"publish","type":"post","link":"https:\/\/www.pontodoscafes.com.br\/blog\/sete-sinais-de-que-esta-na-hora-de-ter-uma-maquina-de-cafe-na-sua-empresa\/","title":{"rendered":"Sete sinais de que est\u00e1 na hora de ter uma m\u00e1quina de caf\u00e9 na sua empresa"},"content":{"rendered":"\n<p>Seja qual for o segmento de <a href=\"https:\/\/www.missaorh.com.br\/vagas\">trabalho<\/a>, a rotina do dia a dia sempre fica melhor quando come\u00e7a com uma x\u00edcara de caf\u00e9. Seja para atender as demandas da equipe ou receber bem os clientes, o caf\u00e9 oferece um aspecto de acolhimento, al\u00e9m de dar energia para enfrentar os desafios profissionais.\u00a0<\/p>\n\n\n\n<p>Se voc\u00ea est\u00e1 se perguntando se est\u00e1 na hora de ter uma <a href=\"https:\/\/www.pontodoscafes.com.br\/maquinas\">m\u00e1quina de caf\u00e9<\/a> na sua empresa, esse artigo vai te ajudar a identificar os sinais e avaliar os motivos para realizar este investimento. Pegue uma x\u00edcara de caf\u00e9 e boa leitura!<\/p>\n\n\n\n<h2><strong>A CAFETEIRA N\u00c3O D\u00c1 CONTA DO RECADO<\/strong><\/h2>\n\n\n\n<p>Se na sua empresa o caf\u00e9 mal fica pronto e a cafeteira j\u00e1 est\u00e1 vazia, este pode ser um sinal de que o m\u00e9todo tradicional n\u00e3o \u00e9 eficiente para atender a demanda do seu time. O crescimento da empresa e aumento das equipes, pode indicar que est\u00e1 na hora de investir em uma m\u00e1quina de caf\u00e9.<\/p>\n\n\n\n<p>Al\u00e9m de eliminar as filas, que fazem os seus colaboradores perderem tempo, elas s\u00e3o mais adequadas para atender \u00e0s necessidades de grandes empresas, garantindo a satisfa\u00e7\u00e3o de todos. J\u00e1 pensou que saia justa, oferecer caf\u00e9 para seus clientes e encontrar a cafeteira vazia?<\/p>\n\n\n\n<h2><strong>SISTEMA DE TRABALHO PRESENCIAL<\/strong><\/h2>\n\n\n\n<figure class=\"wp-block-image\"><img src=\"https:\/\/lh5.googleusercontent.com\/TPCdagNM0x1IMk4US1qflDE5zk_tNTEKoxkpOk-1f8yZayFiCPkamwjgBbYnGcs2UPtGfnJWPoFZ6-cFrldepUIyUKllGlxmU9kHjH5W-N64t6kPbbqIJ-4JRhUx_BNsjybBArDAejCqDhB7AQ\" alt=\"\"\/><\/figure>\n\n\n\n<p>Ap\u00f3s a pandemia, nossa rotina de trabalho foi radicalmente alterada, in\u00fameras empresas adotaram sistemas de trabalho remoto ou h\u00edbrido. Com o retorno dos times para o expediente presencial, muitas equipes sentem falta dos confortos do <em>home office<\/em> e aqui entra o caf\u00e9.<\/p>\n\n\n\n<p>Em casa a x\u00edcara de caf\u00e9 est\u00e1 sempre \u00e0 m\u00e3o, ao retornar para o ambiente empresarial \u00e9 muito frustrante se deparar com a cafeteira vazia. Neste cen\u00e1rio, as m\u00e1quinas de caf\u00e9 atuam como agentes de relacionamento, permitindo que seus colaboradores n\u00e3o percam a motiva\u00e7\u00e3o com as adapta\u00e7\u00f5es do retorno ao trabalho presencial.&nbsp;<\/p>\n\n\n\n<h2><strong>DEPENDER DE TERCEIROS<\/strong><\/h2>\n\n\n\n<p>Quando a estrutura da copa na sua empresa n\u00e3o atende \u00e0s necessidades dos seus colaboradores, \u00e9 comum que eles recorram \u00e0s padarias e caf\u00e9s da vizinhan\u00e7a, o que implica em desperd\u00edcio de tempo no dia a dia. Ao inv\u00e9s de se deslocar at\u00e9 o estabelecimento vizinho, \u00e9 muito mais eficiente apenas ir at\u00e9 a m\u00e1quina de caf\u00e9 e garantir a bebida.<\/p>\n\n\n\n<p>Al\u00e9m disso, n\u00e3o depender de estabelecimentos terceiros ir\u00e1 evitar qualquer transtorno em situa\u00e7\u00f5es como: inadimpl\u00eancia e onera\u00e7\u00e3o do tempo da equipe na recep\u00e7\u00e3o, nos casos de tele-entrega. Outro fator positivo \u00e9 que isso ir\u00e1 diminuir drasticamente as chances de que sua equipe se sinta insatisfeita com os gastos extras, j\u00e1 que as m\u00e1quinas de caf\u00e9 oferecem melhor custo benef\u00edcio.<\/p>\n\n\n\n<h2><strong>RECOMPENSA COLETIVA<\/strong><\/h2>\n\n\n\n<p>Oferecer uma m\u00e1quina de caf\u00e9 para seu time, pode servir como fator de motiva\u00e7\u00e3o para alcan\u00e7ar uma meta interna. Disponibilizar estes b\u00f4nus \u00e9 uma forma de recompensar e valorizar o empenho da equipe, gerando uma melhora no ambiente de trabalho, fidelizando colaboradores e conquistando cada vez mais dedica\u00e7\u00e3o.<\/p>\n\n\n\n<h2><strong>REDU\u00c7\u00c3O DE TEMPO E RECLAMA\u00c7\u00d5ES<\/strong><\/h2>\n\n\n\n<p>Esta vantagem \u00e9 especialmente dedicada ao time que se responsabiliza por fazer o caf\u00e9. Quem j\u00e1 assumiu essa responsabilidade sabe que, apesar de ser uma tarefa simples, preparar o caf\u00e9 consome pelo menos 15 minutos, se voc\u00ea fizer caf\u00e9 duas vezes ao dia, pode somar pelo menos meia hora dedicada apenas para manter a cafeteira cheia.&nbsp;<\/p>\n\n\n\n<p>Al\u00e9m disso, \u00e9 muito dif\u00edcil agradar o gosto de todos. Por mais que voc\u00ea prepare o caf\u00e9 com carinho, sempre haver\u00e3o coment\u00e1rios como: o caf\u00e9 est\u00e1 muito fraco ou est\u00e1 muito forte. Neste cen\u00e1rio a m\u00e1quina de caf\u00e9 surge como um resolvedor de problemas, al\u00e9m de n\u00e3o desperdi\u00e7ar o tempo da equipe, ela prepara o caf\u00e9 de forma personalizada, garantindo a satisfa\u00e7\u00e3o de todos.<\/p>\n\n\n\n<h2><strong>EVITE DESPERD\u00cdCIOS<\/strong><\/h2>\n\n\n\n<p>Quantas vezes o caf\u00e9 da sua empresa j\u00e1 foi jogado fora porque ficou frio ou a equipe errou a medida e a bebida ficou intrag\u00e1vel? Com uma m\u00e1quina de caf\u00e9 esse desperd\u00edcio n\u00e3o acontece, al\u00e9m de que para o preparo de cada copo, o equipamento vai usar a quantidade exata de insumos. Se voc\u00ea estiver preocupado com o descarte de copos pl\u00e1sticos, esta situa\u00e7\u00e3o tamb\u00e9m pode ser resolvida empregando uma norma para que seu time tenha canecas individuais.&nbsp;<\/p>\n\n\n\n<h2><strong>EQUIPES MAIS FELIZES<\/strong><\/h2>\n\n\n\n<p>Investir em uma m\u00e1quina de caf\u00e9, al\u00e9m de trazer todos os benef\u00edcios citados acima \u00e9, principalmente, uma ferramenta de socializa\u00e7\u00e3o com o seu time. Oferecer uma estrutura acolhedora e que fa\u00e7a sua equipe se sentir bem no ambiente de trabalho, faz toda a diferen\u00e7a para o rendimento dos colaboradores. O caf\u00e9 d\u00e1 energia e motiva as pessoas para trabalharem melhor.&nbsp;<\/p>\n\n\n\n<p>Leia tamb\u00e9m: <a href=\"https:\/\/www.pontodoscafes.com.br\/blog\/maquina-de-cafe-automatica-voce-precisa-de-uma\/\">voc\u00ea precisa de uma m\u00e1quina de caf\u00e9 autom\u00e1tica<\/a><\/p>\n\n\n\n<h2><strong>ONDE ENCONTRAR UMA M\u00c1QUINA DE CAF\u00c9?<\/strong><\/h2>\n\n\n\n<p>Se voc\u00ea j\u00e1 est\u00e1 convencido que a sua empresa n\u00e3o pode ficar sem uma m\u00e1quina de caf\u00e9, a <a href=\"https:\/\/www.pontodoscafes.com.br\/\">Ponto dos Caf\u00e9s<\/a> pode te ajudar nessa miss\u00e3o. Aqui, voc\u00ea encontra diversos modelos e op\u00e7\u00f5es para garantir a sua, seja com aluguel ou venda do equipamento.&nbsp;<a href=\"https:\/\/www.pontodoscafes.com.br\/contato\">Fale com a nossa equipe<\/a> e desfrute dos benef\u00edcios da m\u00e1quina de caf\u00e9 na sua empresa.<\/p>\n","protected":false},"excerpt":{"rendered":"<p>Seja qual for o segmento de trabalho, a rotina do dia a dia sempre fica melhor quando come\u00e7a com uma x\u00edcara de caf\u00e9. Seja para atender as demandas da equipe [&hellip;]<\/p>\n","protected":false},"author":1,"featured_media":1713,"comment_status":"open","ping_status":"open","sticky":true,"template":"","format":"standard","meta":[],"categories":[8],"tags":[],"aioseo_notices":[],"_links":{"self":[{"href":"https:\/\/www.pontodoscafes.com.br\/blog\/wp-json\/wp\/v2\/posts\/1712"}],"collection":[{"href":"https:\/\/www.pontodoscafes.com.br\/blog\/wp-json\/wp\/v2\/posts"}],"about":[{"href":"https:\/\/www.pontodoscafes.com.br\/blog\/wp-json\/wp\/v2\/types\/post"}],"author":[{"embeddable":true,"href":"https:\/\/www.pontodoscafes.com.br\/blog\/wp-json\/wp\/v2\/users\/1"}],"replies":[{"embeddable":true,"href":"https:\/\/www.pontodoscafes.com.br\/blog\/wp-json\/wp\/v2\/comments?post=1712"}],"version-history":[{"count":2,"href":"https:\/\/www.pontodoscafes.com.br\/blog\/wp-json\/wp\/v2\/posts\/1712\/revisions"}],"predecessor-version":[{"id":1731,"href":"https:\/\/www.pontodoscafes.com.br\/blog\/wp-json\/wp\/v2\/posts\/1712\/revisions\/1731"}],"wp:featuredmedia":[{"embeddable":true,"href":"https:\/\/www.pontodoscafes.com.br\/blog\/wp-json\/wp\/v2\/media\/1713"}],"wp:attachment":[{"href":"https:\/\/www.pontodoscafes.com.br\/blog\/wp-json\/wp\/v2\/media?parent=1712"}],"wp:term":[{"taxonomy":"category","embeddable":true,"href":"https:\/\/www.pontodoscafes.com.br\/blog\/wp-json\/wp\/v2\/categories?post=1712"},{"taxonomy":"post_tag","embeddable":true,"href":"https:\/\/www.pontodoscafes.com.br\/blog\/wp-json\/wp\/v2\/tags?post=1712"}],"curies":[{"name":"wp","href":"https:\/\/api.w.org\/{rel}","templated":true}]}}