{"id":1715,"date":"2022-06-17T17:36:54","date_gmt":"2022-06-17T17:36:54","guid":{"rendered":"https:\/\/www.pontodoscafes.com.br\/blog\/?p=1715"},"modified":"2022-09-23T17:28:26","modified_gmt":"2022-09-23T17:28:26","slug":"efeitos-que-o-aroma-de-cafe-proporciona-para-o-emocional","status":"publish","type":"post","link":"https:\/\/www.pontodoscafes.com.br\/blog\/efeitos-que-o-aroma-de-cafe-proporciona-para-o-emocional\/","title":{"rendered":"Efeitos que o Aroma de Caf\u00e9 proporciona para o emocional"},"content":{"rendered":"\n<p>O caf\u00e9 faz parte da vida do brasileiro, \u00e9 a segunda bebida mais consumida no pa\u00eds, ficando atr\u00e1s apenas da \u00e1gua. Temos tanto orgulho do nosso caf\u00e9 que, al\u00e9m de consumir em grande escala, somos o maior produtor do mundo. Hoje podemos dizer com satisfa\u00e7\u00e3o que 40% de todo o caf\u00e9 consumido mundialmente, \u00e9 verde e amarelo.<\/p>\n\n\n\n<p><a href=\"https:\/\/www.pontodoscafes.com.br\/blog\/10-receitas-com-cafe-para-experimentar-em-2022\/\">S\u00e3o tantas varia\u00e7\u00f5es que \u00e9 imposs\u00edvel que nenhuma agrade o paladar.<\/a> Tem caf\u00e9 com leite, puro, doce, amargo, com chocolate, com canela, gelado,&#8230;e por a\u00ed vai. Para quem \u00e9 um bom apreciador, sabe que parte do encanto pelo caf\u00e9 est\u00e1 em todo o processo, desde o preparo. A experi\u00eancia de passar a bebida, medir as propor\u00e7\u00f5es certas para a combina\u00e7\u00e3o perfeita, sentir o cheiro do p\u00f3 e aquele perfume delicioso de caf\u00e9 fresco que fica no ambiente.<\/p>\n\n\n\n<p>\u00c9 sobre o aroma de caf\u00e9 que queremos conversar hoje no nosso blog. Voc\u00ea sabia que sentir o cheirinho desta bebida pode fazer bem para a sua <a href=\"https:\/\/www.tonederm.com.br\/\" target=\"_blank\" rel=\"noreferrer noopener\">sa\u00fade<\/a> emocional? Pois \u00e9, o caf\u00e9 n\u00e3o proporciona apenas <a href=\"https:\/\/www.pontodoscafes.com.br\/blog\/cafe-e-doencas-neurodegenerativas\/\">efeitos f\u00edsicos<\/a>, como mais disposi\u00e7\u00e3o e energia, ele tamb\u00e9m aquece o nosso cora\u00e7\u00e3o e mant\u00e9m a nossa mente saud\u00e1vel.<\/p>\n\n\n\n<h2><strong>AROMA DE CAF\u00c9 E DISPOSI\u00c7\u00c3O<\/strong><\/h2>\n\n\n\n<p>Se voc\u00ea \u00e9 daqueles que s\u00f3 de sentir o cheiro de caf\u00e9, j\u00e1 se sente mais disposto, saiba que isso n\u00e3o \u00e9 meramente impress\u00e3o sua. Apenas com o aroma, nosso c\u00e9rebro j\u00e1 desperta e se torna mais alerta para realizar suas tarefas. Sendo o olfato um dos sentidos mais poderosos e sens\u00edveis, \u00e9 compreensivo que nosso c\u00e9rebro responda aos cheiros que mais nos agradam, no caso do caf\u00e9, nos sentimos animados e cheios de energia.<\/p>\n\n\n\n<h2><strong>GATILHOS POSITIVOS<\/strong><\/h2>\n\n\n\n<figure class=\"wp-block-image\"><img src=\"https:\/\/lh4.googleusercontent.com\/uW2K4rRZmRgUvEkSAIBKxcl2wuj9uJu78kOpUZaW6opHqhhOYIWJYKOUDwaG5G7e1MOKKO-_lyRPb1IGgyqIlaxY0x6dFzrniYYmDvJ9aTkDknqh1DQjLlgrL6XsjnZ1cXTAMyjDYwOt7knnUQ\" alt=\"\"\/><\/figure>\n\n\n\n<p>N\u00e3o \u00e9 de hoje que a ci\u00eancia estuda o poder dos aromas no nosso humor e bem-estar. Alguns cheiros espec\u00edficos t\u00eam, inclusive, o poder de despertar mem\u00f3rias positivas e boas sensa\u00e7\u00f5es, este \u00e9 o caso do aroma de caf\u00e9.&nbsp;<\/p>\n\n\n\n<p>Como a bebida est\u00e1 normalmente associada a momentos de socializa\u00e7\u00e3o ou relaxamento, por exemplo, encontrar amigos em uma cafeteria ou fazer uma pausa na rotina de trabalho, sentir o cheirinho de caf\u00e9 pode nos deixar de bom humor. Este sentimento nasce das mem\u00f3rias afetivas que criamos com a bebida, fazendo com que o aroma de caf\u00e9 seja um gatilho positivo para n\u00f3s durante o dia.<\/p>\n\n\n\n<h2><strong>TRANQUILIDADE<\/strong><\/h2>\n\n\n\n<p>Epa! Como assim, tranquilidade?<\/p>\n\n\n\n<p>Apesar do caf\u00e9 ser normalmente associado aos est\u00edmulos que gera, o aroma pode nos despertar a sensa\u00e7\u00e3o de tranquilidade e relaxamento. O bem-estar proporcionado pelo perfume da bebida, melhora o nosso humor e diminui os n\u00edveis de estresse. O mesmo efeito pode ser observado com beb\u00eas que sentem o cheiro da m\u00e3e e se tornam mais calmos quando s\u00e3o pegos no colo.<\/p>\n\n\n\n<h2><strong>DEPRESS\u00c3O, AQUI N\u00c3O!<\/strong><\/h2>\n\n\n\n<figure class=\"wp-block-image\"><img src=\"https:\/\/lh6.googleusercontent.com\/wSEmWR9aVjf5aAnpFob0KEc6-Hk-OLtMzp6TMl-kihE8DtdTps9PflmVVBLtIiNvr5kNt4bGfATrDBNx_4VvYuPUMhcKrrYd2NALyKqmrx8GEsVcLelRMSbnRtzX9ZxM-lNKGJZ5pMk45G4pxg\" alt=\"\"\/><\/figure>\n\n\n\n<p>O olfato \u00e9 processado na mesma \u00e1rea do c\u00e9rebro em que registramos nossas mem\u00f3rias, podemos guardar at\u00e9 10 mil aromas distintos, por isso, lembran\u00e7as que s\u00e3o associadas aos cheiros, costumam ser mais v\u00edvidas na nossa mente e terem um efeito maior sobre n\u00f3s. Desta forma, o aroma de caf\u00e9 pode nos ajudar a enfrentar alguns sintomas da depress\u00e3o, por exemplo, nos sentimos mais dispostos, menos estressados e at\u00e9 mais bem humorados.<\/p>\n\n\n\n<p>\u00c9 claro que apenas o cheiro da bebida n\u00e3o faz milagres sozinho, por\u00e9m todos sabemos como \u00e9 bom estar em um ambiente que nos sentimos acolhidos: o aroma de caf\u00e9 tem este poder. Nos sentimos em casa e aconchegados pela ideia de ingerir uma bebida gostosa e quente. Estes sentimentos podem n\u00e3o mover montanhas, mas s\u00e3o os pequenos prazeres da vida que d\u00e3o sentido aos nossos dias.&nbsp;<\/p>\n\n\n\n<p>Diante de todos estes pontos, quem j\u00e1 adorava a bebida, agora ganhou ainda mais motivos para n\u00e3o deixar de apreci\u00e1-la diariamente. Come\u00e7ar o dia com uma boa x\u00edcara de caf\u00e9 \u00e9 o mesmo que entrar em algum lugar com o p\u00e9 direito, voc\u00ea j\u00e1 inicia o dia bem.<\/p>\n\n\n\n<p>Al\u00e9m de todos os efeitos positivos que o aroma proporciona, ingerir a bebida com modera\u00e7\u00e3o, tamb\u00e9m, pode fazer bem a nossa sa\u00fade, prevenindo doen\u00e7as e nos ajudando a enfrentar os desafios di\u00e1rios com mais disposi\u00e7\u00e3o. Se voc\u00ea \u00e9 do time que n\u00e3o fica sem o seu caf\u00e9zinho, saiba que voc\u00ea est\u00e1 ingerindo doses de bem estar e permitindo que as pessoas ao seu redor, tamb\u00e9m, se sintam melhores, apenas com o aroma da bebida.&nbsp;<\/p>\n\n\n\n<p>Pegue sua x\u00edcara e aprecie um bom caf\u00e9!<\/p>\n","protected":false},"excerpt":{"rendered":"<p>O caf\u00e9 faz parte da vida do brasileiro, \u00e9 a segunda bebida mais consumida no pa\u00eds, ficando atr\u00e1s apenas da \u00e1gua. Temos tanto orgulho do nosso caf\u00e9 que, al\u00e9m de [&hellip;]<\/p>\n","protected":false},"author":1,"featured_media":1716,"comment_status":"open","ping_status":"open","sticky":true,"template":"","format":"standard","meta":[],"categories":[262,362],"tags":[],"aioseo_notices":[],"_links":{"self":[{"href":"https:\/\/www.pontodoscafes.com.br\/blog\/wp-json\/wp\/v2\/posts\/1715"}],"collection":[{"href":"https:\/\/www.pontodoscafes.com.br\/blog\/wp-json\/wp\/v2\/posts"}],"about":[{"href":"https:\/\/www.pontodoscafes.com.br\/blog\/wp-json\/wp\/v2\/types\/post"}],"author":[{"embeddable":true,"href":"https:\/\/www.pontodoscafes.com.br\/blog\/wp-json\/wp\/v2\/users\/1"}],"replies":[{"embeddable":true,"href":"https:\/\/www.pontodoscafes.com.br\/blog\/wp-json\/wp\/v2\/comments?post=1715"}],"version-history":[{"count":2,"href":"https:\/\/www.pontodoscafes.com.br\/blog\/wp-json\/wp\/v2\/posts\/1715\/revisions"}],"predecessor-version":[{"id":1738,"href":"https:\/\/www.pontodoscafes.com.br\/blog\/wp-json\/wp\/v2\/posts\/1715\/revisions\/1738"}],"wp:featuredmedia":[{"embeddable":true,"href":"https:\/\/www.pontodoscafes.com.br\/blog\/wp-json\/wp\/v2\/media\/1716"}],"wp:attachment":[{"href":"https:\/\/www.pontodoscafes.com.br\/blog\/wp-json\/wp\/v2\/media?parent=1715"}],"wp:term":[{"taxonomy":"category","embeddable":true,"href":"https:\/\/www.pontodoscafes.com.br\/blog\/wp-json\/wp\/v2\/categories?post=1715"},{"taxonomy":"post_tag","embeddable":true,"href":"https:\/\/www.pontodoscafes.com.br\/blog\/wp-json\/wp\/v2\/tags?post=1715"}],"curies":[{"name":"wp","href":"https:\/\/api.w.org\/{rel}","templated":true}]}}