{"id":1740,"date":"2022-10-04T19:53:04","date_gmt":"2022-10-04T19:53:04","guid":{"rendered":"https:\/\/www.pontodoscafes.com.br\/blog\/?p=1740"},"modified":"2023-05-17T12:47:51","modified_gmt":"2023-05-17T12:47:51","slug":"ponto-dos-cafes-e-seu-parceiro-ideal-para-um-ambiente-de-trabalho-saudavel","status":"publish","type":"post","link":"https:\/\/www.pontodoscafes.com.br\/blog\/ponto-dos-cafes-e-seu-parceiro-ideal-para-um-ambiente-de-trabalho-saudavel\/","title":{"rendered":"Ponto dos Caf\u00e9s \u00e9 seu parceiro ideal para um ambiente de trabalho saud\u00e1vel"},"content":{"rendered":"\n<p>A pausa para tomar aquele cafezinho j\u00e1 virou rotina obrigat\u00f3ria em muitas empresas. Inclusive, quando o assunto \u00e9 trabalho, pesquisas internacionais e especialistas da \u00e1rea afirmam que essa pr\u00e1tica gera muitos benef\u00edcios aos colaboradores: o caf\u00e9 favorece o aumento da produtividade, ativa a criatividade e auxilia no foco e na motiva\u00e7\u00e3o di\u00e1ria em qualquer segmento, desde <a href=\"https:\/\/www.metalurgicascain.com.br\/\" title=\"metal\u00fargicas\">metal\u00fargicas<\/a> at\u00e9 escrit\u00f3rios.\u00a0<\/p>\n\n\n\n<p> at\u00e9 escrit\u00f3rios.\u00a0<\/p>\n\n\n\n<p>A bebida, classificada como aconchegante, abre a mente e tamb\u00e9m quebra o fluxo estressante de muitas jornadas de trabalho.<\/p>\n\n\n\n<p>Mas, quando uma empresa enxerga na pausa para o caf\u00e9 uma oportunidade para alavancar o neg\u00f3cio, \u00e9 preciso contar com parcerias de qualidade e que saibam como oferecer os melhores produtos para cada momento.&nbsp;<\/p>\n\n\n\n<p>\u00c9 a\u00ed que entra o <strong><a href=\"https:\/\/www.pontodoscafes.com.br\/\" target=\"_blank\" rel=\"noreferrer noopener\" title=\"https:\/\/www.pontodoscafes.com.br\/\">Ponto dos Caf\u00e9s<\/a><\/strong>. Aqui, n\u00f3s oferecemos uma linha completa de m\u00e1quinas e suprimentos para que voc\u00ea consiga montar uma estrutura capaz de atender a demanda dos seus funcion\u00e1rios.&nbsp;<\/p>\n\n\n\n<p>Voc\u00ea quer ter um espa\u00e7o aconchegante na sua empresa? Ent\u00e3o voc\u00ea est\u00e1 no lugar certo! Confira abaixo como o Ponto dos Caf\u00e9s pode ser o seu parceiro ideal.<\/p>\n\n\n\n<h2><strong>Ponto dos Caf\u00e9s: parceria na pausa para o cafezinho<\/strong><\/h2>\n\n\n\n<p>Famoso por transformar ambientes mais s\u00e9rios em locais amig\u00e1veis, o caf\u00e9 n\u00e3o somente quebra a formalidade, como torna tudo mais confort\u00e1vel.&nbsp;<\/p>\n\n\n\n<p>Para muitas pessoas, esse momento de pausa na escala de trabalho vai al\u00e9m de uma forma de descanso, \u00e9 uma oportunidade de integra\u00e7\u00e3o com os colegas: cada gr\u00e3o de caf\u00e9 carrega mais do que um aroma marcante, \u00e9 como um abra\u00e7o que faz a vida fluir mais leve, que une gera\u00e7\u00f5es e abre portas para novas conex\u00f5es.&nbsp;<\/p>\n\n\n\n<p>Se a sua empresa ainda n\u00e3o tem a cultura de praticar a pausa para o cafezinho, o Ponto dos Caf\u00e9s quer te ajudar nessa miss\u00e3o.&nbsp;<\/p>\n\n\n\n<p>Com tr\u00eas d\u00e9cadas de experi\u00eancia no mercado, nosso maior objetivo \u00e9 fornecer equipamentos, suprimentos e assist\u00eancia t\u00e9cnica-operacional de qualidade. Temos uma linha completa de M\u00e1quinas de Caf\u00e9 para o seu neg\u00f3cio, com \u00f3timo custo-benef\u00edcio para seus funcion\u00e1rios.<\/p>\n\n\n\n<p>O Ponto dos Caf\u00e9s realiza a <a href=\"https:\/\/www.pontodoscafes.com.br\/servicos\/1\/Venda-e-aluguel-de-Maquinas-de-Cafe-Expresso\"><strong>venda e aluguel<\/strong><\/a> de m\u00e1quinas em cidades da regi\u00e3o metropolitana e na serra do Rio Grande do Sul.&nbsp;<\/p>\n\n\n\n<p>Al\u00e9m disso, possui solu\u00e7\u00f5es para estabelecimentos e empresas de todos os portes. Contamos com uma equipe especializada e estamos prontos para atender \u00e0s suas necessidades, fornecendo, al\u00e9m dos melhores produtos, <a href=\"https:\/\/www.prolatech.com.br\/\" target=\"_blank\" rel=\"noreferrer noopener\" title=\"https:\/\/www.prolatech.com.br\/\"><strong>seguran\u00e7a<\/strong><\/a> no p\u00f3s-venda, treinamento e assessoria com rela\u00e7\u00e3o ao ponto de venda.<\/p>\n\n\n\n<p>Caso voc\u00ea ainda n\u00e3o esteja convencido de que precisa de uma m\u00e1quina de caf\u00e9 na sua empresa, n\u00e3o deixe de conferir os 7 motivos para realizar esse investimento.&nbsp;<\/p>\n\n\n\n<h2><strong>Saiba organizar a pausa com o Ponto dos Caf\u00e9s<\/strong><\/h2>\n\n\n\n<p>Se um ambiente de trabalho saud\u00e1vel \u00e9 parte do seu prop\u00f3sito, com o Ponto dos Caf\u00e9s voc\u00ea encontra tudo que sua empresa precisa para garantir mais conforto, praticidade e sabor na pausa para o cafezinho.&nbsp;<\/p>\n\n\n\n<p>Tamb\u00e9m te ajudamos a evitar desperd\u00edcios na hora de preparar o verdadeiro caf\u00e9 espresso.&nbsp;<\/p>\n\n\n\n<p><strong>Leia mais: <a href=\"https:\/\/www.pontodoscafes.com.br\/blog\/conheca-os-7-principais-beneficios-do-cafe-para-a-saude\/\" target=\"_blank\" rel=\"noreferrer noopener\" title=\"https:\/\/www.pontodoscafes.com.br\/blog\/conheca-os-7-principais-beneficios-do-cafe-para-a-saude\/\">benef\u00edcios do caf\u00e9 para a sa\u00fade<\/a><\/strong><\/p>\n\n\n\n<p>Organizar a pausa no trabalho requer, de imediato, que gestores e funcion\u00e1rios estejam alinhados: esse momento de descanso n\u00e3o tem a inten\u00e7\u00e3o de ser um mais um intervalo na jornada de trabalho e, sim, um breve momento para estimular novas ideias e impulsionar desempenhos mais efetivos na equipe.&nbsp;<\/p>\n\n\n\n<p>Criar um local de trabalho mais leve torna f\u00e1cil estimular os colaboradores a entregar resultados melhores, al\u00e9m de garantir a sa\u00fade mental de todos os envolvidos.&nbsp;<\/p>\n\n\n\n<p>Depois disso, o pr\u00f3ximo passo \u00e9 definir o local de descanso. Pode ser uma sala mais afastada ou at\u00e9 mesmo um pequeno espa\u00e7o com op\u00e7\u00e3o para sentar. Normalmente, esse tipo de ambiente costuma ser mais livre, j\u00e1 que assim se torna mais efetiva a confraterniza\u00e7\u00e3o entre os colaboradores.<\/p>\n\n\n\n<p>Por fim, \u00e9 preciso garantir que haja caf\u00e9! Equipar esse local com uma m\u00e1quina do Pontos dos Caf\u00e9s garante, al\u00e9m da bebida tradicional, diversas outras op\u00e7\u00f5es. N\u00f3s sabemos que cada pessoa tem uma prefer\u00eancia em rela\u00e7\u00e3o ao caf\u00e9: tem a turma do sem a\u00e7\u00facar, a do caf\u00e9 com leite, entre outras.&nbsp;<\/p>\n\n\n\n<p>Por isso, nada melhor do que investir em um equipamento profissional, equipado para atender todas as demandas. Um cafezinho na medida certa para animar todos os funcion\u00e1rios.<\/p>\n\n\n\n<h3><strong>Chame a nossa equipe<\/strong><\/h3>\n\n\n\n<p>No Ponto dos Caf\u00e9s, voc\u00ea encontra diversos modelos para garantir a m\u00e1quina que mais se encaixa na sua empresa. Seja com aluguel ou venda do equipamento, conte com a nossa equipe para construir um ambiente de trabalho saud\u00e1vel!<\/p>\n","protected":false},"excerpt":{"rendered":"<p>A pausa para tomar aquele cafezinho j\u00e1 virou rotina obrigat\u00f3ria em muitas empresas. Inclusive, quando o assunto \u00e9 trabalho, pesquisas internacionais e especialistas da \u00e1rea afirmam que essa pr\u00e1tica gera [&hellip;]<\/p>\n","protected":false},"author":1,"featured_media":1761,"comment_status":"open","ping_status":"open","sticky":true,"template":"","format":"standard","meta":[],"categories":[362],"tags":[],"aioseo_notices":[],"_links":{"self":[{"href":"https:\/\/www.pontodoscafes.com.br\/blog\/wp-json\/wp\/v2\/posts\/1740"}],"collection":[{"href":"https:\/\/www.pontodoscafes.com.br\/blog\/wp-json\/wp\/v2\/posts"}],"about":[{"href":"https:\/\/www.pontodoscafes.com.br\/blog\/wp-json\/wp\/v2\/types\/post"}],"author":[{"embeddable":true,"href":"https:\/\/www.pontodoscafes.com.br\/blog\/wp-json\/wp\/v2\/users\/1"}],"replies":[{"embeddable":true,"href":"https:\/\/www.pontodoscafes.com.br\/blog\/wp-json\/wp\/v2\/comments?post=1740"}],"version-history":[{"count":7,"href":"https:\/\/www.pontodoscafes.com.br\/blog\/wp-json\/wp\/v2\/posts\/1740\/revisions"}],"predecessor-version":[{"id":1830,"href":"https:\/\/www.pontodoscafes.com.br\/blog\/wp-json\/wp\/v2\/posts\/1740\/revisions\/1830"}],"wp:featuredmedia":[{"embeddable":true,"href":"https:\/\/www.pontodoscafes.com.br\/blog\/wp-json\/wp\/v2\/media\/1761"}],"wp:attachment":[{"href":"https:\/\/www.pontodoscafes.com.br\/blog\/wp-json\/wp\/v2\/media?parent=1740"}],"wp:term":[{"taxonomy":"category","embeddable":true,"href":"https:\/\/www.pontodoscafes.com.br\/blog\/wp-json\/wp\/v2\/categories?post=1740"},{"taxonomy":"post_tag","embeddable":true,"href":"https:\/\/www.pontodoscafes.com.br\/blog\/wp-json\/wp\/v2\/tags?post=1740"}],"curies":[{"name":"wp","href":"https:\/\/api.w.org\/{rel}","templated":true}]}}