{"id":1819,"date":"2023-04-14T04:41:00","date_gmt":"2023-04-14T04:41:00","guid":{"rendered":"https:\/\/www.pontodoscafes.com.br\/blog\/?p=1819"},"modified":"2023-04-13T12:47:02","modified_gmt":"2023-04-13T12:47:02","slug":"dia-mundial-do-cafe-tendencias-para-o-futuro-da-bebida","status":"publish","type":"post","link":"https:\/\/www.pontodoscafes.com.br\/blog\/dia-mundial-do-cafe-tendencias-para-o-futuro-da-bebida\/","title":{"rendered":"Dia Mundial do Caf\u00e9: tend\u00eancias para o futuro da bebida"},"content":{"rendered":"\n<p>Caf\u00e9 especial, tecnologia sustent\u00e1vel e novos sabores: quais ser\u00e3o as tend\u00eancias para o futuro da bebida? Neste Dia Mundial do Caf\u00e9, n\u00f3s te convidamos a mergulhar um pouco mais<strong> neste universo que \u00e9 parte importante da rotina de milh\u00f5es de pessoas ao redor do mundo <\/strong>e descobrir o que deve movimentar a ind\u00fastria nos pr\u00f3ximos anos.<\/p>\n\n\n\n<p>Ent\u00e3o, pegue o seu cafezinho e vamos juntos!&nbsp;<\/p>\n\n\n\n<p>Tradicionalmente, <strong>o Dia Mundial do Caf\u00e9 \u00e9 comemorado em 14 de abril<\/strong>, e \u00e9 uma ocasi\u00e3o importante para celebrar essa bebida t\u00e3o popular. Aqui no blog do Ponto dos Caf\u00e9s j\u00e1 falamos sobre os <a href=\"https:\/\/www.pontodoscafes.com.br\/blog\/cafe-no-brasil-quais-as-cidades-com-maior-consumo\/\">tipos mais consumidos<\/a> e tamb\u00e9m <a href=\"https:\/\/www.pontodoscafes.com.br\/blog\/quais-tipos-de-cafe-nao-podem-faltar-na-sua-empresa\/\" target=\"_blank\" rel=\"noopener\" title=\"\">quais n\u00e3o podem faltar na sua empresa<\/a>.<\/p>\n\n\n\n<p>O caf\u00e9 \u00e9 uma das bebidas mais amadas em todo o planeta e tem uma hist\u00f3ria rica e fascinante de s\u00e9culos atr\u00e1s.<\/p>\n\n\n\n<p>Tudo come\u00e7ou na Eti\u00f3pia, onde se tem os primeiros registros de uma planta\u00e7\u00e3o de caf\u00e9. Tempos mais tarde, por volta de 1650, a bebida j\u00e1 se tornava popular na It\u00e1lia, na Fran\u00e7a e na Inglaterra. J\u00e1 em 1727, as mudas de cafeeiro chegaram ao norte do Brasil.<\/p>\n\n\n\n<p>Quase 300 anos depois, o caf\u00e9 \u00e9 a segunda bebida mais consumida do mundo, ficando atr\u00e1s somente da \u00e1gua.&nbsp;<\/p>\n\n\n\n<p><strong>Entre os v\u00e1rios tipos de gr\u00e3os que s\u00e3o cultivados em todo o mundo, alguns se destacam<\/strong>, como \u00e9 o caso do caf\u00e9 ar\u00e1bica e do caf\u00e9 robusta.<\/p>\n\n\n\n<p><strong>Leia mais: <\/strong><a href=\"https:\/\/www.pontodoscafes.com.br\/blog\/aprenda-a-identificar-um-bom-cafe\/\"><strong>Saiba como identificar um bom caf\u00e9<\/strong><\/a><\/p>\n\n\n\n<h2><strong>Dia Mundial do Caf\u00e9 e as tend\u00eancias para o futuro<\/strong><\/h2>\n\n\n\n<p>O Dia Mundial do Caf\u00e9, criado pela Organiza\u00e7\u00e3o Internacional do Caf\u00e9 (OIC) em 2015, tem o objetivo de aumentar a conscientiza\u00e7\u00e3o sobre a import\u00e2ncia da bebida na economia global, como quest\u00f5es relacionadas \u00e0 produ\u00e7\u00e3o e com\u00e9rcio, a sustentabilidade e os desafios enfrentados pelos produtores, bem como, a influ\u00eancia na vida das pessoas.<\/p>\n\n\n\n<p><strong>Confira, agora, as tend\u00eancias para o futuro do caf\u00e9.<\/strong><\/p>\n\n\n\n<p>Tema que tem gerado bastante interesse nos \u00faltimos anos, o futuro do caf\u00e9 vem sendo investigado por pesquisadores e apreciadores da bebida. Como qualquer ind\u00fastria, <strong>a produ\u00e7\u00e3o dos gr\u00e3os que comp\u00f5em o caf\u00e9 est\u00e1 sempre em evolu\u00e7\u00e3o<\/strong>, e h\u00e1 muitas tend\u00eancias emergentes que podem impactar a maneira de consumo.<\/p>\n\n\n\n<h2><strong>1 &#8211; Caf\u00e9 especial e gourmet<\/strong><\/h2>\n\n\n\n<p>Pesquisadores apostam na crescente popularidade dos gr\u00e3os especiais ou dos gourmet. Isso porque cada vez mais consumidores est\u00e3o se tornando conscientes da qualidade do produto e, consequentemente, est\u00e3o dispostos a pagar mais pela excel\u00eancia dos gr\u00e3os, produzidos com m\u00e9todos sustent\u00e1veis e com\u00e9rcio justo.&nbsp;<\/p>\n\n\n\n<p>Al\u00e9m disso, os apreciadores do caf\u00e9 est\u00e3o interessados em experimentar diferentes tipos, bem como outras formas de preparos como, por exemplo, cold brew e outras t\u00e9cnicas.<\/p>\n\n\n\n<h2><strong>2 &#8211; Tecnologia na produ\u00e7\u00e3o<\/strong><\/h2>\n\n\n\n<p>Outra tend\u00eancia interessante na ind\u00fastria do caf\u00e9 \u00e9 a utiliza\u00e7\u00e3o de tecnologia para rastrear a produ\u00e7\u00e3o de caf\u00e9 de forma mais transparente e sustent\u00e1vel. A tecnologia blockchain, por exemplo, pode ser usada para criar registros imut\u00e1veis \u200b\u200bde cada etapa da cadeia de fornecimento do caf\u00e9, desde o plantio at\u00e9 o consumo final.<\/p>\n\n\n\n<h2><strong>3 &#8211; Prefer\u00eancia de aromas e sabores<\/strong><\/h2>\n\n\n\n<p>A mudan\u00e7a nas prefer\u00eancias de sabor dos consumidores tamb\u00e9m \u00e9 apontada como uma das principais tend\u00eancias para os pr\u00f3ximos anos. Como a gera\u00e7\u00e3o mais jovem est\u00e1 cada vez mais preocupada com a sa\u00fade e o meio ambiente, \u00e9 poss\u00edvel que surjam novas demandas por caf\u00e9s org\u00e2nicos, livres de agrot\u00f3xicos e mais sustent\u00e1veis.&nbsp;<\/p>\n\n\n\n<p>Apesar de todas essas tend\u00eancias emergentes, \u00e9 dif\u00edcil prever com precis\u00e3o como ser\u00e1 o futuro do caf\u00e9. \u00c9 poss\u00edvel que o consumo continue a crescer e a evoluir, ou que surjam novas bebidas e tend\u00eancias que alterem drasticamente a maneira como consumimos caf\u00e9.&nbsp;<\/p>\n\n\n\n<p>Mas uma coisa \u00e9 certa: <strong>o caf\u00e9 continuar\u00e1 a ser uma parte importante da cultura e da vida cotidiana em todo o mundo<\/strong>, independentemente das mudan\u00e7as que o futuro possa trazer.<\/p>\n\n\n\n<h2><strong>Celebre o Dia Mundial do Caf\u00e9 com uma receita especial<\/strong><\/h2>\n\n\n\n<figure class=\"wp-block-image size-full\"><a href=\"https:\/\/www.pontodoscafes.com.br\/blog\/wp-content\/uploads\/2023\/04\/cupcake-em-uma-tabua-e-xicara-de-cha.jpg\"><img loading=\"lazy\" width=\"1000\" height=\"664\" src=\"https:\/\/www.pontodoscafes.com.br\/blog\/wp-content\/uploads\/2023\/04\/cupcake-em-uma-tabua-e-xicara-de-cha.jpg\" alt=\"\" class=\"wp-image-1820\" srcset=\"https:\/\/www.pontodoscafes.com.br\/blog\/wp-content\/uploads\/2023\/04\/cupcake-em-uma-tabua-e-xicara-de-cha.jpg 1000w, https:\/\/www.pontodoscafes.com.br\/blog\/wp-content\/uploads\/2023\/04\/cupcake-em-uma-tabua-e-xicara-de-cha-300x199.jpg 300w, https:\/\/www.pontodoscafes.com.br\/blog\/wp-content\/uploads\/2023\/04\/cupcake-em-uma-tabua-e-xicara-de-cha-768x510.jpg 768w, https:\/\/www.pontodoscafes.com.br\/blog\/wp-content\/uploads\/2023\/04\/cupcake-em-uma-tabua-e-xicara-de-cha-750x498.jpg 750w\" sizes=\"(max-width: 1000px) 100vw, 1000px\" \/><\/a><\/figure>\n\n\n\n<p>Que tal uma receitinha r\u00e1pida e f\u00e1cil para comemorarmos juntos esse dia especial?<\/p>\n\n\n\n<p><strong>Aprenda a fazer um bolo de caf\u00e9 com canela:<\/strong><\/p>\n\n\n\n<p><strong>Ingredientes:<\/strong><\/p>\n\n\n\n<p>1 x\u00edcara de a\u00e7\u00facar<\/p>\n\n\n\n<p>1\/2 x\u00edcara de manteiga sem sal, amolecida<\/p>\n\n\n\n<p>2 ovos<\/p>\n\n\n\n<p>1 e 1\/2 x\u00edcaras de farinha de trigo<\/p>\n\n\n\n<p>1 colher de sopa de fermento em p\u00f3<\/p>\n\n\n\n<p>1\/2 colher de ch\u00e1 de sal<\/p>\n\n\n\n<p>1\/2 x\u00edcara de caf\u00e9 forte, frio<\/p>\n\n\n\n<p>1 colher de ch\u00e1 de canela em p\u00f3<\/p>\n\n\n\n<p><strong>Como fazer:<\/strong><\/p>\n\n\n\n<p>Preaque\u00e7a o forno a 180 graus Celsius e unte uma forma de bolo.<\/p>\n\n\n\n<p>Em uma tigela grande, misture o a\u00e7\u00facar e a manteiga at\u00e9 obter um creme leve e fofo.<\/p>\n\n\n\n<p>Adicione os ovos, um de cada vez, e misture bem.<\/p>\n\n\n\n<p>Em outra tigela, misture a farinha de trigo, o fermento em p\u00f3 e o sal.<\/p>\n\n\n\n<p>Adicione a mistura de farinha \u00e0 mistura de a\u00e7\u00facar e manteiga, alternando com o caf\u00e9 frio, em tr\u00eas adi\u00e7\u00f5es, come\u00e7ando e terminando com a mistura de farinha.<\/p>\n\n\n\n<p>Adicione a canela em p\u00f3 e misture.<\/p>\n\n\n\n<p>Despeje a massa na forma de bolo preparada e asse por cerca de 30 a 35 minutos, ou at\u00e9 que um palito inserido no centro do bolo saia limpo.<\/p>\n\n\n\n<p>Deixe o bolo esfriar antes de servir.<\/p>\n\n\n\n<p><strong>Sirva com uma x\u00edcara de caf\u00e9 quente ou frio e desfrute do Dia Mundial do Caf\u00e9!<\/strong><\/p>\n","protected":false},"excerpt":{"rendered":"<p>Caf\u00e9 especial, tecnologia sustent\u00e1vel e novos sabores: quais ser\u00e3o as tend\u00eancias para o futuro da bebida? Neste Dia Mundial do Caf\u00e9, n\u00f3s te convidamos a mergulhar um pouco mais neste [&hellip;]<\/p>\n","protected":false},"author":1,"featured_media":1821,"comment_status":"open","ping_status":"open","sticky":true,"template":"","format":"standard","meta":[],"categories":[262],"tags":[387],"aioseo_notices":[],"_links":{"self":[{"href":"https:\/\/www.pontodoscafes.com.br\/blog\/wp-json\/wp\/v2\/posts\/1819"}],"collection":[{"href":"https:\/\/www.pontodoscafes.com.br\/blog\/wp-json\/wp\/v2\/posts"}],"about":[{"href":"https:\/\/www.pontodoscafes.com.br\/blog\/wp-json\/wp\/v2\/types\/post"}],"author":[{"embeddable":true,"href":"https:\/\/www.pontodoscafes.com.br\/blog\/wp-json\/wp\/v2\/users\/1"}],"replies":[{"embeddable":true,"href":"https:\/\/www.pontodoscafes.com.br\/blog\/wp-json\/wp\/v2\/comments?post=1819"}],"version-history":[{"count":2,"href":"https:\/\/www.pontodoscafes.com.br\/blog\/wp-json\/wp\/v2\/posts\/1819\/revisions"}],"predecessor-version":[{"id":1823,"href":"https:\/\/www.pontodoscafes.com.br\/blog\/wp-json\/wp\/v2\/posts\/1819\/revisions\/1823"}],"wp:featuredmedia":[{"embeddable":true,"href":"https:\/\/www.pontodoscafes.com.br\/blog\/wp-json\/wp\/v2\/media\/1821"}],"wp:attachment":[{"href":"https:\/\/www.pontodoscafes.com.br\/blog\/wp-json\/wp\/v2\/media?parent=1819"}],"wp:term":[{"taxonomy":"category","embeddable":true,"href":"https:\/\/www.pontodoscafes.com.br\/blog\/wp-json\/wp\/v2\/categories?post=1819"},{"taxonomy":"post_tag","embeddable":true,"href":"https:\/\/www.pontodoscafes.com.br\/blog\/wp-json\/wp\/v2\/tags?post=1819"}],"curies":[{"name":"wp","href":"https:\/\/api.w.org\/{rel}","templated":true}]}}