{"id":1825,"date":"2023-05-16T12:19:28","date_gmt":"2023-05-16T12:19:28","guid":{"rendered":"https:\/\/www.pontodoscafes.com.br\/blog\/?p=1825"},"modified":"2023-05-16T12:19:30","modified_gmt":"2023-05-16T12:19:30","slug":"o-que-os-graos-de-cafe-expresso-dizem-sobre-a-sua-bebida-preferida","status":"publish","type":"post","link":"https:\/\/www.pontodoscafes.com.br\/blog\/o-que-os-graos-de-cafe-expresso-dizem-sobre-a-sua-bebida-preferida\/","title":{"rendered":"O que os gr\u00e3os de caf\u00e9 expresso dizem sobre a sua bebida preferida"},"content":{"rendered":"\n<p>Se voc\u00ea \u00e9 um amante de caf\u00e9, j\u00e1 deve ter reparado que a <strong>diferen\u00e7a entre gr\u00e3os para caf\u00e9 expresso e aqueles utilizados para caf\u00e9 comum<\/strong> fazem toda a diferen\u00e7a na hora de saborear a bebida.<\/p>\n\n\n\n<p>O que difere um estilo do outro n\u00e3o \u00e9 exatamente o gr\u00e3o em si, mas <strong>a maneira em que foi feita a torra e os outros preparos<\/strong> (secagem, moagem, embalagem).<\/p>\n\n\n\n<p>Neste artigo, voc\u00ea vai descobrir quais s\u00e3o as principais diferen\u00e7as entre gr\u00e3os de caf\u00e9 expresso e gr\u00e3os de caf\u00e9 tradicional. E como escolher os melhores para o seu m\u00e9todo de preparo.<\/p>\n\n\n\n<p>Mas antes disso, \u00e9 importante destacar que <strong>o expresso \u00e9 uma bebida bastante concentrada<\/strong>, com uma quantidade menor de \u00e1gua em compara\u00e7\u00e3o com outras prepara\u00e7\u00f5es da bebida.\u00a0<\/p>\n\n\n\n<p>Por isso, os gr\u00e3os utilizados para o preparo expresso precisam ser mo\u00eddos de forma fina, para que a \u00e1gua possa extrair o m\u00e1ximo de sabor e aroma dos gr\u00e3os em um curto per\u00edodo de tempo.<\/p>\n\n\n\n<h2><strong>Quais s\u00e3o as diferen\u00e7as dos gr\u00e3os de caf\u00e9 expresso?<\/strong><\/h2>\n\n\n\n<p>Os gr\u00e3os para caf\u00e9 expresso s\u00e3o cultivados da mesma forma, mas as diferen\u00e7as de fabrica\u00e7\u00e3o t\u00eam um efeito direto no corpo, na sensa\u00e7\u00e3o da bebida na boca e nas notas de sabor do caf\u00e9.<\/p>\n\n\n\n<p><strong>Eles s\u00e3o torrados de forma mais intensa do que aqueles utilizados para o caf\u00e9 comum.<\/strong> Isso significa que eles passam por um processo de torrefa\u00e7\u00e3o mais longo e intenso, o que resulta em um sabor mais forte e marcante.\u00a0<\/p>\n\n\n\n<p><strong>Leia mais: <\/strong><a href=\"https:\/\/www.pontodoscafes.com.br\/blog\/quais-tipos-de-cafe-nao-podem-faltar-na-sua-empresa\/\"><strong>Quais tipos de caf\u00e9 n\u00e3o podem faltar na sua empresa?<\/strong><\/a><\/p>\n\n\n\n<p>Al\u00e9m disso, os <strong>gr\u00e3os para caf\u00e9 expresso costumam ter uma moagem mais fina<\/strong>, o que facilita a extra\u00e7\u00e3o do caf\u00e9.<\/p>\n\n\n\n<p>Ao prepar\u00e1-lo, a \u00e1gua quente \u00e9 for\u00e7ada a passar pelo p\u00f3 com alta press\u00e3o e velocidade. Isso resulta em uma bebida com um sabor intenso e encorpado, que pode ser apreciado em pequenas doses.&nbsp;<\/p>\n\n\n\n<p>J\u00e1 o caf\u00e9 comum \u00e9 preparado de forma mais suave, geralmente por infus\u00e3o, o que resulta em um sabor mais suave e menos intenso.<\/p>\n\n\n\n<p><strong>O caf\u00e9 expresso \u00e9 mais intenso<\/strong> e normalmente possui notas de chocolate amargo e um final persistente na boca.\u00a0<\/p>\n\n\n\n<p>J\u00e1 o caf\u00e9 comum tem um sabor mais suave e delicado, com notas de frutas e uma finaliza\u00e7\u00e3o bem mais suave.<\/p>\n\n\n\n<h2><strong>Mas ser\u00e1 que o caf\u00e9 expresso tem mais cafe\u00edna?<\/strong><\/h2>\n\n\n\n<p>Isso \u00e9 um mito! O que acontece \u00e9 o contr\u00e1rio disso, sabia?&nbsp;<\/p>\n\n\n\n<p><strong>Uma x\u00edcara m\u00e9dia de caf\u00e9 passado tem at\u00e9 mais cafe\u00edna do que uma de expresso.<\/strong> Isso ocorre porque os gr\u00e3os para expresso s\u00e3o torrados por mais tempo. Portanto, grande parte da cafe\u00edna \u00e9 queimada nesse processo.\u00a0<\/p>\n\n\n\n<h2><strong>Os gr\u00e3os do seu caf\u00e9 expresso s\u00e3o de qualidade?<\/strong><\/h2>\n\n\n\n<p>Para quem ama caf\u00e9, escolher o tipo de gr\u00e3o certo \u00e9 fundamental para uma experi\u00eancia satisfat\u00f3ria. Os <strong>gr\u00e3os para caf\u00e9 expresso s\u00e3o ideais para quem prefere um sabor mais forte e marcante<\/strong>, enquanto aqueles utilizados para o caf\u00e9 comum s\u00e3o ideais para quem prefere um sabor mais suave e delicado.<\/p>\n\n\n\n<p><strong>Leia mais: <\/strong><a href=\"https:\/\/www.pontodoscafes.com.br\/blog\/cafe-doce-ou-cafe-amargo-descubra-qual-a-preferencia-do-brasileiro\/\"><strong>Caf\u00e9 doce ou caf\u00e9 amargo? Descubra qual a prefer\u00eancia do brasileiro<\/strong><\/a><\/p>\n\n\n\n<p>Al\u00e9m disso, \u00e9 importante lembrar que <strong>a qualidade dos gr\u00e3os tamb\u00e9m \u00e9 um fator determinante na hora de saborear a bebida.<\/strong> Gr\u00e3os de caf\u00e9 de qualidade superior garantem um sabor mais intenso e equilibrado, independentemente do tipo escolhido.<\/p>\n\n\n\n<p>Ou seja, \u00e9 preciso investir em gr\u00e3os de qualidade superior, que garantam um sabor mais intenso e equilibrado, e que sejam preparados de acordo com as melhores t\u00e9cnicas.\u00a0<\/p>\n\n\n\n<p>Com os gr\u00e3os certos e a prepara\u00e7\u00e3o correta, voc\u00ea poder\u00e1 desfrutar de uma x\u00edcara de caf\u00e9 perfeita, seja ela expresso ou comum.<\/p>\n\n\n\n<p><a href=\"https:\/\/www.pontodoscafes.com.br\/insumos\"><strong>CLIQUE AQUI e conhe\u00e7a nossos insumos para m\u00e1quinas de caf\u00e9<\/strong><\/a><\/p>\n\n\n\n<p>Ent\u00e3o, <strong>podemos afirmar que as diferen\u00e7as entre gr\u00e3os para expresso e tradicional podem impactar diretamente no sabor da sua bebida.\u00a0<\/strong><\/p>\n\n\n\n<p>Escolher o tipo de gr\u00e3o certo \u00e9 fundamental para uma experi\u00eancia satisfat\u00f3ria, assim como investir em gr\u00e3os de qualidade superior e na prepara\u00e7\u00e3o correta. Com essas dicas, voc\u00ea poder\u00e1 <strong>desfrutar de um caf\u00e9 delicioso e perfeitamente preparado.<\/strong><\/p>\n","protected":false},"excerpt":{"rendered":"<p>Se voc\u00ea \u00e9 um amante de caf\u00e9, j\u00e1 deve ter reparado que a diferen\u00e7a entre gr\u00e3os para caf\u00e9 expresso e aqueles utilizados para caf\u00e9 comum fazem toda a diferen\u00e7a na [&hellip;]<\/p>\n","protected":false},"author":1,"featured_media":1827,"comment_status":"open","ping_status":"open","sticky":true,"template":"","format":"standard","meta":[],"categories":[1],"tags":[],"aioseo_notices":[],"_links":{"self":[{"href":"https:\/\/www.pontodoscafes.com.br\/blog\/wp-json\/wp\/v2\/posts\/1825"}],"collection":[{"href":"https:\/\/www.pontodoscafes.com.br\/blog\/wp-json\/wp\/v2\/posts"}],"about":[{"href":"https:\/\/www.pontodoscafes.com.br\/blog\/wp-json\/wp\/v2\/types\/post"}],"author":[{"embeddable":true,"href":"https:\/\/www.pontodoscafes.com.br\/blog\/wp-json\/wp\/v2\/users\/1"}],"replies":[{"embeddable":true,"href":"https:\/\/www.pontodoscafes.com.br\/blog\/wp-json\/wp\/v2\/comments?post=1825"}],"version-history":[{"count":2,"href":"https:\/\/www.pontodoscafes.com.br\/blog\/wp-json\/wp\/v2\/posts\/1825\/revisions"}],"predecessor-version":[{"id":1828,"href":"https:\/\/www.pontodoscafes.com.br\/blog\/wp-json\/wp\/v2\/posts\/1825\/revisions\/1828"}],"wp:featuredmedia":[{"embeddable":true,"href":"https:\/\/www.pontodoscafes.com.br\/blog\/wp-json\/wp\/v2\/media\/1827"}],"wp:attachment":[{"href":"https:\/\/www.pontodoscafes.com.br\/blog\/wp-json\/wp\/v2\/media?parent=1825"}],"wp:term":[{"taxonomy":"category","embeddable":true,"href":"https:\/\/www.pontodoscafes.com.br\/blog\/wp-json\/wp\/v2\/categories?post=1825"},{"taxonomy":"post_tag","embeddable":true,"href":"https:\/\/www.pontodoscafes.com.br\/blog\/wp-json\/wp\/v2\/tags?post=1825"}],"curies":[{"name":"wp","href":"https:\/\/api.w.org\/{rel}","templated":true}]}}