{"id":222,"date":"2015-05-08T11:30:34","date_gmt":"2015-05-08T11:30:34","guid":{"rendered":"http:\/\/www.pontodoscafes.com.br\/blog\/?p=222"},"modified":"2016-12-13T19:23:23","modified_gmt":"2016-12-13T19:23:23","slug":"inventores-criam-cafeina-em-po-pra-voce-salpicar-na-comida-como-se-fosse-sal","status":"publish","type":"post","link":"https:\/\/www.pontodoscafes.com.br\/blog\/inventores-criam-cafeina-em-po-pra-voce-salpicar-na-comida-como-se-fosse-sal\/","title":{"rendered":"Inventores criam cafe\u00edna em p\u00f3 pra voc\u00ea salpicar na comida como se fosse sal"},"content":{"rendered":"<p>Ideal pra quem precisa da energia que a cafe\u00edna oferece, mas n\u00e3o gosta do sabor do caf\u00e9: o <a href=\"http:\/\/www.caffex.com\/CaffeinAll_c_15.html\">CaffeinAll<\/a> \u00e9 um \u201cpozinho m\u00e1gico\u201d que vem em forma de saleiro e que, sem grande sabor, promete te dar um impulso em 30 segundos.<\/p>\n<p>Ao contr\u00e1rio do caf\u00e9, que pode levar at\u00e9 meia-hora para fazer efeito, este p\u00f3 \u00e9 bem r\u00e1pido e permite ganhar tempo (sabe aquelas pessoas que n\u00e3o conseguem nem fazer uma pausa pra tomar caf\u00e9?). O CaffeinAll vem em doses de 100 e 200 mg para que ningu\u00e9m corra o risco de deixar cair uma dose muito forte na comida.<\/p>\n<p>Apesar de tudo, o p\u00f3 n\u00e3o \u00e9 aconselh\u00e1vel a gestantes, menores de idade ou pessoas com problemas card\u00edacos. Conhe\u00e7a o CaffeinAll e se surpreenda com o efeito:<\/p>\n<p><iframe loading=\"lazy\" width=\"1170\" height=\"658\" src=\"https:\/\/www.youtube.com\/embed\/KCGhTU_Werc?feature=oembed\" frameborder=\"0\" allowfullscreen><\/iframe><\/p>\n<p>&nbsp;<\/p>\n<p><a href=\"http:\/\/www.pontodoscafes.com.br\/blog\/wp-content\/uploads\/2015\/05\/CaffeinAll1.jpg\"><img loading=\"lazy\" class=\"alignnone size-full wp-image-223\" src=\"http:\/\/www.pontodoscafes.com.br\/blog\/wp-content\/uploads\/2015\/05\/CaffeinAll1.jpg\" alt=\"CaffeinAll1\" width=\"600\" height=\"450\" srcset=\"https:\/\/www.pontodoscafes.com.br\/blog\/wp-content\/uploads\/2015\/05\/CaffeinAll1.jpg 600w, https:\/\/www.pontodoscafes.com.br\/blog\/wp-content\/uploads\/2015\/05\/CaffeinAll1-300x225.jpg 300w, https:\/\/www.pontodoscafes.com.br\/blog\/wp-content\/uploads\/2015\/05\/CaffeinAll1-250x187.jpg 250w, https:\/\/www.pontodoscafes.com.br\/blog\/wp-content\/uploads\/2015\/05\/CaffeinAll1-510x382.jpg 510w\" sizes=\"(max-width: 600px) 100vw, 600px\" \/><\/a><\/p>\n<p><a href=\"http:\/\/www.pontodoscafes.com.br\/blog\/wp-content\/uploads\/2015\/05\/CaffeinAll2.jpg\"><img loading=\"lazy\" class=\"alignnone size-full wp-image-224\" src=\"http:\/\/www.pontodoscafes.com.br\/blog\/wp-content\/uploads\/2015\/05\/CaffeinAll2.jpg\" alt=\"CaffeinAll2\" width=\"628\" height=\"430\" srcset=\"https:\/\/www.pontodoscafes.com.br\/blog\/wp-content\/uploads\/2015\/05\/CaffeinAll2.jpg 628w, https:\/\/www.pontodoscafes.com.br\/blog\/wp-content\/uploads\/2015\/05\/CaffeinAll2-300x205.jpg 300w, https:\/\/www.pontodoscafes.com.br\/blog\/wp-content\/uploads\/2015\/05\/CaffeinAll2-250x171.jpg 250w, https:\/\/www.pontodoscafes.com.br\/blog\/wp-content\/uploads\/2015\/05\/CaffeinAll2-510x349.jpg 510w\" sizes=\"(max-width: 628px) 100vw, 628px\" \/><\/a><\/p>\n<p>&nbsp;<\/p>\n<p>Fonte: Hypeness<\/p>\n<p>&nbsp;<\/p>\n<p><a href=\"http:\/\/www.pontodoscafes.com.br\/maquinas\" target=\"_blank\"><img loading=\"lazy\" class=\"alignnone wp-image-111 size-full\" src=\"http:\/\/www.pontodoscafes.com.br\/blog\/wp-content\/uploads\/2015\/01\/assinaturablog2.png\" alt=\"\" width=\"650\" height=\"152\" srcset=\"https:\/\/www.pontodoscafes.com.br\/blog\/wp-content\/uploads\/2015\/01\/assinaturablog2.png 650w, https:\/\/www.pontodoscafes.com.br\/blog\/wp-content\/uploads\/2015\/01\/assinaturablog2-300x70.png 300w, https:\/\/www.pontodoscafes.com.br\/blog\/wp-content\/uploads\/2015\/01\/assinaturablog2-250x58.png 250w, https:\/\/www.pontodoscafes.com.br\/blog\/wp-content\/uploads\/2015\/01\/assinaturablog2-510x119.png 510w\" sizes=\"(max-width: 650px) 100vw, 650px\" \/><\/a><\/p>\n<p>Confira nossas m\u00e1quinas do <a href=\"http:\/\/www.pontodoscafes.com.br\">Ponto dos Caf\u00e9s<\/a> e opte por praticidade e qualidade.<\/p>\n","protected":false},"excerpt":{"rendered":"<p>Ideal pra quem precisa da energia que a cafe\u00edna oferece, mas n\u00e3o gosta do sabor do caf\u00e9: o CaffeinAll \u00e9 um \u201cpozinho m\u00e1gico\u201d que vem em forma de saleiro e [&hellip;]<\/p>\n","protected":false},"author":1,"featured_media":224,"comment_status":"open","ping_status":"open","sticky":false,"template":"","format":"standard","meta":[],"categories":[1,14],"tags":[46,16,12,40,44,47,13,52],"aioseo_notices":[],"_links":{"self":[{"href":"https:\/\/www.pontodoscafes.com.br\/blog\/wp-json\/wp\/v2\/posts\/222"}],"collection":[{"href":"https:\/\/www.pontodoscafes.com.br\/blog\/wp-json\/wp\/v2\/posts"}],"about":[{"href":"https:\/\/www.pontodoscafes.com.br\/blog\/wp-json\/wp\/v2\/types\/post"}],"author":[{"embeddable":true,"href":"https:\/\/www.pontodoscafes.com.br\/blog\/wp-json\/wp\/v2\/users\/1"}],"replies":[{"embeddable":true,"href":"https:\/\/www.pontodoscafes.com.br\/blog\/wp-json\/wp\/v2\/comments?post=222"}],"version-history":[{"count":5,"href":"https:\/\/www.pontodoscafes.com.br\/blog\/wp-json\/wp\/v2\/posts\/222\/revisions"}],"predecessor-version":[{"id":887,"href":"https:\/\/www.pontodoscafes.com.br\/blog\/wp-json\/wp\/v2\/posts\/222\/revisions\/887"}],"wp:featuredmedia":[{"embeddable":true,"href":"https:\/\/www.pontodoscafes.com.br\/blog\/wp-json\/wp\/v2\/media\/224"}],"wp:attachment":[{"href":"https:\/\/www.pontodoscafes.com.br\/blog\/wp-json\/wp\/v2\/media?parent=222"}],"wp:term":[{"taxonomy":"category","embeddable":true,"href":"https:\/\/www.pontodoscafes.com.br\/blog\/wp-json\/wp\/v2\/categories?post=222"},{"taxonomy":"post_tag","embeddable":true,"href":"https:\/\/www.pontodoscafes.com.br\/blog\/wp-json\/wp\/v2\/tags?post=222"}],"curies":[{"name":"wp","href":"https:\/\/api.w.org\/{rel}","templated":true}]}}