{"id":226,"date":"2015-05-08T15:39:50","date_gmt":"2015-05-08T15:39:50","guid":{"rendered":"http:\/\/www.pontodoscafes.com.br\/blog\/?p=226"},"modified":"2016-12-13T19:22:51","modified_gmt":"2016-12-13T19:22:51","slug":"226","status":"publish","type":"post","link":"https:\/\/www.pontodoscafes.com.br\/blog\/226\/","title":{"rendered":"QuarterBag transportador de papel para caf\u00e9s"},"content":{"rendered":"<p><span id=\"result_box\" class=\"\" lang=\"pt\"><span class=\"hps\">O <a href=\"http:\/\/www.packagingoftheworld.com\/2013\/01\/quarter-bag.html\">QuarterBag<\/a><\/span> <span class=\"hps\">\u00e9 um transportador de papel\u00e3o de bebidas para viagem<\/span>.<br \/>\n<span class=\"hps\">Ele foi projetado ecologicamente para<\/span> <span class=\"hps\">reduzir<\/span> <span class=\"hps\">o consumo de papel<\/span> <span class=\"hps\">no mundo.<\/span><br \/>\n<\/span><\/p>\n<p>Bacana n\u00e3o \u00e9?<\/p>\n<p><a href=\"http:\/\/www.pontodoscafes.com.br\/blog\/wp-content\/uploads\/2015\/05\/32097474ca650651a2dc5cde1e512fd9.jpg\"><img loading=\"lazy\" class=\"alignnone size-full wp-image-227\" src=\"http:\/\/www.pontodoscafes.com.br\/blog\/wp-content\/uploads\/2015\/05\/32097474ca650651a2dc5cde1e512fd9.jpg\" alt=\"32097474ca650651a2dc5cde1e512fd9\" width=\"591\" height=\"7440\" srcset=\"https:\/\/www.pontodoscafes.com.br\/blog\/wp-content\/uploads\/2015\/05\/32097474ca650651a2dc5cde1e512fd9.jpg 591w, https:\/\/www.pontodoscafes.com.br\/blog\/wp-content\/uploads\/2015\/05\/32097474ca650651a2dc5cde1e512fd9-510x6420.jpg 510w\" sizes=\"(max-width: 591px) 100vw, 591px\" \/><\/a><\/p>\n<p>&nbsp;<\/p>\n<p>Fonte: packingoftheworld<\/p>\n<p>&nbsp;<\/p>\n<p><a href=\"http:\/\/www.pontodoscafes.com.br\/maquinas\" target=\"_blank\"><img loading=\"lazy\" class=\"alignnone wp-image-111 size-full\" src=\"http:\/\/www.pontodoscafes.com.br\/blog\/wp-content\/uploads\/2015\/01\/assinaturablog2.png\" alt=\"\" width=\"650\" height=\"152\" srcset=\"https:\/\/www.pontodoscafes.com.br\/blog\/wp-content\/uploads\/2015\/01\/assinaturablog2.png 650w, https:\/\/www.pontodoscafes.com.br\/blog\/wp-content\/uploads\/2015\/01\/assinaturablog2-300x70.png 300w, https:\/\/www.pontodoscafes.com.br\/blog\/wp-content\/uploads\/2015\/01\/assinaturablog2-250x58.png 250w, https:\/\/www.pontodoscafes.com.br\/blog\/wp-content\/uploads\/2015\/01\/assinaturablog2-510x119.png 510w\" sizes=\"(max-width: 650px) 100vw, 650px\" \/><\/a><\/p>\n<p>Confira nossas m\u00e1quinas do <a href=\"http:\/\/www.pontodoscafes.com.br\">Ponto dos Caf\u00e9s<\/a> e opte por praticidade e qualidade.<\/p>\n<p>&nbsp;<\/p>\n","protected":false},"excerpt":{"rendered":"<p>O QuarterBag \u00e9 um transportador de papel\u00e3o de bebidas para viagem. Ele foi projetado ecologicamente para reduzir o consumo de papel no mundo. Bacana n\u00e3o \u00e9? &nbsp; Fonte: packingoftheworld &nbsp; [&hellip;]<\/p>\n","protected":false},"author":1,"featured_media":227,"comment_status":"open","ping_status":"open","sticky":false,"template":"","format":"standard","meta":[],"categories":[1,14],"tags":[16,54,47,53,13],"aioseo_notices":[],"_links":{"self":[{"href":"https:\/\/www.pontodoscafes.com.br\/blog\/wp-json\/wp\/v2\/posts\/226"}],"collection":[{"href":"https:\/\/www.pontodoscafes.com.br\/blog\/wp-json\/wp\/v2\/posts"}],"about":[{"href":"https:\/\/www.pontodoscafes.com.br\/blog\/wp-json\/wp\/v2\/types\/post"}],"author":[{"embeddable":true,"href":"https:\/\/www.pontodoscafes.com.br\/blog\/wp-json\/wp\/v2\/users\/1"}],"replies":[{"embeddable":true,"href":"https:\/\/www.pontodoscafes.com.br\/blog\/wp-json\/wp\/v2\/comments?post=226"}],"version-history":[{"count":6,"href":"https:\/\/www.pontodoscafes.com.br\/blog\/wp-json\/wp\/v2\/posts\/226\/revisions"}],"predecessor-version":[{"id":882,"href":"https:\/\/www.pontodoscafes.com.br\/blog\/wp-json\/wp\/v2\/posts\/226\/revisions\/882"}],"wp:featuredmedia":[{"embeddable":true,"href":"https:\/\/www.pontodoscafes.com.br\/blog\/wp-json\/wp\/v2\/media\/227"}],"wp:attachment":[{"href":"https:\/\/www.pontodoscafes.com.br\/blog\/wp-json\/wp\/v2\/media?parent=226"}],"wp:term":[{"taxonomy":"category","embeddable":true,"href":"https:\/\/www.pontodoscafes.com.br\/blog\/wp-json\/wp\/v2\/categories?post=226"},{"taxonomy":"post_tag","embeddable":true,"href":"https:\/\/www.pontodoscafes.com.br\/blog\/wp-json\/wp\/v2\/tags?post=226"}],"curies":[{"name":"wp","href":"https:\/\/api.w.org\/{rel}","templated":true}]}}