{"id":235,"date":"2015-05-08T11:00:23","date_gmt":"2015-05-08T11:00:23","guid":{"rendered":"http:\/\/www.pontodoscafes.com.br\/blog\/?p=235"},"modified":"2021-05-24T16:58:40","modified_gmt":"2021-05-24T16:58:40","slug":"mousse-de-chocolate-e-cafe","status":"publish","type":"post","link":"https:\/\/www.pontodoscafes.com.br\/blog\/mousse-de-chocolate-e-cafe\/","title":{"rendered":"Mousse de chocolate e caf\u00e9"},"content":{"rendered":"<p>Uma receitinha engordativa, mas para o final de semana a gente abre uma excess\u00e3o. Esse mousse mistura duas coisas que adoramos: chocolate e caf\u00e9. Tem como n\u00e3o ser bom?<\/p>\n<p><a href=\"https:\/\/www.pontodoscafes.com.br\/blog\/wp-content\/uploads\/2015\/05\/receita_mousse1.jpg\"><img loading=\"lazy\" class=\"aligncenter wp-image-236 size-full\" src=\"https:\/\/www.pontodoscafes.com.br\/blog\/wp-content\/uploads\/2015\/05\/receita_mousse1.jpg\" alt=\"\" width=\"560\" height=\"1153\" srcset=\"https:\/\/www.pontodoscafes.com.br\/blog\/wp-content\/uploads\/2015\/05\/receita_mousse1.jpg 560w, https:\/\/www.pontodoscafes.com.br\/blog\/wp-content\/uploads\/2015\/05\/receita_mousse1-145x300.jpg 145w, https:\/\/www.pontodoscafes.com.br\/blog\/wp-content\/uploads\/2015\/05\/receita_mousse1-497x1024.jpg 497w, https:\/\/www.pontodoscafes.com.br\/blog\/wp-content\/uploads\/2015\/05\/receita_mousse1-121x250.jpg 121w, https:\/\/www.pontodoscafes.com.br\/blog\/wp-content\/uploads\/2015\/05\/receita_mousse1-510x1050.jpg 510w\" sizes=\"(max-width: 560px) 100vw, 560px\" \/><\/a><\/p>\n<h2><strong>\u00a0Os propriet\u00e1rios de uma m\u00e1quina de expresso podem substituir a colher de sopa de caf\u00e9 sol\u00favel por 2 expressos de 70 ml.<\/strong><\/h2>\n<p>Fonte: Blog DasGurias<\/p>\n<p><a href=\"http:\/\/www.pontodoscafes.com.br\/maquinas\" target=\"_blank\" rel=\"noopener noreferrer\"><img loading=\"lazy\" class=\"alignnone wp-image-111 size-full\" src=\"http:\/\/www.pontodoscafes.com.br\/blog\/wp-content\/uploads\/2015\/01\/assinaturablog2.png\" alt=\"\" width=\"650\" height=\"152\" srcset=\"https:\/\/www.pontodoscafes.com.br\/blog\/wp-content\/uploads\/2015\/01\/assinaturablog2.png 650w, https:\/\/www.pontodoscafes.com.br\/blog\/wp-content\/uploads\/2015\/01\/assinaturablog2-300x70.png 300w, https:\/\/www.pontodoscafes.com.br\/blog\/wp-content\/uploads\/2015\/01\/assinaturablog2-250x58.png 250w, https:\/\/www.pontodoscafes.com.br\/blog\/wp-content\/uploads\/2015\/01\/assinaturablog2-510x119.png 510w\" sizes=\"(max-width: 650px) 100vw, 650px\" \/><\/a><\/p>\n<p>Confira nossas m\u00e1quinas do <a href=\"http:\/\/www.pontodoscafes.com.br\">Ponto dos Caf\u00e9s<\/a> e opte por praticidade e qualidade.<\/p>\n","protected":false},"excerpt":{"rendered":"<p>Uma receitinha engordativa, mas para o final de semana a gente abre uma excess\u00e3o. Esse mousse mistura duas coisas que adoramos: chocolate e caf\u00e9. Tem como n\u00e3o ser bom? \u00a0Os [&hellip;]<\/p>\n","protected":false},"author":1,"featured_media":236,"comment_status":"open","ping_status":"open","sticky":false,"template":"","format":"standard","meta":[],"categories":[1,14,20],"tags":[46,58,16,15,57,40,60,47,62,61,63,59],"aioseo_notices":[],"_links":{"self":[{"href":"https:\/\/www.pontodoscafes.com.br\/blog\/wp-json\/wp\/v2\/posts\/235"}],"collection":[{"href":"https:\/\/www.pontodoscafes.com.br\/blog\/wp-json\/wp\/v2\/posts"}],"about":[{"href":"https:\/\/www.pontodoscafes.com.br\/blog\/wp-json\/wp\/v2\/types\/post"}],"author":[{"embeddable":true,"href":"https:\/\/www.pontodoscafes.com.br\/blog\/wp-json\/wp\/v2\/users\/1"}],"replies":[{"embeddable":true,"href":"https:\/\/www.pontodoscafes.com.br\/blog\/wp-json\/wp\/v2\/comments?post=235"}],"version-history":[{"count":7,"href":"https:\/\/www.pontodoscafes.com.br\/blog\/wp-json\/wp\/v2\/posts\/235\/revisions"}],"predecessor-version":[{"id":1605,"href":"https:\/\/www.pontodoscafes.com.br\/blog\/wp-json\/wp\/v2\/posts\/235\/revisions\/1605"}],"wp:featuredmedia":[{"embeddable":true,"href":"https:\/\/www.pontodoscafes.com.br\/blog\/wp-json\/wp\/v2\/media\/236"}],"wp:attachment":[{"href":"https:\/\/www.pontodoscafes.com.br\/blog\/wp-json\/wp\/v2\/media?parent=235"}],"wp:term":[{"taxonomy":"category","embeddable":true,"href":"https:\/\/www.pontodoscafes.com.br\/blog\/wp-json\/wp\/v2\/categories?post=235"},{"taxonomy":"post_tag","embeddable":true,"href":"https:\/\/www.pontodoscafes.com.br\/blog\/wp-json\/wp\/v2\/tags?post=235"}],"curies":[{"name":"wp","href":"https:\/\/api.w.org\/{rel}","templated":true}]}}