{"id":285,"date":"2015-05-11T12:15:11","date_gmt":"2015-05-11T12:15:11","guid":{"rendered":"http:\/\/www.pontodoscafes.com.br\/blog\/?p=285"},"modified":"2016-12-13T19:21:48","modified_gmt":"2016-12-13T19:21:48","slug":"tatuagens-cafeinadas","status":"publish","type":"post","link":"https:\/\/www.pontodoscafes.com.br\/blog\/tatuagens-cafeinadas\/","title":{"rendered":"Tatuagens cafeinadas"},"content":{"rendered":"<p>N\u00f3s adoramos um bom caf\u00e9! Mas alguns cafeinados curtem tanto, mas tanto, que querem manter a bebida na lembran\u00e7a e fazer dela uma marca para a vida toda. Fazendo uma busca on-line, encontramos in\u00fameras tatuagens com o caf\u00e9 como tema. Criativas, divertidas e cheias de estilo, as tattoos cafeinadas identificam os amantes da bebida e mostram como o gr\u00e3o \u00e9 realmente apaixonante.<\/p>\n<p>A barista, mestre de torra e propriet\u00e1ria do Coffee Lab, Isabela Raposeiras, tem uma das mais famosas tatuagens de caf\u00e9 por aqui. A especialista tatuou no bra\u00e7o, pr\u00f3ximo ao punho, o s\u00edmbolo da cafe\u00edna. D\u00e1 s\u00f3 uma olhada\u2026<\/p>\n<p><a href=\"http:\/\/www.pontodoscafes.com.br\/blog\/wp-content\/uploads\/2015\/05\/IMG_5182-e1416231850337.jpg\"><img loading=\"lazy\" class=\"alignnone size-full wp-image-288\" src=\"http:\/\/www.pontodoscafes.com.br\/blog\/wp-content\/uploads\/2015\/05\/IMG_5182-e1416231850337.jpg\" alt=\"IMG_5182-e1416231850337\" width=\"640\" height=\"442\" srcset=\"https:\/\/www.pontodoscafes.com.br\/blog\/wp-content\/uploads\/2015\/05\/IMG_5182-e1416231850337.jpg 640w, https:\/\/www.pontodoscafes.com.br\/blog\/wp-content\/uploads\/2015\/05\/IMG_5182-e1416231850337-300x207.jpg 300w, https:\/\/www.pontodoscafes.com.br\/blog\/wp-content\/uploads\/2015\/05\/IMG_5182-e1416231850337-250x172.jpg 250w, https:\/\/www.pontodoscafes.com.br\/blog\/wp-content\/uploads\/2015\/05\/IMG_5182-e1416231850337-510x352.jpg 510w\" sizes=\"(max-width: 640px) 100vw, 640px\" \/><\/a><\/p>\n<p>&nbsp;<\/p>\n<p>A jornalista Gisele Coutinho tamb\u00e9m adora um bom caf\u00e9 e decidiu desenhar a x\u00edcara com a frase \u201cPura Caffe\u00edna\u201d. A arte \u00e9 do tatuador Jeizel Seidy.<\/p>\n<p><a href=\"http:\/\/www.pontodoscafes.com.br\/blog\/wp-content\/uploads\/2015\/05\/IMG_0705.jpg\"><img loading=\"lazy\" class=\"alignnone size-full wp-image-287\" src=\"http:\/\/www.pontodoscafes.com.br\/blog\/wp-content\/uploads\/2015\/05\/IMG_0705.jpg\" alt=\"IMG_0705\" width=\"640\" height=\"618\" srcset=\"https:\/\/www.pontodoscafes.com.br\/blog\/wp-content\/uploads\/2015\/05\/IMG_0705.jpg 640w, https:\/\/www.pontodoscafes.com.br\/blog\/wp-content\/uploads\/2015\/05\/IMG_0705-300x289.jpg 300w, https:\/\/www.pontodoscafes.com.br\/blog\/wp-content\/uploads\/2015\/05\/IMG_0705-250x241.jpg 250w, https:\/\/www.pontodoscafes.com.br\/blog\/wp-content\/uploads\/2015\/05\/IMG_0705-510x492.jpg 510w\" sizes=\"(max-width: 640px) 100vw, 640px\" \/><\/a><\/p>\n<p>&nbsp;<\/p>\n<p>O barista do Sof\u00e1 Caf\u00e9 e propriet\u00e1rio da True Coffee Brasil, Ton Rodrigues, tem x\u00edcara e fruto tamb\u00e9m no bra\u00e7o. Mais um trabalho do tatuador Jeizel Seidy.<\/p>\n<p><a href=\"http:\/\/www.pontodoscafes.com.br\/blog\/wp-content\/uploads\/2015\/05\/IMG_0344-e1416232201216.jpg\"><img loading=\"lazy\" class=\"alignnone size-full wp-image-286\" src=\"http:\/\/www.pontodoscafes.com.br\/blog\/wp-content\/uploads\/2015\/05\/IMG_0344-e1416232201216.jpg\" alt=\"IMG_0344-e1416232201216\" width=\"640\" height=\"640\" srcset=\"https:\/\/www.pontodoscafes.com.br\/blog\/wp-content\/uploads\/2015\/05\/IMG_0344-e1416232201216.jpg 640w, https:\/\/www.pontodoscafes.com.br\/blog\/wp-content\/uploads\/2015\/05\/IMG_0344-e1416232201216-150x150.jpg 150w, https:\/\/www.pontodoscafes.com.br\/blog\/wp-content\/uploads\/2015\/05\/IMG_0344-e1416232201216-300x300.jpg 300w, https:\/\/www.pontodoscafes.com.br\/blog\/wp-content\/uploads\/2015\/05\/IMG_0344-e1416232201216-250x250.jpg 250w, https:\/\/www.pontodoscafes.com.br\/blog\/wp-content\/uploads\/2015\/05\/IMG_0344-e1416232201216-320x320.jpg 320w, https:\/\/www.pontodoscafes.com.br\/blog\/wp-content\/uploads\/2015\/05\/IMG_0344-e1416232201216-510x510.jpg 510w\" sizes=\"(max-width: 640px) 100vw, 640px\" \/><\/a><\/p>\n<p>&nbsp;<\/p>\n<p>Se voc\u00ea adora a ideia de ter uma tatuagem cafeinada, mas n\u00e3o quer tem algo marcado para sempre na pele, pode optar por desenhos tempor\u00e1rios. A empresa americana Tattly tem designs divertidos sobre o tema e diz que manda para o Brasil. O frete custa apenas $ 6 e em nada se parecem com aquelas tattoos de chiclete que a gente curtia quando era moleque. S\u00e3o bem mais legais!<\/p>\n<p><a href=\"http:\/\/www.pontodoscafes.com.br\/blog\/wp-content\/uploads\/2015\/05\/tattly_julia_rothman_coffee_web_applied_14_grande.jpg\"><img loading=\"lazy\" class=\"alignnone size-full wp-image-289\" src=\"http:\/\/www.pontodoscafes.com.br\/blog\/wp-content\/uploads\/2015\/05\/tattly_julia_rothman_coffee_web_applied_14_grande.jpg\" alt=\"tattly_julia_rothman_coffee_web_applied_14_grande\" width=\"600\" height=\"600\" srcset=\"https:\/\/www.pontodoscafes.com.br\/blog\/wp-content\/uploads\/2015\/05\/tattly_julia_rothman_coffee_web_applied_14_grande.jpg 600w, https:\/\/www.pontodoscafes.com.br\/blog\/wp-content\/uploads\/2015\/05\/tattly_julia_rothman_coffee_web_applied_14_grande-150x150.jpg 150w, https:\/\/www.pontodoscafes.com.br\/blog\/wp-content\/uploads\/2015\/05\/tattly_julia_rothman_coffee_web_applied_14_grande-300x300.jpg 300w, https:\/\/www.pontodoscafes.com.br\/blog\/wp-content\/uploads\/2015\/05\/tattly_julia_rothman_coffee_web_applied_14_grande-250x250.jpg 250w, https:\/\/www.pontodoscafes.com.br\/blog\/wp-content\/uploads\/2015\/05\/tattly_julia_rothman_coffee_web_applied_14_grande-320x320.jpg 320w, https:\/\/www.pontodoscafes.com.br\/blog\/wp-content\/uploads\/2015\/05\/tattly_julia_rothman_coffee_web_applied_14_grande-510x510.jpg 510w\" sizes=\"(max-width: 600px) 100vw, 600px\" \/><\/a><\/p>\n<p><a href=\"http:\/\/www.pontodoscafes.com.br\/blog\/wp-content\/uploads\/2015\/05\/tattly_mike_lowery_oh_delicious_coffee_press_applied_05_grande.jpg\"><img loading=\"lazy\" class=\"alignnone size-full wp-image-290\" src=\"http:\/\/www.pontodoscafes.com.br\/blog\/wp-content\/uploads\/2015\/05\/tattly_mike_lowery_oh_delicious_coffee_press_applied_05_grande.jpg\" alt=\"tattly_mike_lowery_oh_delicious_coffee_press_applied_05_grande\" width=\"600\" height=\"600\" srcset=\"https:\/\/www.pontodoscafes.com.br\/blog\/wp-content\/uploads\/2015\/05\/tattly_mike_lowery_oh_delicious_coffee_press_applied_05_grande.jpg 600w, https:\/\/www.pontodoscafes.com.br\/blog\/wp-content\/uploads\/2015\/05\/tattly_mike_lowery_oh_delicious_coffee_press_applied_05_grande-150x150.jpg 150w, https:\/\/www.pontodoscafes.com.br\/blog\/wp-content\/uploads\/2015\/05\/tattly_mike_lowery_oh_delicious_coffee_press_applied_05_grande-300x300.jpg 300w, https:\/\/www.pontodoscafes.com.br\/blog\/wp-content\/uploads\/2015\/05\/tattly_mike_lowery_oh_delicious_coffee_press_applied_05_grande-250x250.jpg 250w, https:\/\/www.pontodoscafes.com.br\/blog\/wp-content\/uploads\/2015\/05\/tattly_mike_lowery_oh_delicious_coffee_press_applied_05_grande-320x320.jpg 320w, https:\/\/www.pontodoscafes.com.br\/blog\/wp-content\/uploads\/2015\/05\/tattly_mike_lowery_oh_delicious_coffee_press_applied_05_grande-510x510.jpg 510w\" sizes=\"(max-width: 600px) 100vw, 600px\" \/><\/a><\/p>\n<p>&nbsp;<\/p>\n<p>&nbsp;<\/p>\n<p>Fonte:\u00a0 RevistaEspresso<\/p>\n<p><a href=\"http:\/\/www.pontodoscafes.com.br\/maquinas\" target=\"_blank\"><img loading=\"lazy\" class=\"alignnone wp-image-111 size-full\" src=\"http:\/\/www.pontodoscafes.com.br\/blog\/wp-content\/uploads\/2015\/01\/assinaturablog2.png\" alt=\"\" width=\"650\" height=\"152\" srcset=\"https:\/\/www.pontodoscafes.com.br\/blog\/wp-content\/uploads\/2015\/01\/assinaturablog2.png 650w, https:\/\/www.pontodoscafes.com.br\/blog\/wp-content\/uploads\/2015\/01\/assinaturablog2-300x70.png 300w, https:\/\/www.pontodoscafes.com.br\/blog\/wp-content\/uploads\/2015\/01\/assinaturablog2-250x58.png 250w, https:\/\/www.pontodoscafes.com.br\/blog\/wp-content\/uploads\/2015\/01\/assinaturablog2-510x119.png 510w\" sizes=\"(max-width: 650px) 100vw, 650px\" \/><\/a><\/p>\n<p>&nbsp;<\/p>\n<p>Confira nossas m\u00e1quinas do <a href=\"http:\/\/www.pontodoscafes.com.br\" rel=\"nofollow\">Ponto dos Caf\u00e9s<\/a> e opte por praticidade e qualidade.<\/p>\n","protected":false},"excerpt":{"rendered":"<p>N\u00f3s adoramos um bom caf\u00e9! Mas alguns cafeinados curtem tanto, mas tanto, que querem manter a bebida na lembran\u00e7a e fazer dela uma marca para a vida toda. Fazendo uma [&hellip;]<\/p>\n","protected":false},"author":1,"featured_media":286,"comment_status":"open","ping_status":"open","sticky":false,"template":"","format":"standard","meta":[],"categories":[1],"tags":[46,58,16,48,12,54,57,40,69,47,62,13,61,80,78,79,34],"aioseo_notices":[],"_links":{"self":[{"href":"https:\/\/www.pontodoscafes.com.br\/blog\/wp-json\/wp\/v2\/posts\/285"}],"collection":[{"href":"https:\/\/www.pontodoscafes.com.br\/blog\/wp-json\/wp\/v2\/posts"}],"about":[{"href":"https:\/\/www.pontodoscafes.com.br\/blog\/wp-json\/wp\/v2\/types\/post"}],"author":[{"embeddable":true,"href":"https:\/\/www.pontodoscafes.com.br\/blog\/wp-json\/wp\/v2\/users\/1"}],"replies":[{"embeddable":true,"href":"https:\/\/www.pontodoscafes.com.br\/blog\/wp-json\/wp\/v2\/comments?post=285"}],"version-history":[{"count":4,"href":"https:\/\/www.pontodoscafes.com.br\/blog\/wp-json\/wp\/v2\/posts\/285\/revisions"}],"predecessor-version":[{"id":878,"href":"https:\/\/www.pontodoscafes.com.br\/blog\/wp-json\/wp\/v2\/posts\/285\/revisions\/878"}],"wp:featuredmedia":[{"embeddable":true,"href":"https:\/\/www.pontodoscafes.com.br\/blog\/wp-json\/wp\/v2\/media\/286"}],"wp:attachment":[{"href":"https:\/\/www.pontodoscafes.com.br\/blog\/wp-json\/wp\/v2\/media?parent=285"}],"wp:term":[{"taxonomy":"category","embeddable":true,"href":"https:\/\/www.pontodoscafes.com.br\/blog\/wp-json\/wp\/v2\/categories?post=285"},{"taxonomy":"post_tag","embeddable":true,"href":"https:\/\/www.pontodoscafes.com.br\/blog\/wp-json\/wp\/v2\/tags?post=285"}],"curies":[{"name":"wp","href":"https:\/\/api.w.org\/{rel}","templated":true}]}}