{"id":293,"date":"2015-05-11T12:20:08","date_gmt":"2015-05-11T12:20:08","guid":{"rendered":"http:\/\/www.pontodoscafes.com.br\/blog\/?p=293"},"modified":"2016-12-13T19:21:34","modified_gmt":"2016-12-13T19:21:34","slug":"documentario-a-film-about-coffee","status":"publish","type":"post","link":"https:\/\/www.pontodoscafes.com.br\/blog\/documentario-a-film-about-coffee\/","title":{"rendered":"V\u00eddeo: Document\u00e1rio \u201cA Film About Coffee\u201d"},"content":{"rendered":"<p><a href=\"http:\/\/www.pontodoscafes.com.br\/blog\/wp-content\/uploads\/2015\/05\/afilmaboutcoffee2.jpg\"><img loading=\"lazy\" class=\"alignnone size-full wp-image-294\" src=\"http:\/\/www.pontodoscafes.com.br\/blog\/wp-content\/uploads\/2015\/05\/afilmaboutcoffee2.jpg\" alt=\"afilmaboutcoffee2\" width=\"640\" height=\"360\" srcset=\"https:\/\/www.pontodoscafes.com.br\/blog\/wp-content\/uploads\/2015\/05\/afilmaboutcoffee2.jpg 640w, https:\/\/www.pontodoscafes.com.br\/blog\/wp-content\/uploads\/2015\/05\/afilmaboutcoffee2-300x168.jpg 300w, https:\/\/www.pontodoscafes.com.br\/blog\/wp-content\/uploads\/2015\/05\/afilmaboutcoffee2-250x140.jpg 250w, https:\/\/www.pontodoscafes.com.br\/blog\/wp-content\/uploads\/2015\/05\/afilmaboutcoffee2-510x286.jpg 510w\" sizes=\"(max-width: 640px) 100vw, 640px\" \/><\/a><\/p>\n<p>Boa not\u00edcia para os amantes de caf\u00e9 que estavam ansiosos para o lan\u00e7amento do filme A Film About Coffee no Brasil. O trabalho agora pode ser conferido on-line, de qualquer lugar do mundo, no site Vimeo. Com dura\u00e7\u00e3o de pouco mais de 1 hora e dispon\u00edvel em seis idiomas (espanhol, franc\u00eas, italiano, japon\u00eas, alem\u00e3o e ingl\u00eas \u2013 ainda sem legenda em portugu\u00eas), o filme \u00e9 uma \u201ccarta de amor ao caf\u00e9 especial\u201d, como dizem seus produtores.<\/p>\n<p>Filmado em lugares como fazendas em Honduras e Ruanda, al\u00e9m de cafeterias em T\u00f3quio, no Jap\u00e3o, e Portland, Seattle, S\u00e3o Francisco e Nova York, nos Estados Unidos, o document\u00e1rio traz o relato de agricultores, baristas e outros profissionais do setor sobre processos, preparos, sabores, origens e tend\u00eancias que levam a um melhor caf\u00e9 na x\u00edcara.<\/p>\n<p>\u00c9 poss\u00edvel alugar o v\u00eddeo pelo valor de $ 4.99 ou comprar por $ 12.99, no Vimeo. Veja clicando <a href=\"https:\/\/vimeo.com\/ondemand\/afilmaboutcoffee\/92370761\">aqui<\/a>.<\/p>\n<p>Assista o trailer abaixo:<\/p>\n<p><iframe loading=\"lazy\" src=\"https:\/\/player.vimeo.com\/video\/92370761\" width=\"1170\" height=\"658\" frameborder=\"0\" title=\"A Film About Coffee\" webkitallowfullscreen mozallowfullscreen allowfullscreen><\/iframe><\/p>\n<p>&nbsp;<\/p>\n<p>Fonte: RevistaEspresso.<\/p>\n<p>&nbsp;<\/p>\n<p><a href=\"http:\/\/www.pontodoscafes.com.br\/maquinas\" target=\"_blank\"><img loading=\"lazy\" class=\"alignnone wp-image-111 size-full\" src=\"http:\/\/www.pontodoscafes.com.br\/blog\/wp-content\/uploads\/2015\/01\/assinaturablog2.png\" alt=\"\" width=\"650\" height=\"152\" srcset=\"https:\/\/www.pontodoscafes.com.br\/blog\/wp-content\/uploads\/2015\/01\/assinaturablog2.png 650w, https:\/\/www.pontodoscafes.com.br\/blog\/wp-content\/uploads\/2015\/01\/assinaturablog2-300x70.png 300w, https:\/\/www.pontodoscafes.com.br\/blog\/wp-content\/uploads\/2015\/01\/assinaturablog2-250x58.png 250w, https:\/\/www.pontodoscafes.com.br\/blog\/wp-content\/uploads\/2015\/01\/assinaturablog2-510x119.png 510w\" sizes=\"(max-width: 650px) 100vw, 650px\" \/><\/a><\/p>\n<p>&nbsp;<\/p>\n<p>Confira nossas m\u00e1quinas do <a href=\"http:\/\/www.pontodoscafes.com.br\" rel=\"nofollow\">Ponto dos Caf\u00e9s<\/a> e opte por praticidade e qualidade.<\/p>\n","protected":false},"excerpt":{"rendered":"<p>Boa not\u00edcia para os amantes de caf\u00e9 que estavam ansiosos para o lan\u00e7amento do filme A Film About Coffee no Brasil. O trabalho agora pode ser conferido on-line, de qualquer [&hellip;]<\/p>\n","protected":false},"author":1,"featured_media":294,"comment_status":"open","ping_status":"open","sticky":false,"template":"","format":"standard","meta":[],"categories":[1],"tags":[46,58,16,12,15,54,57,40,82,81,44,47,62,13,61,34],"aioseo_notices":[],"_links":{"self":[{"href":"https:\/\/www.pontodoscafes.com.br\/blog\/wp-json\/wp\/v2\/posts\/293"}],"collection":[{"href":"https:\/\/www.pontodoscafes.com.br\/blog\/wp-json\/wp\/v2\/posts"}],"about":[{"href":"https:\/\/www.pontodoscafes.com.br\/blog\/wp-json\/wp\/v2\/types\/post"}],"author":[{"embeddable":true,"href":"https:\/\/www.pontodoscafes.com.br\/blog\/wp-json\/wp\/v2\/users\/1"}],"replies":[{"embeddable":true,"href":"https:\/\/www.pontodoscafes.com.br\/blog\/wp-json\/wp\/v2\/comments?post=293"}],"version-history":[{"count":6,"href":"https:\/\/www.pontodoscafes.com.br\/blog\/wp-json\/wp\/v2\/posts\/293\/revisions"}],"predecessor-version":[{"id":877,"href":"https:\/\/www.pontodoscafes.com.br\/blog\/wp-json\/wp\/v2\/posts\/293\/revisions\/877"}],"wp:featuredmedia":[{"embeddable":true,"href":"https:\/\/www.pontodoscafes.com.br\/blog\/wp-json\/wp\/v2\/media\/294"}],"wp:attachment":[{"href":"https:\/\/www.pontodoscafes.com.br\/blog\/wp-json\/wp\/v2\/media?parent=293"}],"wp:term":[{"taxonomy":"category","embeddable":true,"href":"https:\/\/www.pontodoscafes.com.br\/blog\/wp-json\/wp\/v2\/categories?post=293"},{"taxonomy":"post_tag","embeddable":true,"href":"https:\/\/www.pontodoscafes.com.br\/blog\/wp-json\/wp\/v2\/tags?post=293"}],"curies":[{"name":"wp","href":"https:\/\/api.w.org\/{rel}","templated":true}]}}