{"id":301,"date":"2015-05-11T13:39:57","date_gmt":"2015-05-11T13:39:57","guid":{"rendered":"http:\/\/www.pontodoscafes.com.br\/blog\/?p=301"},"modified":"2016-12-13T19:20:11","modified_gmt":"2016-12-13T19:20:11","slug":"10-fotos-que-vao-fazer-voce-querer-visitar-uma-fazenda-de-cafe","status":"publish","type":"post","link":"https:\/\/www.pontodoscafes.com.br\/blog\/10-fotos-que-vao-fazer-voce-querer-visitar-uma-fazenda-de-cafe\/","title":{"rendered":"10 fotos que v\u00e3o fazer voc\u00ea querer visitar uma fazenda de caf\u00e9"},"content":{"rendered":"<p style=\"text-align: justify;\">Nas andan\u00e7as de nossa equipe por fazendas de caf\u00e9 mundo afora, s\u00e3o vistas as mais belas paisagens. Como verdadeiros coffee hunters, ao lado de grandes fot\u00f3grafos, buscamos retratar as propriedades por \u00e2ngulos que possam valorizar a produ\u00e7\u00e3o e o produtor. Abaixo, voc\u00ea confere algumas dessas fazendas que visitamos ao longo do ano. Se voc\u00ea \u00e9 um apaixonado por caf\u00e9, com certeza vai marcar os pontos no mapa para o seu pr\u00f3ximo roteiro de viagem.<\/p>\n<p>1 \u2013 Alto Capara\u00f3 (MG), Fazenda Ninho da \u00c1guia<\/p>\n<p style=\"text-align: justify;\"><a href=\"http:\/\/www.pontodoscafes.com.br\/blog\/wp-content\/uploads\/2015\/05\/Alto-Capara\u00f3-e1418762836658.jpg\"><img loading=\"lazy\" class=\"alignnone size-full wp-image-302\" src=\"http:\/\/www.pontodoscafes.com.br\/blog\/wp-content\/uploads\/2015\/05\/Alto-Capara\u00f3-e1418762836658.jpg\" alt=\"Alto-Capara\u00f3-e1418762836658\" width=\"640\" height=\"427\" srcset=\"https:\/\/www.pontodoscafes.com.br\/blog\/wp-content\/uploads\/2015\/05\/Alto-Capara\u00f3-e1418762836658.jpg 640w, https:\/\/www.pontodoscafes.com.br\/blog\/wp-content\/uploads\/2015\/05\/Alto-Capara\u00f3-e1418762836658-300x200.jpg 300w, https:\/\/www.pontodoscafes.com.br\/blog\/wp-content\/uploads\/2015\/05\/Alto-Capara\u00f3-e1418762836658-250x166.jpg 250w, https:\/\/www.pontodoscafes.com.br\/blog\/wp-content\/uploads\/2015\/05\/Alto-Capara\u00f3-e1418762836658-510x340.jpg 510w\" sizes=\"(max-width: 640px) 100vw, 640px\" \/><\/a><\/p>\n<p style=\"text-align: justify;\">2 \u2013 Norte Pioneiro, Paran\u00e1<\/p>\n<p style=\"text-align: justify;\"><a href=\"http:\/\/www.pontodoscafes.com.br\/blog\/wp-content\/uploads\/2015\/05\/NortePioneiro-Paran\u00e1-e1418762902916.jpg\"><img loading=\"lazy\" class=\"alignnone size-full wp-image-309\" src=\"http:\/\/www.pontodoscafes.com.br\/blog\/wp-content\/uploads\/2015\/05\/NortePioneiro-Paran\u00e1-e1418762902916.jpg\" alt=\"NortePioneiro-Paran\u00e1-e1418762902916\" width=\"640\" height=\"426\" srcset=\"https:\/\/www.pontodoscafes.com.br\/blog\/wp-content\/uploads\/2015\/05\/NortePioneiro-Paran\u00e1-e1418762902916.jpg 640w, https:\/\/www.pontodoscafes.com.br\/blog\/wp-content\/uploads\/2015\/05\/NortePioneiro-Paran\u00e1-e1418762902916-300x199.jpg 300w, https:\/\/www.pontodoscafes.com.br\/blog\/wp-content\/uploads\/2015\/05\/NortePioneiro-Paran\u00e1-e1418762902916-250x166.jpg 250w, https:\/\/www.pontodoscafes.com.br\/blog\/wp-content\/uploads\/2015\/05\/NortePioneiro-Paran\u00e1-e1418762902916-510x339.jpg 510w\" sizes=\"(max-width: 640px) 100vw, 640px\" \/><\/a><\/p>\n<p style=\"text-align: justify;\">3 \u2013 El Salvador, Fazenda El Manzano<\/p>\n<p style=\"text-align: justify;\"><a href=\"http:\/\/www.pontodoscafes.com.br\/blog\/wp-content\/uploads\/2015\/05\/El-Salvador-e1418762876792.jpg\"><img loading=\"lazy\" class=\"alignnone size-full wp-image-306\" src=\"http:\/\/www.pontodoscafes.com.br\/blog\/wp-content\/uploads\/2015\/05\/El-Salvador-e1418762876792.jpg\" alt=\"Let's Talk Coffee + Let's Talk Roya 2013\" width=\"640\" height=\"426\" srcset=\"https:\/\/www.pontodoscafes.com.br\/blog\/wp-content\/uploads\/2015\/05\/El-Salvador-e1418762876792.jpg 640w, https:\/\/www.pontodoscafes.com.br\/blog\/wp-content\/uploads\/2015\/05\/El-Salvador-e1418762876792-300x199.jpg 300w, https:\/\/www.pontodoscafes.com.br\/blog\/wp-content\/uploads\/2015\/05\/El-Salvador-e1418762876792-250x166.jpg 250w, https:\/\/www.pontodoscafes.com.br\/blog\/wp-content\/uploads\/2015\/05\/El-Salvador-e1418762876792-510x339.jpg 510w\" sizes=\"(max-width: 640px) 100vw, 640px\" \/><\/a><\/p>\n<p style=\"text-align: justify;\">4 \u2013 Ibiraci (MG), Fazendas Portal da Serra e Guanabara<\/p>\n<p style=\"text-align: justify;\"><a href=\"http:\/\/www.pontodoscafes.com.br\/blog\/wp-content\/uploads\/2015\/05\/Ibiraci-MG-e1418762893318.jpg\"><img loading=\"lazy\" class=\"alignnone size-full wp-image-308\" src=\"http:\/\/www.pontodoscafes.com.br\/blog\/wp-content\/uploads\/2015\/05\/Ibiraci-MG-e1418762893318.jpg\" alt=\"Ibiraci-MG-e1418762893318\" width=\"640\" height=\"427\" srcset=\"https:\/\/www.pontodoscafes.com.br\/blog\/wp-content\/uploads\/2015\/05\/Ibiraci-MG-e1418762893318.jpg 640w, https:\/\/www.pontodoscafes.com.br\/blog\/wp-content\/uploads\/2015\/05\/Ibiraci-MG-e1418762893318-300x200.jpg 300w, https:\/\/www.pontodoscafes.com.br\/blog\/wp-content\/uploads\/2015\/05\/Ibiraci-MG-e1418762893318-250x166.jpg 250w, https:\/\/www.pontodoscafes.com.br\/blog\/wp-content\/uploads\/2015\/05\/Ibiraci-MG-e1418762893318-510x340.jpg 510w\" sizes=\"(max-width: 640px) 100vw, 640px\" \/><\/a><\/p>\n<p style=\"text-align: justify;\">5 \u2013 Patroc\u00ednio (MG), Cerrado Mineiro<\/p>\n<p style=\"text-align: justify;\"><a href=\"http:\/\/www.pontodoscafes.com.br\/blog\/wp-content\/uploads\/2015\/05\/Patroc\u00ednio-Cerrado-Mineiro-e1418762910979.jpg\"><img loading=\"lazy\" class=\"alignnone size-full wp-image-311\" src=\"http:\/\/www.pontodoscafes.com.br\/blog\/wp-content\/uploads\/2015\/05\/Patroc\u00ednio-Cerrado-Mineiro-e1418762910979.jpg\" alt=\"Patroc\u00ednio-Cerrado-Mineiro-e1418762910979\" width=\"640\" height=\"425\" srcset=\"https:\/\/www.pontodoscafes.com.br\/blog\/wp-content\/uploads\/2015\/05\/Patroc\u00ednio-Cerrado-Mineiro-e1418762910979.jpg 640w, https:\/\/www.pontodoscafes.com.br\/blog\/wp-content\/uploads\/2015\/05\/Patroc\u00ednio-Cerrado-Mineiro-e1418762910979-300x199.jpg 300w, https:\/\/www.pontodoscafes.com.br\/blog\/wp-content\/uploads\/2015\/05\/Patroc\u00ednio-Cerrado-Mineiro-e1418762910979-250x166.jpg 250w, https:\/\/www.pontodoscafes.com.br\/blog\/wp-content\/uploads\/2015\/05\/Patroc\u00ednio-Cerrado-Mineiro-e1418762910979-510x338.jpg 510w\" sizes=\"(max-width: 640px) 100vw, 640px\" \/><\/a><\/p>\n<p style=\"text-align: justify;\">6 \u2013 Quind\u00edo (Col\u00f4mbia), Fazenda La Dorada<\/p>\n<p style=\"text-align: justify;\"><a href=\"http:\/\/www.pontodoscafes.com.br\/blog\/wp-content\/uploads\/2015\/05\/Colombia-e1418762866458.jpg\"><img loading=\"lazy\" class=\"alignnone size-full wp-image-305\" src=\"http:\/\/www.pontodoscafes.com.br\/blog\/wp-content\/uploads\/2015\/05\/Colombia-e1418762866458.jpg\" alt=\"Colombia-e1418762866458\" width=\"640\" height=\"480\" srcset=\"https:\/\/www.pontodoscafes.com.br\/blog\/wp-content\/uploads\/2015\/05\/Colombia-e1418762866458.jpg 640w, https:\/\/www.pontodoscafes.com.br\/blog\/wp-content\/uploads\/2015\/05\/Colombia-e1418762866458-300x225.jpg 300w, https:\/\/www.pontodoscafes.com.br\/blog\/wp-content\/uploads\/2015\/05\/Colombia-e1418762866458-250x187.jpg 250w, https:\/\/www.pontodoscafes.com.br\/blog\/wp-content\/uploads\/2015\/05\/Colombia-e1418762866458-510x382.jpg 510w\" sizes=\"(max-width: 640px) 100vw, 640px\" \/><\/a><\/p>\n<p style=\"text-align: justify;\">7 \u2013 Machado (MG), Fazenda Santa M\u00f4nica<\/p>\n<p style=\"text-align: justify;\"><a href=\"http:\/\/www.pontodoscafes.com.br\/blog\/wp-content\/uploads\/2015\/05\/Fazenda-Santa-M\u00f4nica-Machado-MG-e1418762885697.jpg\"><img loading=\"lazy\" class=\"alignnone size-full wp-image-307\" src=\"http:\/\/www.pontodoscafes.com.br\/blog\/wp-content\/uploads\/2015\/05\/Fazenda-Santa-M\u00f4nica-Machado-MG-e1418762885697.jpg\" alt=\"Fazenda-Santa-M\u00f4nica-Machado-MG-e1418762885697\" width=\"640\" height=\"427\" srcset=\"https:\/\/www.pontodoscafes.com.br\/blog\/wp-content\/uploads\/2015\/05\/Fazenda-Santa-M\u00f4nica-Machado-MG-e1418762885697.jpg 640w, https:\/\/www.pontodoscafes.com.br\/blog\/wp-content\/uploads\/2015\/05\/Fazenda-Santa-M\u00f4nica-Machado-MG-e1418762885697-300x200.jpg 300w, https:\/\/www.pontodoscafes.com.br\/blog\/wp-content\/uploads\/2015\/05\/Fazenda-Santa-M\u00f4nica-Machado-MG-e1418762885697-250x166.jpg 250w, https:\/\/www.pontodoscafes.com.br\/blog\/wp-content\/uploads\/2015\/05\/Fazenda-Santa-M\u00f4nica-Machado-MG-e1418762885697-510x340.jpg 510w\" sizes=\"(max-width: 640px) 100vw, 640px\" \/><\/a><\/p>\n<p style=\"text-align: justify;\">8 \u2013 Presidente Oleg\u00e1rio, Cerrado Mineiro, Fazenda Dona Nenem<\/p>\n<p style=\"text-align: justify;\"><a href=\"http:\/\/www.pontodoscafes.com.br\/blog\/wp-content\/uploads\/2015\/05\/Cerrado-Mineiro-Presidente-Oleg\u00e1rio-e1418762856500.jpg\"><img loading=\"lazy\" class=\"alignnone size-full wp-image-304\" src=\"http:\/\/www.pontodoscafes.com.br\/blog\/wp-content\/uploads\/2015\/05\/Cerrado-Mineiro-Presidente-Oleg\u00e1rio-e1418762856500.jpg\" alt=\"Cerrado-Mineiro-Presidente-Oleg\u00e1rio-e1418762856500\" width=\"640\" height=\"427\" srcset=\"https:\/\/www.pontodoscafes.com.br\/blog\/wp-content\/uploads\/2015\/05\/Cerrado-Mineiro-Presidente-Oleg\u00e1rio-e1418762856500.jpg 640w, https:\/\/www.pontodoscafes.com.br\/blog\/wp-content\/uploads\/2015\/05\/Cerrado-Mineiro-Presidente-Oleg\u00e1rio-e1418762856500-300x200.jpg 300w, https:\/\/www.pontodoscafes.com.br\/blog\/wp-content\/uploads\/2015\/05\/Cerrado-Mineiro-Presidente-Oleg\u00e1rio-e1418762856500-250x166.jpg 250w, https:\/\/www.pontodoscafes.com.br\/blog\/wp-content\/uploads\/2015\/05\/Cerrado-Mineiro-Presidente-Oleg\u00e1rio-e1418762856500-510x340.jpg 510w\" sizes=\"(max-width: 640px) 100vw, 640px\" \/><\/a><\/p>\n<p style=\"text-align: justify;\">9 \u2013 Carmo de Minas (MG)<\/p>\n<p style=\"text-align: justify;\"><a href=\"http:\/\/www.pontodoscafes.com.br\/blog\/wp-content\/uploads\/2015\/05\/Carmo-de-Minas-e1418762846474.jpg\"><img loading=\"lazy\" class=\"alignnone size-full wp-image-303\" src=\"http:\/\/www.pontodoscafes.com.br\/blog\/wp-content\/uploads\/2015\/05\/Carmo-de-Minas-e1418762846474.jpg\" alt=\"Carmo de Minas Cafe\" width=\"640\" height=\"426\" srcset=\"https:\/\/www.pontodoscafes.com.br\/blog\/wp-content\/uploads\/2015\/05\/Carmo-de-Minas-e1418762846474.jpg 640w, https:\/\/www.pontodoscafes.com.br\/blog\/wp-content\/uploads\/2015\/05\/Carmo-de-Minas-e1418762846474-300x199.jpg 300w, https:\/\/www.pontodoscafes.com.br\/blog\/wp-content\/uploads\/2015\/05\/Carmo-de-Minas-e1418762846474-250x166.jpg 250w, https:\/\/www.pontodoscafes.com.br\/blog\/wp-content\/uploads\/2015\/05\/Carmo-de-Minas-e1418762846474-510x339.jpg 510w\" sizes=\"(max-width: 640px) 100vw, 640px\" \/><\/a><\/p>\n<p style=\"text-align: justify;\">10 \u2013 Panam\u00e1, Fazenda La Esmeralda<\/p>\n<p style=\"text-align: justify;\"><a href=\"http:\/\/www.pontodoscafes.com.br\/blog\/wp-content\/uploads\/2015\/05\/panama2.jpg\"><img loading=\"lazy\" class=\"alignnone size-full wp-image-310\" src=\"http:\/\/www.pontodoscafes.com.br\/blog\/wp-content\/uploads\/2015\/05\/panama2.jpg\" alt=\"panama2\" width=\"640\" height=\"624\" srcset=\"https:\/\/www.pontodoscafes.com.br\/blog\/wp-content\/uploads\/2015\/05\/panama2.jpg 640w, https:\/\/www.pontodoscafes.com.br\/blog\/wp-content\/uploads\/2015\/05\/panama2-300x292.jpg 300w, https:\/\/www.pontodoscafes.com.br\/blog\/wp-content\/uploads\/2015\/05\/panama2-250x243.jpg 250w, https:\/\/www.pontodoscafes.com.br\/blog\/wp-content\/uploads\/2015\/05\/panama2-510x497.jpg 510w\" sizes=\"(max-width: 640px) 100vw, 640px\" \/><\/a><\/p>\n<p style=\"text-align: justify;\"><a href=\"http:\/\/www.pontodoscafes.com.br\/maquinas\" target=\"_blank\"><img loading=\"lazy\" class=\"alignnone wp-image-111 size-full\" src=\"http:\/\/www.pontodoscafes.com.br\/blog\/wp-content\/uploads\/2015\/01\/assinaturablog2.png\" alt=\"\" width=\"650\" height=\"152\" srcset=\"https:\/\/www.pontodoscafes.com.br\/blog\/wp-content\/uploads\/2015\/01\/assinaturablog2.png 650w, https:\/\/www.pontodoscafes.com.br\/blog\/wp-content\/uploads\/2015\/01\/assinaturablog2-300x70.png 300w, https:\/\/www.pontodoscafes.com.br\/blog\/wp-content\/uploads\/2015\/01\/assinaturablog2-250x58.png 250w, https:\/\/www.pontodoscafes.com.br\/blog\/wp-content\/uploads\/2015\/01\/assinaturablog2-510x119.png 510w\" sizes=\"(max-width: 650px) 100vw, 650px\" \/><\/a><\/p>\n<p style=\"text-align: justify;\">Confira nossas m\u00e1quinas do <a href=\"http:\/\/www.pontodoscafes.com.br\" rel=\"nofollow\">Ponto dos Caf\u00e9s<\/a> e opte por praticidade e qualidade.<\/p>\n<p style=\"text-align: justify;\">\n","protected":false},"excerpt":{"rendered":"<p>Nas andan\u00e7as de nossa equipe por fazendas de caf\u00e9 mundo afora, s\u00e3o vistas as mais belas paisagens. Como verdadeiros coffee hunters, ao lado de grandes fot\u00f3grafos, buscamos retratar as propriedades [&hellip;]<\/p>\n","protected":false},"author":1,"featured_media":302,"comment_status":"open","ping_status":"open","sticky":false,"template":"","format":"standard","meta":[],"categories":[1],"tags":[46,58,33,16,54,57,40,45,89,87,91,69,32,90,44,47,62,13,61,88,34],"aioseo_notices":[],"_links":{"self":[{"href":"https:\/\/www.pontodoscafes.com.br\/blog\/wp-json\/wp\/v2\/posts\/301"}],"collection":[{"href":"https:\/\/www.pontodoscafes.com.br\/blog\/wp-json\/wp\/v2\/posts"}],"about":[{"href":"https:\/\/www.pontodoscafes.com.br\/blog\/wp-json\/wp\/v2\/types\/post"}],"author":[{"embeddable":true,"href":"https:\/\/www.pontodoscafes.com.br\/blog\/wp-json\/wp\/v2\/users\/1"}],"replies":[{"embeddable":true,"href":"https:\/\/www.pontodoscafes.com.br\/blog\/wp-json\/wp\/v2\/comments?post=301"}],"version-history":[{"count":4,"href":"https:\/\/www.pontodoscafes.com.br\/blog\/wp-json\/wp\/v2\/posts\/301\/revisions"}],"predecessor-version":[{"id":875,"href":"https:\/\/www.pontodoscafes.com.br\/blog\/wp-json\/wp\/v2\/posts\/301\/revisions\/875"}],"wp:featuredmedia":[{"embeddable":true,"href":"https:\/\/www.pontodoscafes.com.br\/blog\/wp-json\/wp\/v2\/media\/302"}],"wp:attachment":[{"href":"https:\/\/www.pontodoscafes.com.br\/blog\/wp-json\/wp\/v2\/media?parent=301"}],"wp:term":[{"taxonomy":"category","embeddable":true,"href":"https:\/\/www.pontodoscafes.com.br\/blog\/wp-json\/wp\/v2\/categories?post=301"},{"taxonomy":"post_tag","embeddable":true,"href":"https:\/\/www.pontodoscafes.com.br\/blog\/wp-json\/wp\/v2\/tags?post=301"}],"curies":[{"name":"wp","href":"https:\/\/api.w.org\/{rel}","templated":true}]}}