{"id":314,"date":"2015-05-11T14:50:31","date_gmt":"2015-05-11T14:50:31","guid":{"rendered":"http:\/\/www.pontodoscafes.com.br\/blog\/?p=314"},"modified":"2016-12-13T19:19:42","modified_gmt":"2016-12-13T19:19:42","slug":"biodiesel-pode-ser-extraido-da-borra-de-cafe","status":"publish","type":"post","link":"https:\/\/www.pontodoscafes.com.br\/blog\/biodiesel-pode-ser-extraido-da-borra-de-cafe\/","title":{"rendered":"Biodiesel pode ser extra\u00eddo da borra de caf\u00e9"},"content":{"rendered":"<p><a href=\"http:\/\/www.pontodoscafes.com.br\/blog\/wp-content\/uploads\/2015\/05\/url.jpg\"><img loading=\"lazy\" class=\"alignnone size-full wp-image-329\" src=\"http:\/\/www.pontodoscafes.com.br\/blog\/wp-content\/uploads\/2015\/05\/url.jpg\" alt=\"url\" width=\"507\" height=\"338\" srcset=\"https:\/\/www.pontodoscafes.com.br\/blog\/wp-content\/uploads\/2015\/05\/url.jpg 507w, https:\/\/www.pontodoscafes.com.br\/blog\/wp-content\/uploads\/2015\/05\/url-300x200.jpg 300w, https:\/\/www.pontodoscafes.com.br\/blog\/wp-content\/uploads\/2015\/05\/url-250x166.jpg 250w\" sizes=\"(max-width: 507px) 100vw, 507px\" \/><\/a><\/p>\n<p>&nbsp;<\/p>\n<p>Uma pesquisa aponta o \u00f3leo extra\u00eddo da borra de caf\u00e9 como uma mat\u00e9ria-prima para a produ\u00e7\u00e3o de biodiesel.<\/p>\n<p>O trabalho surgiu a partir de um estudo iniciado como experimento em sala de aula para crian\u00e7as e se tornou uma disserta\u00e7\u00e3o de mestrado da professora de qu\u00edmica, Denise Moreira dos Santos.<\/p>\n<p>O combust\u00edvel \u00e9 obtido da mesma forma como acontece com outras mat\u00e9rias-primas. O \u00f3leo essencial \u00e9 extra\u00eddo da borra de caf\u00e9 por meio do uso de etanol como solvente. Ap\u00f3s a extra\u00e7\u00e3o, o material \u00e9 posto em contato com um catalisador alcalino, que realiza uma rea\u00e7\u00e3o de transesterifica\u00e7\u00e3o com a qual se obt\u00e9m o biodiesel.<\/p>\n<p>Segundo a professora (atualmente, ministrado o curso t\u00e9cnico de Qu\u00edmica no Centro Paula Souza, entidade que administra Etecs e Fatecs em S\u00e3o Paulo), a pesquisa tinha por objetivo mostrar aos alunos que era poss\u00edvel aproveitar um res\u00edduo descartado no ambiente para a produ\u00e7\u00e3o de energia. \u201c\u00c9 poss\u00edvel ainda utilizar a energia solar para secar a borra, no lugar de fornos e estufas\u201d, diz ela.<\/p>\n<p>Com o alto consumo de caf\u00e9 no pa\u00eds, h\u00e1 uma grande quantidade de res\u00edduos descartados no meio ambiente, o que \u00e9 prejudicial ao meio ambiente.\u00a0 A professora alerta que o descarte da borra do caf\u00e9 e o uso do material como fertilizante contaminam o solo.<\/p>\n<p>Ela sugere a utiliza\u00e7\u00e3o do res\u00edduo na produ\u00e7\u00e3o do biodiesel em pequenas comunidades agr\u00edcolas para o abastecimento de tratores e m\u00e1quinas.<\/p>\n<p>(Com informa\u00e7\u00f5es do MCT)<\/p>\n<p>&nbsp;<\/p>\n<p>Fonte: InfoAbril<\/p>\n<p>&nbsp;<\/p>\n<p><a href=\"http:\/\/www.pontodoscafes.com.br\/maquinas\" target=\"_blank\"><img loading=\"lazy\" class=\"alignnone wp-image-111 size-full\" src=\"http:\/\/www.pontodoscafes.com.br\/blog\/wp-content\/uploads\/2015\/01\/assinaturablog2.png\" alt=\"\" width=\"650\" height=\"152\" srcset=\"https:\/\/www.pontodoscafes.com.br\/blog\/wp-content\/uploads\/2015\/01\/assinaturablog2.png 650w, https:\/\/www.pontodoscafes.com.br\/blog\/wp-content\/uploads\/2015\/01\/assinaturablog2-300x70.png 300w, https:\/\/www.pontodoscafes.com.br\/blog\/wp-content\/uploads\/2015\/01\/assinaturablog2-250x58.png 250w, https:\/\/www.pontodoscafes.com.br\/blog\/wp-content\/uploads\/2015\/01\/assinaturablog2-510x119.png 510w\" sizes=\"(max-width: 650px) 100vw, 650px\" \/><\/a><\/p>\n<p>&nbsp;<\/p>\n<p>Confira nossas m\u00e1quinas do <a href=\"http:\/\/www.pontodoscafes.com.br\" rel=\"nofollow\">Ponto dos Caf\u00e9s<\/a> e opte por praticidade e qualidade.<\/p>\n","protected":false},"excerpt":{"rendered":"<p>&nbsp; Uma pesquisa aponta o \u00f3leo extra\u00eddo da borra de caf\u00e9 como uma mat\u00e9ria-prima para a produ\u00e7\u00e3o de biodiesel. O trabalho surgiu a partir de um estudo iniciado como experimento [&hellip;]<\/p>\n","protected":false},"author":1,"featured_media":329,"comment_status":"open","ping_status":"open","sticky":false,"template":"","format":"standard","meta":[],"categories":[1],"tags":[46,58,18,33,16,12,15,54,95,57,40,45,92,44,94,47,62,13,61,39,93],"aioseo_notices":[],"_links":{"self":[{"href":"https:\/\/www.pontodoscafes.com.br\/blog\/wp-json\/wp\/v2\/posts\/314"}],"collection":[{"href":"https:\/\/www.pontodoscafes.com.br\/blog\/wp-json\/wp\/v2\/posts"}],"about":[{"href":"https:\/\/www.pontodoscafes.com.br\/blog\/wp-json\/wp\/v2\/types\/post"}],"author":[{"embeddable":true,"href":"https:\/\/www.pontodoscafes.com.br\/blog\/wp-json\/wp\/v2\/users\/1"}],"replies":[{"embeddable":true,"href":"https:\/\/www.pontodoscafes.com.br\/blog\/wp-json\/wp\/v2\/comments?post=314"}],"version-history":[{"count":4,"href":"https:\/\/www.pontodoscafes.com.br\/blog\/wp-json\/wp\/v2\/posts\/314\/revisions"}],"predecessor-version":[{"id":874,"href":"https:\/\/www.pontodoscafes.com.br\/blog\/wp-json\/wp\/v2\/posts\/314\/revisions\/874"}],"wp:featuredmedia":[{"embeddable":true,"href":"https:\/\/www.pontodoscafes.com.br\/blog\/wp-json\/wp\/v2\/media\/329"}],"wp:attachment":[{"href":"https:\/\/www.pontodoscafes.com.br\/blog\/wp-json\/wp\/v2\/media?parent=314"}],"wp:term":[{"taxonomy":"category","embeddable":true,"href":"https:\/\/www.pontodoscafes.com.br\/blog\/wp-json\/wp\/v2\/categories?post=314"},{"taxonomy":"post_tag","embeddable":true,"href":"https:\/\/www.pontodoscafes.com.br\/blog\/wp-json\/wp\/v2\/tags?post=314"}],"curies":[{"name":"wp","href":"https:\/\/api.w.org\/{rel}","templated":true}]}}