{"id":322,"date":"2015-05-11T18:15:13","date_gmt":"2015-05-11T18:15:13","guid":{"rendered":"http:\/\/www.pontodoscafes.com.br\/blog\/?p=322"},"modified":"2016-12-13T19:18:35","modified_gmt":"2016-12-13T19:18:35","slug":"cafe-pode-se-tornar-uma-especializacao-em-universidade-americana","status":"publish","type":"post","link":"https:\/\/www.pontodoscafes.com.br\/blog\/cafe-pode-se-tornar-uma-especializacao-em-universidade-americana\/","title":{"rendered":"Caf\u00e9 pode se tornar uma especializa\u00e7\u00e3o em universidade americana"},"content":{"rendered":"<p><a href=\"http:\/\/www.pontodoscafes.com.br\/blog\/wp-content\/uploads\/2015\/05\/cafe_coado_brasil_a_gosto.jpg\"><img loading=\"lazy\" class=\"alignnone size-medium wp-image-325\" src=\"http:\/\/www.pontodoscafes.com.br\/blog\/wp-content\/uploads\/2015\/05\/cafe_coado_brasil_a_gosto-300x289.jpg\" alt=\"cafe_coado_brasil_a_gosto\" width=\"300\" height=\"289\" srcset=\"https:\/\/www.pontodoscafes.com.br\/blog\/wp-content\/uploads\/2015\/05\/cafe_coado_brasil_a_gosto-300x289.jpg 300w, https:\/\/www.pontodoscafes.com.br\/blog\/wp-content\/uploads\/2015\/05\/cafe_coado_brasil_a_gosto-250x241.jpg 250w, https:\/\/www.pontodoscafes.com.br\/blog\/wp-content\/uploads\/2015\/05\/cafe_coado_brasil_a_gosto-510x491.jpg 510w, https:\/\/www.pontodoscafes.com.br\/blog\/wp-content\/uploads\/2015\/05\/cafe_coado_brasil_a_gosto.jpg 1000w\" sizes=\"(max-width: 300px) 100vw, 300px\" \/><\/a><\/p>\n<p>&nbsp;<\/p>\n<p>A Universidade da Calif\u00f3rnia, Davis, est\u00e1 investindo nos estudos em torno da bebida que \u00e9 sagrada para muita gente: o caf\u00e9. Na \u00faltima semana, a Universidade lan\u00e7ou o \u2018Centro do Caf\u00e9\u2019, que faz parte do seu \u2018Instituto de Alimentos para a Sa\u00fade\u2019.<\/p>\n<p>De acordo com a universiade, o intuito \u00e9 \u201cinvestigar a qualidade, a sa\u00fade e a sustentabilidade do caf\u00e9\u201d, de forma a \u201ceducar a pr\u00f3xima gera\u00e7\u00e3o de cientistas do caf\u00e9\u201d. Por enquanto, o \u2018Centro do Caf\u00e9\u2019 \u00e9 composto por um time de onze Ph.Ds que participar\u00e3o de pesquisas e confer\u00eancias.<\/p>\n<p>Outras universidades americanas j\u00e1 oferecem centros de pesquisa desse tipo. A Universidade A&amp;M, do Texas, gerencia o \u2018Centro Mundial de Pesquisas do Caf\u00e9\u2019, que \u00e9 um programa colaborativo sem fins lucrativos, enquanto a Universidade Vanderbilt, no Tennesee, possui o \u2018Instituto para Pesquisas do Caf\u00e9\u2019. O foco do primeiro \u00e9 a ind\u00fastria do cafeeira e o do segundo, os efeitos da cafe\u00edna na sa\u00fade.<\/p>\n<p>O \u2018Centro do Caf\u00e9\u2019 da Universidade da Calif\u00f3rnia, no entanto, tem a inten\u00e7\u00e3o de dar um panorama maior, oferecendo estudos, por exemplo, sobre a gen\u00e9tica do caf\u00e9, os aspectos sensoriais e metab\u00f3licos deste, sua composi\u00e7\u00e3o, estrutura e fun\u00e7\u00e3o, bem como a vida social e cultural da bebida. De acordo com a UC, se a resposta aos cursos, palestras e pesquisas for positiva, a Universidade tornar\u00e1 a \u201cci\u00eancia do caf\u00e9\u201d uma especializa\u00e7\u00e3o para seus cursos de gradua\u00e7\u00e3o.<\/p>\n<p>&nbsp;<\/p>\n<p>Fonte: EpocaNeg\u00f3cios.<\/p>\n<p>&nbsp;<\/p>\n<p><a href=\"http:\/\/www.pontodoscafes.com.br\/maquinas\" target=\"_blank\"><img loading=\"lazy\" class=\"alignnone wp-image-111 size-full\" src=\"http:\/\/www.pontodoscafes.com.br\/blog\/wp-content\/uploads\/2015\/01\/assinaturablog2.png\" alt=\"\" width=\"650\" height=\"152\" srcset=\"https:\/\/www.pontodoscafes.com.br\/blog\/wp-content\/uploads\/2015\/01\/assinaturablog2.png 650w, https:\/\/www.pontodoscafes.com.br\/blog\/wp-content\/uploads\/2015\/01\/assinaturablog2-300x70.png 300w, https:\/\/www.pontodoscafes.com.br\/blog\/wp-content\/uploads\/2015\/01\/assinaturablog2-250x58.png 250w, https:\/\/www.pontodoscafes.com.br\/blog\/wp-content\/uploads\/2015\/01\/assinaturablog2-510x119.png 510w\" sizes=\"(max-width: 650px) 100vw, 650px\" \/><\/a><\/p>\n<p>Confira nossas m\u00e1quinas do <a href=\"http:\/\/www.pontodoscafes.com.br\" rel=\"nofollow\">Ponto dos Caf\u00e9s<\/a> e opte por praticidade e qualidade.<\/p>\n<p>&nbsp;<\/p>\n<p>&nbsp;<\/p>\n","protected":false},"excerpt":{"rendered":"<p>&nbsp; A Universidade da Calif\u00f3rnia, Davis, est\u00e1 investindo nos estudos em torno da bebida que \u00e9 sagrada para muita gente: o caf\u00e9. Na \u00faltima semana, a Universidade lan\u00e7ou o \u2018Centro [&hellip;]<\/p>\n","protected":false},"author":1,"featured_media":325,"comment_status":"open","ping_status":"open","sticky":false,"template":"","format":"standard","meta":[],"categories":[1,14],"tags":[46,58,33,16,54,95,57,40,45,44,47,62,13,61,96,34],"aioseo_notices":[],"_links":{"self":[{"href":"https:\/\/www.pontodoscafes.com.br\/blog\/wp-json\/wp\/v2\/posts\/322"}],"collection":[{"href":"https:\/\/www.pontodoscafes.com.br\/blog\/wp-json\/wp\/v2\/posts"}],"about":[{"href":"https:\/\/www.pontodoscafes.com.br\/blog\/wp-json\/wp\/v2\/types\/post"}],"author":[{"embeddable":true,"href":"https:\/\/www.pontodoscafes.com.br\/blog\/wp-json\/wp\/v2\/users\/1"}],"replies":[{"embeddable":true,"href":"https:\/\/www.pontodoscafes.com.br\/blog\/wp-json\/wp\/v2\/comments?post=322"}],"version-history":[{"count":3,"href":"https:\/\/www.pontodoscafes.com.br\/blog\/wp-json\/wp\/v2\/posts\/322\/revisions"}],"predecessor-version":[{"id":872,"href":"https:\/\/www.pontodoscafes.com.br\/blog\/wp-json\/wp\/v2\/posts\/322\/revisions\/872"}],"wp:featuredmedia":[{"embeddable":true,"href":"https:\/\/www.pontodoscafes.com.br\/blog\/wp-json\/wp\/v2\/media\/325"}],"wp:attachment":[{"href":"https:\/\/www.pontodoscafes.com.br\/blog\/wp-json\/wp\/v2\/media?parent=322"}],"wp:term":[{"taxonomy":"category","embeddable":true,"href":"https:\/\/www.pontodoscafes.com.br\/blog\/wp-json\/wp\/v2\/categories?post=322"},{"taxonomy":"post_tag","embeddable":true,"href":"https:\/\/www.pontodoscafes.com.br\/blog\/wp-json\/wp\/v2\/tags?post=322"}],"curies":[{"name":"wp","href":"https:\/\/api.w.org\/{rel}","templated":true}]}}