{"id":335,"date":"2015-05-11T18:41:38","date_gmt":"2015-05-11T18:41:38","guid":{"rendered":"http:\/\/www.pontodoscafes.com.br\/blog\/?p=335"},"modified":"2021-05-24T16:51:08","modified_gmt":"2021-05-24T16:51:08","slug":"degustador-de-cafe-ja-chegou-a-provar-mais-de-3-500-xicaras-em-um-unico-dia","status":"publish","type":"post","link":"https:\/\/www.pontodoscafes.com.br\/blog\/degustador-de-cafe-ja-chegou-a-provar-mais-de-3-500-xicaras-em-um-unico-dia\/","title":{"rendered":"Degustador de caf\u00e9 j\u00e1 chegou a provar mais de 3.500 x\u00edcaras em um \u00fanico dia"},"content":{"rendered":"<p><a href=\"https:\/\/www.pontodoscafes.com.br\/blog\/wp-content\/uploads\/2015\/05\/edimilson-batista-generoso-campeao-brasileiro-de-cup-tasters-1379946238633_956x500.jpg\"><img loading=\"lazy\" class=\"aligncenter wp-image-337 size-full\" src=\"https:\/\/www.pontodoscafes.com.br\/blog\/wp-content\/uploads\/2015\/05\/edimilson-batista-generoso-campeao-brasileiro-de-cup-tasters-1379946238633_956x500.jpg\" alt=\"\" width=\"956\" height=\"500\" srcset=\"https:\/\/www.pontodoscafes.com.br\/blog\/wp-content\/uploads\/2015\/05\/edimilson-batista-generoso-campeao-brasileiro-de-cup-tasters-1379946238633_956x500.jpg 956w, https:\/\/www.pontodoscafes.com.br\/blog\/wp-content\/uploads\/2015\/05\/edimilson-batista-generoso-campeao-brasileiro-de-cup-tasters-1379946238633_956x500-300x156.jpg 300w, https:\/\/www.pontodoscafes.com.br\/blog\/wp-content\/uploads\/2015\/05\/edimilson-batista-generoso-campeao-brasileiro-de-cup-tasters-1379946238633_956x500-250x130.jpg 250w, https:\/\/www.pontodoscafes.com.br\/blog\/wp-content\/uploads\/2015\/05\/edimilson-batista-generoso-campeao-brasileiro-de-cup-tasters-1379946238633_956x500-510x266.jpg 510w\" sizes=\"(max-width: 956px) 100vw, 956px\" \/><\/a><\/p>\n<p>Francisco Donizete Cruz j\u00e1 chegou a experimentar mais de 3.500 x\u00edcaras de caf\u00e9 num \u00fanico dia, no auge da colheita em Minas Gerais. Degustador de caf\u00e9 h\u00e1 33 anos, ele \u00e9 gerente de qualidade da cooperativa Cooxup\u00e9, em Guaxup\u00e9 (MG).<\/p>\n<p>Cabe a ele verificar as condi\u00e7\u00f5es do caf\u00e9 que chega das fazendas dos produtores associados \u00e0 cooperativa, e avaliar as caracter\u00edsticas da bebida preparada com o gr\u00e3o torrado e mo\u00eddo &#8211; dizer se \u00e9 suave, forte, \u00e1cida, doce, etc.<\/p>\n<p>&#8220;S\u00e3o mais de 40 tipos de caf\u00e9, fora os gourmets&#8221;, afirma Cruz.<\/p>\n<p>Os degustadores n\u00e3o engolem o caf\u00e9 que experimentam, que \u00e9 cuspido num recipiente antes que eles passem para outra x\u00edcara. Mesmo assim, parte da bebida \u00e9 absorvida pelo organismo, atrav\u00e9s do contato com a boca e a l\u00edngua.<br \/>\nConcurso de degusta\u00e7\u00e3o de caf\u00e9s<\/p>\n<p>No pico da safra, entre julho e setembro, a cooperativa mineira, considerada a maior do pa\u00eds ligada ao caf\u00e9, recebe diariamente de 60 mil a 70 mil sacas de produto de seus associados.<\/p>\n<p>O n\u00famero de sacas dos lotes enviados pelos produtores varia. Mas a equipe de degustadores da cooperativa experimenta amostras de cada lote trazido.<br \/>\nClassifica\u00e7\u00e3o depende do paladar<\/p>\n<p>O trabalho realizado pelos degustadores \u00e9 importante para cooperativas, torrefadoras -empresas que compram, torram e moem os gr\u00e3os para vender no mercado- e exportadoras. \u00c9 atrav\u00e9s das verifica\u00e7\u00f5es que eles fazem nos gr\u00e3os que se sabe quanto vale o caf\u00e9.<\/p>\n<p>&#8220;S\u00f3 com essa an\u00e1lise \u00e9 poss\u00edvel separar os caf\u00e9s de acordo com os padr\u00f5es de qualidade internacionais&#8221;, diz o degustador.<\/p>\n<p>A primeira parte da an\u00e1lise \u00e9 visual, feita com os gr\u00e3os crus, logo que chegam \u00e0 cooperativa. Cruz afirma que, &#8220;s\u00f3 de olhar&#8221;, j\u00e1 sabe se o caf\u00e9 tomou chuva, se caiu no ch\u00e3o, se fermentou, e, assim, pode separar lotes bons dos ruins e dar o pre\u00e7o para as sacas.<\/p>\n<p>Depois disso, vem a parte da degusta\u00e7\u00e3o da bebida, que \u00e9 quando o caf\u00e9 receber\u00e1 uma classifica\u00e7\u00e3o para venda e exporta\u00e7\u00e3o.<\/p>\n<p>Uma amostra de cada lote \u00e9 torrada e mo\u00edda, e com ela se prepara a bebida, que \u00e9 colocada em x\u00edcaras especiais para a prova dos degustadores. De cada lote, eles chegam a experimentar at\u00e9 sete x\u00edcaras, que ficam em mesas redondas de tampo girat\u00f3rio, para facilitar o processo.<\/p>\n<p>Com uma colher parecida com uma pequena concha de cozinha, o degustador leva uma por\u00e7\u00e3o da bebida \u00e0 boca e a suga com bastante for\u00e7a. Ao fazer isso, inspira o ar junto, fazendo um som caracter\u00edstico, semelhante a um assobio.<\/p>\n<p>O caf\u00e9 \u00e9 assim levado para o fundo da boca, para o profissional conseguir sentir a totalidade de seus aromas e paladar.<\/p>\n<p>\u00c0s vezes, \u00e9 preciso experimentar maior n\u00famero de x\u00edcaras para saber com precis\u00e3o como classificar cada lote.<\/p>\n<p><a href=\"https:\/\/www.pontodoscafes.com.br\/blog\/wp-content\/uploads\/2015\/05\/prova-de-cafe-1379625657223_956x500.jpg\"><img loading=\"lazy\" class=\"aligncenter wp-image-336 size-full\" src=\"https:\/\/www.pontodoscafes.com.br\/blog\/wp-content\/uploads\/2015\/05\/prova-de-cafe-1379625657223_956x500.jpg\" alt=\"\" width=\"956\" height=\"500\" srcset=\"https:\/\/www.pontodoscafes.com.br\/blog\/wp-content\/uploads\/2015\/05\/prova-de-cafe-1379625657223_956x500.jpg 956w, https:\/\/www.pontodoscafes.com.br\/blog\/wp-content\/uploads\/2015\/05\/prova-de-cafe-1379625657223_956x500-300x156.jpg 300w, https:\/\/www.pontodoscafes.com.br\/blog\/wp-content\/uploads\/2015\/05\/prova-de-cafe-1379625657223_956x500-250x130.jpg 250w, https:\/\/www.pontodoscafes.com.br\/blog\/wp-content\/uploads\/2015\/05\/prova-de-cafe-1379625657223_956x500-510x266.jpg 510w\" sizes=\"(max-width: 956px) 100vw, 956px\" \/><\/a><\/p>\n<p><strong>Degustador deve evitar alimentos picantes e \u00e1lcool<\/strong><\/p>\n<p>&#8220;O degustador de caf\u00e9 precisa ter uma vida regrada: n\u00e3o pode comer alimentos picantes ou \u00e1cidos e deve evitar bebidas alco\u00f3licas&#8221;, afirma Cruz.<\/p>\n<p>Mesmo degustando caf\u00e9 como profiss\u00e3o, Francisco Cruz n\u00e3o dispensa o caf\u00e9 por prazer. &#8220;Tomo bastante, umas cinco x\u00edcaras por dia. Quando estou em viagem sempre quero provar os caf\u00e9s que tem na regi\u00e3o. Sou louco por caf\u00e9&#8221;, afirma.<br \/>\nCampe\u00e3o de degusta\u00e7\u00e3o vai representar o pa\u00eds na Austr\u00e1lia<\/p>\n<p>Com a experi\u00eancia de quem procura e prova caf\u00e9s de qualidade desde a adolesc\u00eancia, o empres\u00e1rio Edimilson Batista Generoso, de Varginha (MG), \u00e9 o atual campe\u00e3o nacional de degustadores. H\u00e1 duas semanas, ele venceu 17 concorrentes no 6\u00ba Campeonato Brasileiro de &#8216;Cup Tasters&#8217; (provadores), durante a Semana Internacional do Caf\u00e9, em Belo Horizonte.<\/p>\n<p>Os degustadores passavam por v\u00e1rias baterias de provas, nas quais havia sempre tr\u00eas x\u00edcaras contendo caf\u00e9. Duas apresentavam a mesma bebida, e o provador tinha que identificar a x\u00edcara com o caf\u00e9 diferente.<\/p>\n<p>Generoso errou pouco, e acabou vencendo a competi\u00e7\u00e3o. Em maio do ano que vem, ele vai representar o Brasil no campeonato mundial da categoria, na Austr\u00e1lia.<br \/>\nVencedor de concurso toma 15 x\u00edcaras de caf\u00e9 por dia<\/p>\n<p>O campe\u00e3o \u00e9 dono da torrefadora Alicerce, juntamente com os irm\u00e3os mais velhos Edivaldo e Elias. &#8220;Aprendi tudo que sei com eles, que me ensinaram a degustar e identificar os produtos&#8221;, diz.<\/p>\n<p>Ele afirma que, para fechar neg\u00f3cios para sua empresa, acompanha o processamento do caf\u00e9 ap\u00f3s a colheita, analisa o gr\u00e3o verde e o aroma no momento da torrefa\u00e7\u00e3o. &#8220;Mas a verifica\u00e7\u00e3o final para saber a qualidade do caf\u00e9 \u00e9 mesmo com a degusta\u00e7\u00e3o. N\u00e3o tem jeito&#8221;.<\/p>\n<p>Generoso diz que toma pouco caf\u00e9 em casa, mas, na empresa, chega a beber 15 x\u00edcaras por dia, na maioria das vezes, com clientes. &#8220;O caf\u00e9 me ajuda em tudo. D\u00e1 mais energia, penso mais r\u00e1pido. \u00c9 o meu estimulante&#8221;, afirma.<\/p>\n<p>Fonte: UolEconomia.<\/p>\n<p><a href=\"https:\/\/www.pontodoscafes.com.br\/blog\/wp-content\/uploads\/2015\/01\/assinaturablog2.png\" target=\"_blank\" rel=\"noopener noreferrer\"><img loading=\"lazy\" class=\"aligncenter wp-image-111 size-full\" src=\"https:\/\/www.pontodoscafes.com.br\/blog\/wp-content\/uploads\/2015\/01\/assinaturablog2.png\" alt=\"\" width=\"650\" height=\"152\" srcset=\"https:\/\/www.pontodoscafes.com.br\/blog\/wp-content\/uploads\/2015\/01\/assinaturablog2.png 650w, https:\/\/www.pontodoscafes.com.br\/blog\/wp-content\/uploads\/2015\/01\/assinaturablog2-300x70.png 300w, https:\/\/www.pontodoscafes.com.br\/blog\/wp-content\/uploads\/2015\/01\/assinaturablog2-250x58.png 250w, https:\/\/www.pontodoscafes.com.br\/blog\/wp-content\/uploads\/2015\/01\/assinaturablog2-510x119.png 510w\" sizes=\"(max-width: 650px) 100vw, 650px\" \/><\/a><\/p>\n<p>Confira nossas m\u00e1quinas do <a href=\"http:\/\/www.pontodoscafes.com.br\" rel=\"nofollow\">Ponto dos Caf\u00e9s<\/a> e opte por praticidade e qualidade.<\/p>\n","protected":false},"excerpt":{"rendered":"<p>Francisco Donizete Cruz j\u00e1 chegou a experimentar mais de 3.500 x\u00edcaras de caf\u00e9 num \u00fanico dia, no auge da colheita em Minas Gerais. Degustador de caf\u00e9 h\u00e1 33 anos, ele [&hellip;]<\/p>\n","protected":false},"author":1,"featured_media":336,"comment_status":"open","ping_status":"open","sticky":false,"template":"","format":"standard","meta":[],"categories":[1,14],"tags":[46,58,18,33,16,12,15,54,95,57,40,45,35,97,44,47,62,13,61,99,34,98],"aioseo_notices":[],"_links":{"self":[{"href":"https:\/\/www.pontodoscafes.com.br\/blog\/wp-json\/wp\/v2\/posts\/335"}],"collection":[{"href":"https:\/\/www.pontodoscafes.com.br\/blog\/wp-json\/wp\/v2\/posts"}],"about":[{"href":"https:\/\/www.pontodoscafes.com.br\/blog\/wp-json\/wp\/v2\/types\/post"}],"author":[{"embeddable":true,"href":"https:\/\/www.pontodoscafes.com.br\/blog\/wp-json\/wp\/v2\/users\/1"}],"replies":[{"embeddable":true,"href":"https:\/\/www.pontodoscafes.com.br\/blog\/wp-json\/wp\/v2\/comments?post=335"}],"version-history":[{"count":6,"href":"https:\/\/www.pontodoscafes.com.br\/blog\/wp-json\/wp\/v2\/posts\/335\/revisions"}],"predecessor-version":[{"id":1596,"href":"https:\/\/www.pontodoscafes.com.br\/blog\/wp-json\/wp\/v2\/posts\/335\/revisions\/1596"}],"wp:featuredmedia":[{"embeddable":true,"href":"https:\/\/www.pontodoscafes.com.br\/blog\/wp-json\/wp\/v2\/media\/336"}],"wp:attachment":[{"href":"https:\/\/www.pontodoscafes.com.br\/blog\/wp-json\/wp\/v2\/media?parent=335"}],"wp:term":[{"taxonomy":"category","embeddable":true,"href":"https:\/\/www.pontodoscafes.com.br\/blog\/wp-json\/wp\/v2\/categories?post=335"},{"taxonomy":"post_tag","embeddable":true,"href":"https:\/\/www.pontodoscafes.com.br\/blog\/wp-json\/wp\/v2\/tags?post=335"}],"curies":[{"name":"wp","href":"https:\/\/api.w.org\/{rel}","templated":true}]}}