{"id":340,"date":"2015-05-11T18:47:02","date_gmt":"2015-05-11T18:47:02","guid":{"rendered":"http:\/\/www.pontodoscafes.com.br\/blog\/?p=340"},"modified":"2021-05-24T16:42:52","modified_gmt":"2021-05-24T16:42:52","slug":"cafe-para-estimular-a-memoria","status":"publish","type":"post","link":"https:\/\/www.pontodoscafes.com.br\/blog\/cafe-para-estimular-a-memoria\/","title":{"rendered":"Caf\u00e9 para estimular a mem\u00f3ria"},"content":{"rendered":"<p><a href=\"https:\/\/www.pontodoscafes.com.br\/blog\/wp-content\/uploads\/2015\/05\/cafe_2.jpg\"><img loading=\"lazy\" class=\"aligncenter wp-image-330 size-full\" src=\"https:\/\/www.pontodoscafes.com.br\/blog\/wp-content\/uploads\/2015\/05\/cafe_2.jpg\" alt=\"\" width=\"580\" height=\"400\" srcset=\"https:\/\/www.pontodoscafes.com.br\/blog\/wp-content\/uploads\/2015\/05\/cafe_2.jpg 580w, https:\/\/www.pontodoscafes.com.br\/blog\/wp-content\/uploads\/2015\/05\/cafe_2-300x206.jpg 300w, https:\/\/www.pontodoscafes.com.br\/blog\/wp-content\/uploads\/2015\/05\/cafe_2-250x172.jpg 250w, https:\/\/www.pontodoscafes.com.br\/blog\/wp-content\/uploads\/2015\/05\/cafe_2-510x351.jpg 510w\" sizes=\"(max-width: 580px) 100vw, 580px\" \/><\/a><\/p>\n<p>Quem n\u00e3o gosta de um cafezinho? Saiba quais s\u00e3o os benef\u00edcios dessa bebida que n\u00e3o pode falta na mesa do brasileiro:<\/p>\n<p>A cafe\u00edna mant\u00e9m o indiv\u00edduo em alerta e com a capaciadade intelectual maior e mais constante<\/p>\n<p>Essa a\u00e7\u00e3o acontece gra\u00e7as aos compostos fen\u00f3licos presentes na bebida. Embora a quantidade desses compostos possa variar de acordo com o tipo de processamento do gr\u00e3o (o verde apresenta maior quantidade que o torrado, por exemplo), ainda assim seu teor (que variam entre 3,5 g e 15,9 g, em um pacote de 1 kg) \u00e9 superior ao encontrado nos sucos de uva (que v\u00e3o de 0,27 g a 2,41 g, a cada litro).<\/p>\n<p><strong>Estimula a mem\u00f3ria<\/strong><\/p>\n<p>Em doses moderadas, a cafe\u00edna mant\u00e9m o indiv\u00edduo alerta, com capacidade intelectual maior e mais constante (o que favorece uma melhor associa\u00e7\u00e3o de ideias e acelera rea\u00e7\u00f5es a est\u00edmulos sensoriais). Mas aten\u00e7\u00e3o: a alta ingest\u00e3o pode causar sinais de confus\u00e3o mental, mau desempenho em tarefas intelectuais, ansiedade, nervosismo, tremores musculares, taquicardia e zumbido.<\/p>\n<p><strong>Consuma com modera\u00e7\u00e3o<\/strong><\/p>\n<p>A fama de que o caf\u00e9 pode causar problemas g\u00e1stricos deve-se \u00e0 cafe\u00edna, muito presente no caf\u00e9 e que, quando ingerida em excesso (mais de tr\u00eas ou quatro x\u00edcaras por dia), pode agravar problemas estomacais em pessoas que j\u00e1 tenham tend\u00eancia \u00e0 gastrite ou \u00falcera. Tal subst\u00e2ncia estimula a secre\u00e7\u00e3o de \u00e1cido e pepsina presentes no suco g\u00e1strico, podendo piorar ou acelerar a ocorr\u00eancia de problemas no est\u00f4mago. Mas, quando consumida com modera\u00e7\u00e3o, a bebida n\u00e3o oferece riscos.<br \/>\n\u00c9 anti-inflamat\u00f3rio<\/p>\n<p>Respons\u00e1vel pelos efeitos protetores \u00e9 a cafe\u00edna, que pode reduzir o risco de ocorr\u00eancias da doen\u00e7a de Parkinson ou at\u00e9 mesmo retardar sua evolu\u00e7\u00e3o. H\u00e1 outros ind\u00edcios de que a subst\u00e2ncia ameniza dores de cabe\u00e7a, devido \u00e0 capacidade de contrair os vasos sangu\u00edneos.<\/p>\n<p>Fonte: RevistaSa\u00fade.<\/p>\n<p><a href=\"https:\/\/www.pontodoscafes.com.br\/blog\/wp-content\/uploads\/2015\/01\/assinaturablog2.png\" target=\"_blank\" rel=\"noopener noreferrer\"><img loading=\"lazy\" class=\"aligncenter wp-image-111 size-full\" src=\"https:\/\/www.pontodoscafes.com.br\/blog\/wp-content\/uploads\/2015\/01\/assinaturablog2.png\" alt=\"\" width=\"650\" height=\"152\" srcset=\"https:\/\/www.pontodoscafes.com.br\/blog\/wp-content\/uploads\/2015\/01\/assinaturablog2.png 650w, https:\/\/www.pontodoscafes.com.br\/blog\/wp-content\/uploads\/2015\/01\/assinaturablog2-300x70.png 300w, https:\/\/www.pontodoscafes.com.br\/blog\/wp-content\/uploads\/2015\/01\/assinaturablog2-250x58.png 250w, https:\/\/www.pontodoscafes.com.br\/blog\/wp-content\/uploads\/2015\/01\/assinaturablog2-510x119.png 510w\" sizes=\"(max-width: 650px) 100vw, 650px\" \/><\/a><\/p>\n<p>Confira nossas m\u00e1quinas do <a href=\"http:\/\/www.pontodoscafes.com.br\" rel=\"nofollow\">Ponto dos Caf\u00e9s<\/a> e opte por praticidade e qualidade.<\/p>\n","protected":false},"excerpt":{"rendered":"<p>Quem n\u00e3o gosta de um cafezinho? Saiba quais s\u00e3o os benef\u00edcios dessa bebida que n\u00e3o pode falta na mesa do brasileiro: A cafe\u00edna mant\u00e9m o indiv\u00edduo em alerta e com [&hellip;]<\/p>\n","protected":false},"author":1,"featured_media":330,"comment_status":"open","ping_status":"open","sticky":false,"template":"","format":"standard","meta":[],"categories":[14],"tags":[46,58,18,33,16,15,54,95,19,57,40,45,35,69,47,62,13,61,17,34],"aioseo_notices":[],"_links":{"self":[{"href":"https:\/\/www.pontodoscafes.com.br\/blog\/wp-json\/wp\/v2\/posts\/340"}],"collection":[{"href":"https:\/\/www.pontodoscafes.com.br\/blog\/wp-json\/wp\/v2\/posts"}],"about":[{"href":"https:\/\/www.pontodoscafes.com.br\/blog\/wp-json\/wp\/v2\/types\/post"}],"author":[{"embeddable":true,"href":"https:\/\/www.pontodoscafes.com.br\/blog\/wp-json\/wp\/v2\/users\/1"}],"replies":[{"embeddable":true,"href":"https:\/\/www.pontodoscafes.com.br\/blog\/wp-json\/wp\/v2\/comments?post=340"}],"version-history":[{"count":4,"href":"https:\/\/www.pontodoscafes.com.br\/blog\/wp-json\/wp\/v2\/posts\/340\/revisions"}],"predecessor-version":[{"id":1586,"href":"https:\/\/www.pontodoscafes.com.br\/blog\/wp-json\/wp\/v2\/posts\/340\/revisions\/1586"}],"wp:featuredmedia":[{"embeddable":true,"href":"https:\/\/www.pontodoscafes.com.br\/blog\/wp-json\/wp\/v2\/media\/330"}],"wp:attachment":[{"href":"https:\/\/www.pontodoscafes.com.br\/blog\/wp-json\/wp\/v2\/media?parent=340"}],"wp:term":[{"taxonomy":"category","embeddable":true,"href":"https:\/\/www.pontodoscafes.com.br\/blog\/wp-json\/wp\/v2\/categories?post=340"},{"taxonomy":"post_tag","embeddable":true,"href":"https:\/\/www.pontodoscafes.com.br\/blog\/wp-json\/wp\/v2\/tags?post=340"}],"curies":[{"name":"wp","href":"https:\/\/api.w.org\/{rel}","templated":true}]}}