{"id":344,"date":"2015-05-11T18:57:31","date_gmt":"2015-05-11T18:57:31","guid":{"rendered":"http:\/\/www.pontodoscafes.com.br\/blog\/?p=344"},"modified":"2022-01-04T21:30:12","modified_gmt":"2022-01-04T21:30:12","slug":"cafe-ganha-gosto-de-chocolate-e-caramelo-com-fungo-extraido-do-proprio-grao","status":"publish","type":"post","link":"https:\/\/www.pontodoscafes.com.br\/blog\/cafe-ganha-gosto-de-chocolate-e-caramelo-com-fungo-extraido-do-proprio-grao\/","title":{"rendered":"Caf\u00e9 ganha gosto de chocolate e caramelo com fungo extra\u00eddo do pr\u00f3prio gr\u00e3o"},"content":{"rendered":"<p>Uma pesquisa da Ufla (Universidade Federal de Lavras), em Minas Gerais, est\u00e1 usando fungos encontrados no caf\u00e9 para deixar a bebida com gosto de chocolate, caramelo e frutas c\u00edtricas.<\/p>\n<p>Quem faz esse trabalho s\u00e3o as leveduras, esp\u00e9cie de fungos vis\u00edveis apenas por microsc\u00f3pio, e que j\u00e1 s\u00e3o usadas no processo de fermenta\u00e7\u00e3o de outros alimentos, como p\u00e3es, cerveja, vinho e at\u00e9 chocolate.<\/p>\n<p>Foram identificadas at\u00e9 agora quatro tipos de levedura extra\u00eddos dos pr\u00f3prios frutos do caf\u00e9. Usados em quantidade maior do que normalmente encontrados nos gr\u00e3os, podem intensificar sabores e aromas j\u00e1 existentes ou acrescent\u00e1-los aos que n\u00e3o t\u00eam.<\/p>\n<p>&#8220;A t\u00e9cnica vai possibilitar que os agricultores forne\u00e7am um produto especial, com maior valor&#8221;, diz Rosane Freitas Schwan, 53, coordenadora da pesquisa. Para o consumidor, o uso de levedura deve encarecer cada x\u00edcara em no m\u00e1ximo R$ 1, segundo ela.<\/p>\n<p>As leveduras selecionadas devem chegar ao mercado em cinco anos, diz a Ufla. Um quilo de levedura em p\u00f3 &#8211;suficiente para fermentar tr\u00eas toneladas de gr\u00e3os&#8211; poder\u00e1 custar de R$ 70 a R$ 90 ao produtor, afirma Rosane Schwan.<\/p>\n<p><strong>\u00a0Produto d\u00e1 gosto diferente conforme o tipo de caf\u00e9<\/strong><\/p>\n<p>As leveduras s\u00e3o misturadas aos frutos de caf\u00e9 nos terreiros de secagem com um pouco de \u00e1gua, e fermentam em geral por um prazo de cinco a oito dias. Os quatro tipos usados deram resultados diferentes conforme as caracter\u00edsticas do caf\u00e9 utilizado.<\/p>\n<p>Os testes foram feitos com caf\u00e9 processado de diferentes formas: gr\u00e3os fermentados naturalmente (secos e ainda com casca); semissecos (sem a polpa e secos); e despolpados e secos ap\u00f3s serem umedecidos (para a retirada de res\u00edduos).<\/p>\n<p>Nos gr\u00e3os com fermenta\u00e7\u00e3o natural, algumas das leveduras acentuaram os aromas de chocolate e de frutas, afirma Rosane Schwan. Nos semissecos, o destaque foi o gosto de caramelo, fornecido por outra das leveduras.<\/p>\n<p>A pesquisa &#8211;in\u00e9dita no pa\u00eds, segundo a pesquisadora&#8211; come\u00e7ou h\u00e1 15 anos e entra agora numa fase de produ\u00e7\u00e3o em maior escala e de confirma\u00e7\u00e3o de resultados, obtidos entre 2010 e 2013.<\/p>\n<p>As leveduras devem chegar ao mercado em cinco anos, diz a Ufla. As empresas interessadas no processo dever\u00e3o pagar royalties \u00e0 institui\u00e7\u00e3o. Desde 2007, a universidade comercializa leveduras para fermenta\u00e7\u00e3o de cacha\u00e7a.<\/p>\n<p>Fonte: UolAgronomia.<\/p>\n<p><a href=\"http:\/\/www.pontodoscafes.com.br\/maquinas\" target=\"_blank\" rel=\"noopener\"><img loading=\"lazy\" class=\"alignnone wp-image-111 size-full\" src=\"http:\/\/www.pontodoscafes.com.br\/blog\/wp-content\/uploads\/2015\/01\/assinaturablog2.png\" alt=\"\" width=\"650\" height=\"152\" srcset=\"https:\/\/www.pontodoscafes.com.br\/blog\/wp-content\/uploads\/2015\/01\/assinaturablog2.png 650w, https:\/\/www.pontodoscafes.com.br\/blog\/wp-content\/uploads\/2015\/01\/assinaturablog2-300x70.png 300w, https:\/\/www.pontodoscafes.com.br\/blog\/wp-content\/uploads\/2015\/01\/assinaturablog2-250x58.png 250w, https:\/\/www.pontodoscafes.com.br\/blog\/wp-content\/uploads\/2015\/01\/assinaturablog2-510x119.png 510w\" sizes=\"(max-width: 650px) 100vw, 650px\" \/><\/a><\/p>\n<p>Confira nossas m\u00e1quinas do <a href=\"http:\/\/www.pontodoscafes.com.br\" rel=\"nofollow\">Ponto dos Caf\u00e9s<\/a> e opte por praticidade e qualidade.<\/p>\n","protected":false},"excerpt":{"rendered":"<p>Uma pesquisa da Ufla (Universidade Federal de Lavras), em Minas Gerais, est\u00e1 usando fungos encontrados no caf\u00e9 para deixar a bebida com gosto de chocolate, caramelo e frutas c\u00edtricas. Quem [&hellip;]<\/p>\n","protected":false},"author":1,"featured_media":1668,"comment_status":"open","ping_status":"open","sticky":false,"template":"","format":"standard","meta":[],"categories":[1,14],"tags":[46,58,18,33,16,12,15,54,95,100,57,74,40,45,35,69,44,101,47,62,13,61,96,34],"aioseo_notices":[],"_links":{"self":[{"href":"https:\/\/www.pontodoscafes.com.br\/blog\/wp-json\/wp\/v2\/posts\/344"}],"collection":[{"href":"https:\/\/www.pontodoscafes.com.br\/blog\/wp-json\/wp\/v2\/posts"}],"about":[{"href":"https:\/\/www.pontodoscafes.com.br\/blog\/wp-json\/wp\/v2\/types\/post"}],"author":[{"embeddable":true,"href":"https:\/\/www.pontodoscafes.com.br\/blog\/wp-json\/wp\/v2\/users\/1"}],"replies":[{"embeddable":true,"href":"https:\/\/www.pontodoscafes.com.br\/blog\/wp-json\/wp\/v2\/comments?post=344"}],"version-history":[{"count":4,"href":"https:\/\/www.pontodoscafes.com.br\/blog\/wp-json\/wp\/v2\/posts\/344\/revisions"}],"predecessor-version":[{"id":1670,"href":"https:\/\/www.pontodoscafes.com.br\/blog\/wp-json\/wp\/v2\/posts\/344\/revisions\/1670"}],"wp:featuredmedia":[{"embeddable":true,"href":"https:\/\/www.pontodoscafes.com.br\/blog\/wp-json\/wp\/v2\/media\/1668"}],"wp:attachment":[{"href":"https:\/\/www.pontodoscafes.com.br\/blog\/wp-json\/wp\/v2\/media?parent=344"}],"wp:term":[{"taxonomy":"category","embeddable":true,"href":"https:\/\/www.pontodoscafes.com.br\/blog\/wp-json\/wp\/v2\/categories?post=344"},{"taxonomy":"post_tag","embeddable":true,"href":"https:\/\/www.pontodoscafes.com.br\/blog\/wp-json\/wp\/v2\/tags?post=344"}],"curies":[{"name":"wp","href":"https:\/\/api.w.org\/{rel}","templated":true}]}}