{"id":346,"date":"2015-05-11T19:36:50","date_gmt":"2015-05-11T19:36:50","guid":{"rendered":"http:\/\/www.pontodoscafes.com.br\/blog\/?p=346"},"modified":"2016-12-13T19:17:21","modified_gmt":"2016-12-13T19:17:21","slug":"video-cameras-gopro-instaladas-dentro-de-torrador-mostram-etapas-de-torra","status":"publish","type":"post","link":"https:\/\/www.pontodoscafes.com.br\/blog\/video-cameras-gopro-instaladas-dentro-de-torrador-mostram-etapas-de-torra\/","title":{"rendered":"V\u00eddeo: c\u00e2meras GoPro instaladas dentro de torrador mostram etapas de torra"},"content":{"rendered":"<p>Voc\u00ea sempre quis saber como \u00e9 feita a torra de um caf\u00e9? A microtorrefa\u00e7\u00e3o h\u00fangara K\u00e1v\u00e9kalm\u00e1r capturou o processo, instalando c\u00e2meras GoPro (sabe aquelas pequenas, muito usadas para fazer fotos e v\u00eddeos de esportes aventura?) dentro de um torrador da marca Probat.<\/p>\n<p>O v\u00eddeo, intitulado \u201cRoasted\u201d, foi filmado por Attila Z\u00e9rczi, que tamb\u00e9m utilizou na grava\u00e7\u00e3o c\u00e2meras DSLR da Canon. O filme mostra cenas espetaculares de um momento decisivo para o caf\u00e9. Assista!<\/p>\n<p>&nbsp;<\/p>\n<p><iframe loading=\"lazy\" src=\"https:\/\/player.vimeo.com\/video\/112575328\" width=\"1170\" height=\"658\" frameborder=\"0\" title=\"ROASTED\" webkitallowfullscreen mozallowfullscreen allowfullscreen><\/iframe><\/p>\n<p>Fonte: revistaEspresso.<\/p>\n<p>&nbsp;<\/p>\n<p><a href=\"http:\/\/www.pontodoscafes.com.br\/maquinas\" target=\"_blank\"><img loading=\"lazy\" class=\"alignnone wp-image-111 size-full\" src=\"http:\/\/www.pontodoscafes.com.br\/blog\/wp-content\/uploads\/2015\/01\/assinaturablog2.png\" alt=\"\" width=\"650\" height=\"152\" srcset=\"https:\/\/www.pontodoscafes.com.br\/blog\/wp-content\/uploads\/2015\/01\/assinaturablog2.png 650w, https:\/\/www.pontodoscafes.com.br\/blog\/wp-content\/uploads\/2015\/01\/assinaturablog2-300x70.png 300w, https:\/\/www.pontodoscafes.com.br\/blog\/wp-content\/uploads\/2015\/01\/assinaturablog2-250x58.png 250w, https:\/\/www.pontodoscafes.com.br\/blog\/wp-content\/uploads\/2015\/01\/assinaturablog2-510x119.png 510w\" sizes=\"(max-width: 650px) 100vw, 650px\" \/><\/a><\/p>\n<p>Confira nossas m\u00e1quinas do <a href=\"http:\/\/www.pontodoscafes.com.br\" rel=\"nofollow\">Ponto dos Caf\u00e9s<\/a> e opte por praticidade e qualidade.<\/p>\n<p>&nbsp;<\/p>\n","protected":false},"excerpt":{"rendered":"<p>Voc\u00ea sempre quis saber como \u00e9 feita a torra de um caf\u00e9? A microtorrefa\u00e7\u00e3o h\u00fangara K\u00e1v\u00e9kalm\u00e1r capturou o processo, instalando c\u00e2meras GoPro (sabe aquelas pequenas, muito usadas para fazer fotos [&hellip;]<\/p>\n","protected":false},"author":1,"featured_media":348,"comment_status":"open","ping_status":"open","sticky":false,"template":"","format":"standard","meta":[],"categories":[1,14],"tags":[46,58,18,33,16,15,54,95,71,102,57,40,45,69,44,47,62,13,61,39,103,34],"aioseo_notices":[],"_links":{"self":[{"href":"https:\/\/www.pontodoscafes.com.br\/blog\/wp-json\/wp\/v2\/posts\/346"}],"collection":[{"href":"https:\/\/www.pontodoscafes.com.br\/blog\/wp-json\/wp\/v2\/posts"}],"about":[{"href":"https:\/\/www.pontodoscafes.com.br\/blog\/wp-json\/wp\/v2\/types\/post"}],"author":[{"embeddable":true,"href":"https:\/\/www.pontodoscafes.com.br\/blog\/wp-json\/wp\/v2\/users\/1"}],"replies":[{"embeddable":true,"href":"https:\/\/www.pontodoscafes.com.br\/blog\/wp-json\/wp\/v2\/comments?post=346"}],"version-history":[{"count":3,"href":"https:\/\/www.pontodoscafes.com.br\/blog\/wp-json\/wp\/v2\/posts\/346\/revisions"}],"predecessor-version":[{"id":867,"href":"https:\/\/www.pontodoscafes.com.br\/blog\/wp-json\/wp\/v2\/posts\/346\/revisions\/867"}],"wp:featuredmedia":[{"embeddable":true,"href":"https:\/\/www.pontodoscafes.com.br\/blog\/wp-json\/wp\/v2\/media\/348"}],"wp:attachment":[{"href":"https:\/\/www.pontodoscafes.com.br\/blog\/wp-json\/wp\/v2\/media?parent=346"}],"wp:term":[{"taxonomy":"category","embeddable":true,"href":"https:\/\/www.pontodoscafes.com.br\/blog\/wp-json\/wp\/v2\/categories?post=346"},{"taxonomy":"post_tag","embeddable":true,"href":"https:\/\/www.pontodoscafes.com.br\/blog\/wp-json\/wp\/v2\/tags?post=346"}],"curies":[{"name":"wp","href":"https:\/\/api.w.org\/{rel}","templated":true}]}}