{"id":37,"date":"2014-12-04T19:26:40","date_gmt":"2014-12-04T19:26:40","guid":{"rendered":"http:\/\/www.pontodoscafes.com.br\/blog\/?p=37"},"modified":"2020-07-21T17:24:20","modified_gmt":"2020-07-21T17:24:20","slug":"aberta-a-temporada-de-panetones-listamos-12-produtos-para-voce-curtir-o-fim-de-ano","status":"publish","type":"post","link":"https:\/\/www.pontodoscafes.com.br\/blog\/aberta-a-temporada-de-panetones-listamos-12-produtos-para-voce-curtir-o-fim-de-ano\/","title":{"rendered":"12 panetones artesanais para voc\u00ea curtir"},"content":{"rendered":"<p>Tem gente que torce o nariz para produtos de panifica\u00e7\u00e3o com frutas secas ou cristalizadas, mas as prateleiras dos supermercados n\u00e3o mentem. J\u00e1 cheias de panetones de todos os tipos, essas del\u00edcias tradicionais fazem o fim de ano de muita gente. Aqui no Ponto dos Caf\u00e9s\u00a0n\u00e3o \u00e9 diferente. O p\u00e3ozinho recheado de sabor e de textura macia vai bem acompanhado de uma boa x\u00edcara de caf\u00e9. Abaixo, veja 12 marcas que oferecem panetones diferentes, alguns artesanais, e at\u00e9 com uso de caf\u00e9 como ingrediente.<\/p>\n<p><img loading=\"lazy\" class=\"alignnone size-full wp-image-650\" src=\"http:\/\/revistaespresso.com.br\/wordpress\/wp-content\/uploads\/2014\/12\/alice1-e1417633913224.jpg\" alt=\"alicecafe\" width=\"650\" height=\"433\" \/><\/p>\n<p><strong>Alice Caf\u00e9<\/strong><br \/>\nA casa foca em receitas com bons ingredientes, farinha italiana e fermenta\u00e7\u00e3o natural. Tudo preparado com muito cuidado, em um processo de produ\u00e7\u00e3o que leva cerca de tr\u00eas dias. De textura macia e \u00famida, os sabores s\u00e3o delicados e sem doce excessivo. Dispon\u00edveis nas vers\u00f5es: cl\u00e1ssico; chocolate belga; damasco e am\u00eandoas; cerveja stout, passas ao bourbon e mix de castanhas; e expresso, nozes e uvas passas.<br \/>\n<strong>Mais informa\u00e7\u00f5es<\/strong><br \/>\n<strong>Tel.:<\/strong> (11) 4327-7957<\/p>\n<p><img loading=\"lazy\" class=\"alignnone size-full wp-image-651\" src=\"http:\/\/revistaespresso.com.br\/wordpress\/wp-content\/uploads\/2014\/12\/Lexy-Bakery3-e1417634013492.jpg\" alt=\"Lexy Bakery3\" width=\"640\" height=\"479\" \/><\/p>\n<p><strong>Lex\u2019Rock Bakery<\/strong><br \/>\nSegundo ano de produ\u00e7\u00e3o de panetones da marca, a receita da propriet\u00e1ria Lexy Rocke \u00e9 inspirada pelas hist\u00f3rias que seu av\u00f4 Bart\u00f4 contava sobre esse p\u00e3o italiano de festa em sua cidade de origem, Bari, na It\u00e1lia. Com a lembran\u00e7a de um panetone sequinho, com muitas nozes e outras castanhas e sempre acompanhado de vinho, Lexy criou suas pr\u00f3prias vers\u00f5es que s\u00e3o releituras elegantes de cl\u00e1ssicos, sem exageros. A massa \u00e9 aerada, macia e perfumada e leva uma cobertura de fondant de lim\u00e3o para equilibrar com a do\u00e7ura do a\u00e7\u00facar de confeiteiro. O trabalho \u00e9 artesanal e as fornadas s\u00e3o limitadas, por isso corra para garantir a sua. Dispon\u00edvel na vers\u00e3o: tradicional com laranja, cidra cristalizadas de verdade (\u201cnada de chuchu\u201d, nas palavras de Lexy) damasco e cranberry secos; e cacau belga com nozes e peda\u00e7os de chocolate meio amargo.<br \/>\n<strong>Mais informa\u00e7\u00f5es<\/strong><br \/>\n<strong>Email:<\/strong> lexrockbakery@gmail.com<\/p>\n<p><img loading=\"lazy\" class=\"alignnone size-full wp-image-652\" src=\"http:\/\/revistaespresso.com.br\/wordpress\/wp-content\/uploads\/2014\/12\/la-vie-en-douce-e1417634268101.jpg\" alt=\"la vie en douce\" width=\"640\" height=\"692\" \/><\/p>\n<p><strong>La Vie em Douce<\/strong><br \/>\nPanetone no pote \u00e9 a grande aposta da chef Carole Crema para este Natal. Em sete camadas, os potes intercalam creme em v\u00e1rios sabores com a tradicional massa de panetone da casa. Dispon\u00edveis nas vers\u00f5es: pralin\u00e9 de brigadeiro e crocante de castanha de caju; doce de leite com flor de sal e pecan; Ovomaltine, crocante de chocolate finalizado com uma camada de chocolate branco, creme de avel\u00e3, finalizado com farofa crocante de avel\u00e3; e brigadeiro extra brutt com pistache. H\u00e1 tamb\u00e9m a op\u00e7\u00e3o do Panetone de Colher, dispon\u00edvel nos mesmos sabores citados.<br \/>\n<strong>Mais informa\u00e7\u00f5es<\/strong><br \/>\n<strong>Tel.:<\/strong> (11) 30887172<\/p>\n<p><img loading=\"lazy\" class=\"alignnone size-full wp-image-653\" src=\"http:\/\/revistaespresso.com.br\/wordpress\/wp-content\/uploads\/2014\/12\/dona-deola-e1417634361189.jpg\" alt=\"dona deola\" width=\"640\" height=\"479\" \/><\/p>\n<p><strong>Dona De\u00f4la<\/strong><br \/>\nA rede de padarias lan\u00e7a duas novas vers\u00f5es de panetone para este Natal. Os sabores caf\u00e9, massa tradicional recheada com creme de caf\u00e9, e pa\u00e7oca, massa tradicional com recheio de creme de amendoim e cobertura de chocolate branco, j\u00e1 fazem sucesso entre os clientes. Completam a linha os sabores de bem-casado e brigadeiro.<br \/>\n<strong>Mais informa\u00e7\u00f5es<\/strong><br \/>\n<strong>Site:<\/strong> www.donadeola.com.br<\/p>\n<p><a href=\"http:\/\/revistaespresso.com.br\/wordpress\/wp-content\/uploads\/2014\/12\/aletedesco1-e1417636041925.jpg\"><img loading=\"lazy\" class=\"alignnone size-full wp-image-655\" src=\"http:\/\/revistaespresso.com.br\/wordpress\/wp-content\/uploads\/2014\/12\/aletedesco1-e1417636041925.jpg\" alt=\"aletedesco\" width=\"350\" height=\"275\" \/><\/a><\/p>\n<p><strong>Ale Tedesco<\/strong><br \/>\nA marca, hoje com duas lojas em S\u00e3o Paulo, uma na Ch\u00e1cara Santo Ant\u00f4nio e outra em Moema, disp\u00f5e de diversos produtos para as comemora\u00e7\u00f5es natalinas. O panetone, sucesso da casa, \u00e9 produzido artesanalmente na vers\u00e3o chocotone, feito com generosas gotas de chocolate ao leite.<br \/>\n<strong>Mais informa\u00e7\u00f5es<\/strong><br \/>\n<strong>Site:<\/strong> www.aletedesco.com.br<br \/>\n<strong>Tel.:<\/strong> (11) 5184-0844 (Ch\u00e1cara Santo Ant\u00f4nio-SP) ou (11) 2305-1155 (Moema-SP)<\/p>\n<p><img loading=\"lazy\" class=\"alignnone size-full wp-image-657\" src=\"http:\/\/revistaespresso.com.br\/wordpress\/wp-content\/uploads\/2014\/12\/panetone_santa-luzia-e1417635157689.jpg\" alt=\"panetone_santa luzia\" width=\"640\" height=\"484\" \/><\/p>\n<p><strong>Casa Santa Luzia<\/strong><br \/>\nReconhecidos pela qualidade dos ingredientes utilizados e pela textura leve e hidratada, os panetones da Casa Santa Luzia, em S\u00e3o Paulo (SP) s\u00e3o produzidos a partir de t\u00e9cnicas tradicionais italianas, com longa fermenta\u00e7\u00e3o natural (36 horas). N\u00e3o levam aromatizantes artificiais e nem conservantes. Dispon\u00edveis nas vers\u00f5es: Frutas di Bosco, com cerejas, cranberries e morangos desidratados, embebidos em vinho Marsala, al\u00e9m de amarenas italianas e uma delicada cobertura de creme de am\u00eandoas e laranjas cristalizadas; Castanha Portuguesa ao Marrom-Glac\u00ea, preparado com peda\u00e7os de castanhas portuguesas cozidas, embebidas em vinho Marsala e, ap\u00f3s assado, \u00e9 generosamente recheado com o creme de marrom-glac\u00ea da Casa; e o Artigianale Naturale, com recheio rico em uvas passas, laranjas cristalizadas e cidra glaceada e, tamb\u00e9m, favas de baunilha, suco de laranja natural, vinho do Porto e raspas de laranja e lim\u00e3o siciliano.<br \/>\n<strong>Mais informa\u00e7\u00f5es<\/strong><br \/>\n<strong>Site:<\/strong> www.santaluzia.com.br<br \/>\n<strong>Tel.:<\/strong> (11) 3897-5000<\/p>\n<p><img loading=\"lazy\" class=\"alignnone size-full wp-image-658\" src=\"http:\/\/revistaespresso.com.br\/wordpress\/wp-content\/uploads\/2014\/12\/Pasquale2-e1417635296558.jpg\" alt=\"Pasquale2\" width=\"640\" height=\"457\" \/><\/p>\n<p><strong>Pasquale<\/strong><br \/>\nOs panetones da casa s\u00e3o produzidos com fermenta\u00e7\u00e3o natural e am\u00eandoas importadas da It\u00e1lia. A venda \u00e9 feita sob encomenda. A quantidade \u00e9 limitada neste Natal. Apenas 150 unidades dispon\u00edveis.<br \/>\n<strong>Mais informa\u00e7\u00f5es<\/strong><br \/>\n<strong>Site:<\/strong> www.pasqualecantina.com.br<br \/>\n<strong>Tel.:<\/strong> (11) 3081-0333<\/p>\n<p><img loading=\"lazy\" class=\"alignnone size-full wp-image-659\" src=\"http:\/\/revistaespresso.com.br\/wordpress\/wp-content\/uploads\/2014\/12\/julice-boulagere-e1417635355730.jpg\" alt=\"julice boulagere\" width=\"640\" height=\"505\" \/><\/p>\n<p><strong>Julice Boulang\u00e8re<\/strong><br \/>\nDispon\u00edveis em tr\u00eas vers\u00f5es, os panetones da famosa padaria s\u00e3o produzidos com fermenta\u00e7\u00e3o natural e cerveja. O tradicional leva passas, mel, baunilha, raspas de lim\u00e3o e laranja. O de de farinha de lim\u00e3o, confit de fruta e am\u00eandoas e o de bacon e castanha-do-par\u00e1 s\u00e3o boas pedidas.<br \/>\n<strong>Mais informa\u00e7\u00f5es<\/strong><br \/>\n<strong>Site:<\/strong> www.juliceboulangere.com.br<br \/>\n<strong>Tel.:<\/strong> (11) 3097-9144<\/p>\n<p><img loading=\"lazy\" class=\"alignnone size-full wp-image-660\" src=\"http:\/\/revistaespresso.com.br\/wordpress\/wp-content\/uploads\/2014\/12\/Le-Quotidien.jpg\" alt=\"Le Quotidien\" width=\"448\" height=\"298\" \/><\/p>\n<p><strong>Le Pain Quotidien<\/strong><br \/>\nA rede de padaria artesanal belga oferece op\u00e7\u00f5es org\u00e2nicas aos clientes. Com massa produzida a partir de longa fermenta\u00e7\u00e3o, leva ingredientes org\u00e2nicos e est\u00e1 dispon\u00edvel em vers\u00f5es de 500g e 800g. Os sabores s\u00e3o: chocolate, com chocolate belga 54%, cacau e cobertura crocante; doce de leite com am\u00eandoas em lascas; e artesanal de frutas.<br \/>\n<strong>Mais informa\u00e7\u00f5es<\/strong><br \/>\n<strong>Site:<\/strong> www.lepainquotidien.com.br<br \/>\n<strong>Tel.:<\/strong> (11) 3037-2810<\/p>\n<p><img loading=\"lazy\" class=\"alignnone size-full wp-image-661\" src=\"http:\/\/revistaespresso.com.br\/wordpress\/wp-content\/uploads\/2014\/12\/panetone-starbucks-e1417635494188.jpg\" alt=\"panetone starbucks\" width=\"640\" height=\"427\" \/><\/p>\n<p><strong>Starbucks<\/strong><br \/>\nTodos os anos, a marca apresenta op\u00e7\u00f5es inspiradas nas bebidas oferecidas pela casa, como os sabores caramelo e chocolate trufado.<br \/>\n<strong>Mais informa\u00e7\u00f5es<\/strong><br \/>\n<strong>Site:<\/strong> www.starbucks.com.br<\/p>\n<p><img loading=\"lazy\" class=\"alignnone size-full wp-image-666\" src=\"http:\/\/revistaespresso.com.br\/wordpress\/wp-content\/uploads\/2014\/12\/pao-padaria-artesanal-organica-e1417635886179.jpg\" alt=\"pao padaria artesanal organica\" width=\"640\" height=\"396\" \/><\/p>\n<p><strong>P.\u00c3.O. \u2013 Padaria Artesanal Org\u00e2nica<\/strong><br \/>\nO chocotone com am\u00eandoas torradas e em farofa, gotas de chocolate Callebaut 70% e sal do Himalaia \u00e9 a \u00fanica op\u00e7\u00e3o da casa. A produ\u00e7\u00e3o \u00e9 limitada.<br \/>\n<strong>Mais informa\u00e7\u00f5es<\/strong><br \/>\n<strong>Site:<\/strong> www.padariaartesanal.org<br \/>\n<strong>Tel.:<\/strong> (11) 2193-2116<\/p>\n<p><img loading=\"lazy\" class=\"alignnone wp-image-111 size-full\" src=\"http:\/\/www.pontodoscafes.com.br\/blog\/wp-content\/uploads\/2015\/01\/assinaturablog2.png\" alt=\"\" width=\"650\" height=\"152\" srcset=\"https:\/\/www.pontodoscafes.com.br\/blog\/wp-content\/uploads\/2015\/01\/assinaturablog2.png 650w, https:\/\/www.pontodoscafes.com.br\/blog\/wp-content\/uploads\/2015\/01\/assinaturablog2-300x70.png 300w, https:\/\/www.pontodoscafes.com.br\/blog\/wp-content\/uploads\/2015\/01\/assinaturablog2-250x58.png 250w, https:\/\/www.pontodoscafes.com.br\/blog\/wp-content\/uploads\/2015\/01\/assinaturablog2-510x119.png 510w\" sizes=\"(max-width: 650px) 100vw, 650px\" \/><\/p>\n","protected":false},"excerpt":{"rendered":"<p>Tem gente que torce o nariz para produtos de panifica\u00e7\u00e3o com frutas secas ou cristalizadas, mas as prateleiras dos supermercados n\u00e3o mentem. J\u00e1 cheias de panetones de todos os tipos, [&hellip;]<\/p>\n","protected":false},"author":1,"featured_media":39,"comment_status":"open","ping_status":"open","sticky":false,"template":"","format":"standard","meta":[],"categories":[1],"tags":[],"aioseo_notices":[],"_links":{"self":[{"href":"https:\/\/www.pontodoscafes.com.br\/blog\/wp-json\/wp\/v2\/posts\/37"}],"collection":[{"href":"https:\/\/www.pontodoscafes.com.br\/blog\/wp-json\/wp\/v2\/posts"}],"about":[{"href":"https:\/\/www.pontodoscafes.com.br\/blog\/wp-json\/wp\/v2\/types\/post"}],"author":[{"embeddable":true,"href":"https:\/\/www.pontodoscafes.com.br\/blog\/wp-json\/wp\/v2\/users\/1"}],"replies":[{"embeddable":true,"href":"https:\/\/www.pontodoscafes.com.br\/blog\/wp-json\/wp\/v2\/comments?post=37"}],"version-history":[{"count":7,"href":"https:\/\/www.pontodoscafes.com.br\/blog\/wp-json\/wp\/v2\/posts\/37\/revisions"}],"predecessor-version":[{"id":1412,"href":"https:\/\/www.pontodoscafes.com.br\/blog\/wp-json\/wp\/v2\/posts\/37\/revisions\/1412"}],"wp:featuredmedia":[{"embeddable":true,"href":"https:\/\/www.pontodoscafes.com.br\/blog\/wp-json\/wp\/v2\/media\/39"}],"wp:attachment":[{"href":"https:\/\/www.pontodoscafes.com.br\/blog\/wp-json\/wp\/v2\/media?parent=37"}],"wp:term":[{"taxonomy":"category","embeddable":true,"href":"https:\/\/www.pontodoscafes.com.br\/blog\/wp-json\/wp\/v2\/categories?post=37"},{"taxonomy":"post_tag","embeddable":true,"href":"https:\/\/www.pontodoscafes.com.br\/blog\/wp-json\/wp\/v2\/tags?post=37"}],"curies":[{"name":"wp","href":"https:\/\/api.w.org\/{rel}","templated":true}]}}