{"id":449,"date":"2015-10-06T14:39:58","date_gmt":"2015-10-06T14:39:58","guid":{"rendered":"http:\/\/www.pontodoscafes.com.br\/blog\/?p=449"},"modified":"2016-12-13T19:16:07","modified_gmt":"2016-12-13T19:16:07","slug":"ja-pensou-ter-a-caneca-do-charlie-harper-two-and-a-half-men","status":"publish","type":"post","link":"https:\/\/www.pontodoscafes.com.br\/blog\/ja-pensou-ter-a-caneca-do-charlie-harper-two-and-a-half-men\/","title":{"rendered":"J\u00e1 pensou ter a caneca do Charlie Harper &#8211; Two and a Half Men"},"content":{"rendered":"<p>O boa vida Charlie Harper nunca negou seu amor por festas, mulheres e bebidas, mas o que pouca gente lembra \u00e9 que o personagem interpretado por Charlie Sheen n\u00e3o abria m\u00e3o de uma boa x\u00edcara de caf\u00e9. Na cozinha ao lado do irm\u00e3o e do sobrinho ele se recuperava das noitadas tomando uma boa dose do pretinho b\u00e1sico.<\/p>\n<p>Para viver um pouco do personagem\u00a0voc\u00ea como outros\u00a0milh\u00f5es de \u00f3rf\u00e3os da s\u00e9rie agora podem ter sua pr\u00f3pria caneca do Charlie Harper, o item \u00e9 sucesso nos Estados Unidos e podem ser adquiridos pela Internet. No final do post indicamos uma loja online, o pre\u00e7o \u00e9 um pouco salgado mas para quem \u00e9 f\u00e3 o pre\u00e7o \u00e9 de menos.<\/p>\n<p>&nbsp;<\/p>\n<p>Charlie usando a caneca ( \u00c1udio em Alem\u00e3o )<\/p>\n<p><iframe loading=\"lazy\" width=\"1170\" height=\"878\" src=\"https:\/\/www.youtube.com\/embed\/AWguwlczn9E?feature=oembed\" frameborder=\"0\" allowfullscreen><\/iframe><\/p>\n<p><img loading=\"lazy\" class=\"alignnone wp-image-450\" src=\"http:\/\/www.pontodoscafes.com.br\/blog\/wp-content\/uploads\/2015\/10\/canecas-charlie-harper.jpg\" alt=\"canecas-charlie-harper\" width=\"723\" height=\"402\" srcset=\"https:\/\/www.pontodoscafes.com.br\/blog\/wp-content\/uploads\/2015\/10\/canecas-charlie-harper.jpg 1269w, https:\/\/www.pontodoscafes.com.br\/blog\/wp-content\/uploads\/2015\/10\/canecas-charlie-harper-300x167.jpg 300w, https:\/\/www.pontodoscafes.com.br\/blog\/wp-content\/uploads\/2015\/10\/canecas-charlie-harper-1024x570.jpg 1024w, https:\/\/www.pontodoscafes.com.br\/blog\/wp-content\/uploads\/2015\/10\/canecas-charlie-harper-250x139.jpg 250w, https:\/\/www.pontodoscafes.com.br\/blog\/wp-content\/uploads\/2015\/10\/canecas-charlie-harper-510x284.jpg 510w\" sizes=\"(max-width: 723px) 100vw, 723px\" \/><\/p>\n<p>&nbsp;<\/p>\n<p>&nbsp;<\/p>\n<p>Onde voc\u00ea pode comprar:\u00a0<a href=\"http:\/\/www.two-and-a-half-men-tassen.de\/3-original-Tassen-braun-blau-rosa-aus-TWO-and-a-half-MEN-Onkel-Charlie-Harper-Sheen-\/-Ashton-Kut\/en\">http:\/\/www.two-and-a-half-men-tassen.de\/3-original-Tassen-braun-blau-rosa-aus-TWO-and-a-half-MEN-Onkel-Charlie-Harper-Sheen-\/-Ashton-Kut\/en<\/a><\/p>\n<p>&nbsp;<\/p>\n<p><a href=\"http:\/\/www.pontodoscafes.com.br\/maquinas\" target=\"_blank\"><img loading=\"lazy\" class=\"alignnone wp-image-111 size-full\" src=\"http:\/\/www.pontodoscafes.com.br\/blog\/wp-content\/uploads\/2015\/01\/assinaturablog2.png\" alt=\"\" width=\"650\" height=\"152\" srcset=\"https:\/\/www.pontodoscafes.com.br\/blog\/wp-content\/uploads\/2015\/01\/assinaturablog2.png 650w, https:\/\/www.pontodoscafes.com.br\/blog\/wp-content\/uploads\/2015\/01\/assinaturablog2-300x70.png 300w, https:\/\/www.pontodoscafes.com.br\/blog\/wp-content\/uploads\/2015\/01\/assinaturablog2-250x58.png 250w, https:\/\/www.pontodoscafes.com.br\/blog\/wp-content\/uploads\/2015\/01\/assinaturablog2-510x119.png 510w\" sizes=\"(max-width: 650px) 100vw, 650px\" \/><\/a><\/p>\n<p><a href=\"http:\/\/www.pontodoscafes.com.br\/maquinas\/4\/0\/Maquinas-de-cafe\">M\u00e1quinas de Caf\u00e9 em Porto Alegre<\/a><\/p>\n","protected":false},"excerpt":{"rendered":"<p>O boa vida Charlie Harper nunca negou seu amor por festas, mulheres e bebidas, mas o que pouca gente lembra \u00e9 que o personagem interpretado por Charlie Sheen n\u00e3o abria [&hellip;]<\/p>\n","protected":false},"author":1,"featured_media":451,"comment_status":"open","ping_status":"open","sticky":false,"template":"","format":"standard","meta":[],"categories":[1,14],"tags":[123,120,121,124,122,119],"aioseo_notices":[],"_links":{"self":[{"href":"https:\/\/www.pontodoscafes.com.br\/blog\/wp-json\/wp\/v2\/posts\/449"}],"collection":[{"href":"https:\/\/www.pontodoscafes.com.br\/blog\/wp-json\/wp\/v2\/posts"}],"about":[{"href":"https:\/\/www.pontodoscafes.com.br\/blog\/wp-json\/wp\/v2\/types\/post"}],"author":[{"embeddable":true,"href":"https:\/\/www.pontodoscafes.com.br\/blog\/wp-json\/wp\/v2\/users\/1"}],"replies":[{"embeddable":true,"href":"https:\/\/www.pontodoscafes.com.br\/blog\/wp-json\/wp\/v2\/comments?post=449"}],"version-history":[{"count":7,"href":"https:\/\/www.pontodoscafes.com.br\/blog\/wp-json\/wp\/v2\/posts\/449\/revisions"}],"predecessor-version":[{"id":860,"href":"https:\/\/www.pontodoscafes.com.br\/blog\/wp-json\/wp\/v2\/posts\/449\/revisions\/860"}],"wp:featuredmedia":[{"embeddable":true,"href":"https:\/\/www.pontodoscafes.com.br\/blog\/wp-json\/wp\/v2\/media\/451"}],"wp:attachment":[{"href":"https:\/\/www.pontodoscafes.com.br\/blog\/wp-json\/wp\/v2\/media?parent=449"}],"wp:term":[{"taxonomy":"category","embeddable":true,"href":"https:\/\/www.pontodoscafes.com.br\/blog\/wp-json\/wp\/v2\/categories?post=449"},{"taxonomy":"post_tag","embeddable":true,"href":"https:\/\/www.pontodoscafes.com.br\/blog\/wp-json\/wp\/v2\/tags?post=449"}],"curies":[{"name":"wp","href":"https:\/\/api.w.org\/{rel}","templated":true}]}}