{"id":458,"date":"2015-10-06T17:05:48","date_gmt":"2015-10-06T17:05:48","guid":{"rendered":"http:\/\/www.pontodoscafes.com.br\/blog\/?p=458"},"modified":"2016-12-13T19:15:55","modified_gmt":"2016-12-13T19:15:55","slug":"papa-francisco-solicita-cafe-exclusivo-em-viagem-aos-estados-unidos","status":"publish","type":"post","link":"https:\/\/www.pontodoscafes.com.br\/blog\/papa-francisco-solicita-cafe-exclusivo-em-viagem-aos-estados-unidos\/","title":{"rendered":"Papa Francisco solicita caf\u00e9 exclusivo em viagem aos Estados Unidos"},"content":{"rendered":"<p><img loading=\"lazy\" class=\"alignnone size-full wp-image-459\" src=\"http:\/\/www.pontodoscafes.com.br\/blog\/wp-content\/uploads\/2015\/10\/papa-cafe.jpg\" alt=\"papa-cafe\" width=\"650\" height=\"482\" srcset=\"https:\/\/www.pontodoscafes.com.br\/blog\/wp-content\/uploads\/2015\/10\/papa-cafe.jpg 650w, https:\/\/www.pontodoscafes.com.br\/blog\/wp-content\/uploads\/2015\/10\/papa-cafe-300x222.jpg 300w, https:\/\/www.pontodoscafes.com.br\/blog\/wp-content\/uploads\/2015\/10\/papa-cafe-250x185.jpg 250w, https:\/\/www.pontodoscafes.com.br\/blog\/wp-content\/uploads\/2015\/10\/papa-cafe-510x378.jpg 510w\" sizes=\"(max-width: 650px) 100vw, 650px\" \/><\/p>\n<p>Uma das principais marcas do Papa Francisco \u00e9 a humildade, nos lugares que visita normalmente abre m\u00e3o das extravagancias e vive do simples. Por\u00e9m existe um pedido especial que o pont\u00edfice realiza ao visitar um novo pais, \u00a0Francisco tem como costume realizar pedidos espec\u00edficos de caf\u00e9, isso mesmo o Papa assim como voc\u00ea\u00a0tem um amor especial pelo cafezinho.<br \/>\nNa sua recente viagem aos Estados Unidos o Papa foi recebido com um Blend Especial produzido por Tracy Allen um dos mais renomados torrefatores de caf\u00e9s especiais daquele pais.<\/p>\n<p>Para Allan foi maravilhoso servir o Papa, ele doou sua produ\u00e7\u00e3o e ainda fez\u00a0sess\u00f5es de degusta\u00e7\u00e3o sem contar o real motivo, tudo isso para chegar ao sabor perfeito. O produtor ofereceu ao Vaticano 27kg do caf\u00e9 fresco e local, conforme havia solicitado Francisco.\u00a0Uma pena para os amantes de caf\u00e9\u00a0\u00e9 que os\u00a0detalhes sobre a forma de preparo n\u00e3o foram\u00a0divulgados a pedido da Igreja Cat\u00f3lica.<\/p>\n<p><a href=\"http:\/\/www.pontodoscafes.com.br\/blog\/wp-content\/uploads\/2015\/10\/Papa-Francisco-bebe-cafe-organico-da-Bahia-fornecido-ao-Vaticano-desde-2011.jpg\"><img loading=\"lazy\" class=\"alignnone size-full wp-image-460\" src=\"http:\/\/www.pontodoscafes.com.br\/blog\/wp-content\/uploads\/2015\/10\/Papa-Francisco-bebe-cafe-organico-da-Bahia-fornecido-ao-Vaticano-desde-2011.jpg\" alt=\"Papa-Francisco-bebe-cafe-organico-da-Bahia-fornecido-ao-Vaticano-desde-2011\" width=\"898\" height=\"374\" srcset=\"https:\/\/www.pontodoscafes.com.br\/blog\/wp-content\/uploads\/2015\/10\/Papa-Francisco-bebe-cafe-organico-da-Bahia-fornecido-ao-Vaticano-desde-2011.jpg 898w, https:\/\/www.pontodoscafes.com.br\/blog\/wp-content\/uploads\/2015\/10\/Papa-Francisco-bebe-cafe-organico-da-Bahia-fornecido-ao-Vaticano-desde-2011-300x125.jpg 300w, https:\/\/www.pontodoscafes.com.br\/blog\/wp-content\/uploads\/2015\/10\/Papa-Francisco-bebe-cafe-organico-da-Bahia-fornecido-ao-Vaticano-desde-2011-250x104.jpg 250w, https:\/\/www.pontodoscafes.com.br\/blog\/wp-content\/uploads\/2015\/10\/Papa-Francisco-bebe-cafe-organico-da-Bahia-fornecido-ao-Vaticano-desde-2011-510x212.jpg 510w\" sizes=\"(max-width: 898px) 100vw, 898px\" \/><\/a><\/p>\n<p>&nbsp;<\/p>\n<p>&nbsp;<\/p>\n<p><a href=\"http:\/\/www.pontodoscafes.com.br\/maquinas\" target=\"_blank\"><img loading=\"lazy\" class=\"alignnone wp-image-111 size-full\" src=\"http:\/\/www.pontodoscafes.com.br\/blog\/wp-content\/uploads\/2015\/01\/assinaturablog2.png\" alt=\"\" width=\"650\" height=\"152\" srcset=\"https:\/\/www.pontodoscafes.com.br\/blog\/wp-content\/uploads\/2015\/01\/assinaturablog2.png 650w, https:\/\/www.pontodoscafes.com.br\/blog\/wp-content\/uploads\/2015\/01\/assinaturablog2-300x70.png 300w, https:\/\/www.pontodoscafes.com.br\/blog\/wp-content\/uploads\/2015\/01\/assinaturablog2-250x58.png 250w, https:\/\/www.pontodoscafes.com.br\/blog\/wp-content\/uploads\/2015\/01\/assinaturablog2-510x119.png 510w\" sizes=\"(max-width: 650px) 100vw, 650px\" \/><\/a><\/p>\n<p>&nbsp;<\/p>\n<p>&nbsp;<\/p>\n","protected":false},"excerpt":{"rendered":"<p>Uma das principais marcas do Papa Francisco \u00e9 a humildade, nos lugares que visita normalmente abre m\u00e3o das extravagancias e vive do simples. Por\u00e9m existe um pedido especial que o [&hellip;]<\/p>\n","protected":false},"author":1,"featured_media":459,"comment_status":"open","ping_status":"open","sticky":false,"template":"","format":"standard","meta":[],"categories":[1],"tags":[128,125,126,127],"aioseo_notices":[],"_links":{"self":[{"href":"https:\/\/www.pontodoscafes.com.br\/blog\/wp-json\/wp\/v2\/posts\/458"}],"collection":[{"href":"https:\/\/www.pontodoscafes.com.br\/blog\/wp-json\/wp\/v2\/posts"}],"about":[{"href":"https:\/\/www.pontodoscafes.com.br\/blog\/wp-json\/wp\/v2\/types\/post"}],"author":[{"embeddable":true,"href":"https:\/\/www.pontodoscafes.com.br\/blog\/wp-json\/wp\/v2\/users\/1"}],"replies":[{"embeddable":true,"href":"https:\/\/www.pontodoscafes.com.br\/blog\/wp-json\/wp\/v2\/comments?post=458"}],"version-history":[{"count":3,"href":"https:\/\/www.pontodoscafes.com.br\/blog\/wp-json\/wp\/v2\/posts\/458\/revisions"}],"predecessor-version":[{"id":859,"href":"https:\/\/www.pontodoscafes.com.br\/blog\/wp-json\/wp\/v2\/posts\/458\/revisions\/859"}],"wp:featuredmedia":[{"embeddable":true,"href":"https:\/\/www.pontodoscafes.com.br\/blog\/wp-json\/wp\/v2\/media\/459"}],"wp:attachment":[{"href":"https:\/\/www.pontodoscafes.com.br\/blog\/wp-json\/wp\/v2\/media?parent=458"}],"wp:term":[{"taxonomy":"category","embeddable":true,"href":"https:\/\/www.pontodoscafes.com.br\/blog\/wp-json\/wp\/v2\/categories?post=458"},{"taxonomy":"post_tag","embeddable":true,"href":"https:\/\/www.pontodoscafes.com.br\/blog\/wp-json\/wp\/v2\/tags?post=458"}],"curies":[{"name":"wp","href":"https:\/\/api.w.org\/{rel}","templated":true}]}}