{"id":49,"date":"2014-12-29T16:05:00","date_gmt":"2014-12-29T16:05:00","guid":{"rendered":"http:\/\/www.pontodoscafes.com.br\/blog\/?p=49"},"modified":"2016-12-13T19:25:59","modified_gmt":"2016-12-13T19:25:59","slug":"49","status":"publish","type":"post","link":"https:\/\/www.pontodoscafes.com.br\/blog\/49\/","title":{"rendered":"Porta copo de caf\u00e9 para bicicletas"},"content":{"rendered":"<p><iframe loading=\"lazy\" src=\"https:\/\/player.vimeo.com\/video\/89092250\" width=\"1050\" height=\"576\" frameborder=\"0\" title=\"Bookman Cup Holder\" webkitallowfullscreen mozallowfullscreen allowfullscreen><\/iframe><\/p>\n<p>Com o in\u00edcio do ver\u00e3o milhares de pessoas tem nos passeios de bicicleta uma \u00f3tima op\u00e7\u00e3o de lazer. Seja para curtir as estradas floridas do interior ou cochilar na grama dos parques das grandes cidades, nos dias ensolarados a magrela \u00e9 a principal parceira do seu passeio. Pois saiba que agora voc\u00ea que \u00e9 apaixonado por bike\u00a0e caf\u00e9\u00a0pode contar com mais um aliado, \u00a0a empresa Sueca Bookman Bikes Acessories desenvolveu o porta copo para bicicletas.<\/p>\n<p>O acess\u00f3rio \u00e9 composto por um suporte, um\u00a0grampo e dois an\u00e9is para copos pequenos e m\u00e9dios que podem ser fixados no guidom, o mais impressionante \u00e9 que a\u00a0empresa garante\u00a0que mesmo se houver uma colis\u00e3o o copo vai se manter firme.\u00a0Mas n\u00e3o se\u00a0esque\u00e7a, uma tampa firme \u00e9 fundamental para o transporte. Que tal? Aproveitar o sabor do <a title=\"Caf\u00e9 em porto alegre\" href=\"http:\/\/www.pontodoscafes.com.br\">caf\u00e9 em Porto Alegre<\/a> ou Caxias do Sul e utilizar sua energia para curtir seu passeio, \u00a0mais uma \u00f3tima ideia.<\/p>\n<p>&nbsp;<\/p>\n<p><a title=\"M\u00e1quinas de Caf\u00e9 em Porto Alegre\" href=\"http:\/\/www.pontodoscafes.com.br\">Ponto dos Caf\u00e9s<\/a>\u00a0conhe\u00e7a nossas <a title=\"M\u00e1quinas de Caf\u00e9 em Porto alegre\" href=\"http:\/\/www.pontodoscafes.com.br\/maquinas\">M\u00e1quinas de Caf\u00e9<\/a>\u00a0para sua empresa ou resid\u00eancia.<\/p>\n<p>&nbsp;<\/p>\n<p><a href=\"http:\/\/www.pontodoscafes.com.br\/blog\/wp-content\/uploads\/2014\/12\/collection1-470x313.jpg\"><img loading=\"lazy\" class=\"alignnone size-medium wp-image-50\" src=\"http:\/\/www.pontodoscafes.com.br\/blog\/wp-content\/uploads\/2014\/12\/collection1-470x313-300x199.jpg\" alt=\"collection1-470x313\" width=\"300\" height=\"199\" srcset=\"https:\/\/www.pontodoscafes.com.br\/blog\/wp-content\/uploads\/2014\/12\/collection1-470x313-300x199.jpg 300w, https:\/\/www.pontodoscafes.com.br\/blog\/wp-content\/uploads\/2014\/12\/collection1-470x313-250x166.jpg 250w, https:\/\/www.pontodoscafes.com.br\/blog\/wp-content\/uploads\/2014\/12\/collection1-470x313.jpg 470w\" sizes=\"(max-width: 300px) 100vw, 300px\" \/><\/a> <a href=\"http:\/\/www.pontodoscafes.com.br\/blog\/wp-content\/uploads\/2014\/12\/green_open-470x313.jpg\"><img loading=\"lazy\" class=\"alignnone size-medium wp-image-51\" src=\"http:\/\/www.pontodoscafes.com.br\/blog\/wp-content\/uploads\/2014\/12\/green_open-470x313-300x199.jpg\" alt=\"green_open-470x313\" width=\"300\" height=\"199\" srcset=\"https:\/\/www.pontodoscafes.com.br\/blog\/wp-content\/uploads\/2014\/12\/green_open-470x313-300x199.jpg 300w, https:\/\/www.pontodoscafes.com.br\/blog\/wp-content\/uploads\/2014\/12\/green_open-470x313-250x166.jpg 250w, https:\/\/www.pontodoscafes.com.br\/blog\/wp-content\/uploads\/2014\/12\/green_open-470x313.jpg 470w\" sizes=\"(max-width: 300px) 100vw, 300px\" \/><img loading=\"lazy\" class=\"alignnone wp-image-52 size-medium\" src=\"http:\/\/www.pontodoscafes.com.br\/blog\/wp-content\/uploads\/2014\/12\/Screen-Shot-2014-03-27-at-11.43.58-AM-470x309-300x197.png\" alt=\"Screen-Shot-2014-03-27-at-11.43.58-AM-470x309\" width=\"300\" height=\"197\" srcset=\"https:\/\/www.pontodoscafes.com.br\/blog\/wp-content\/uploads\/2014\/12\/Screen-Shot-2014-03-27-at-11.43.58-AM-470x309-300x197.png 300w, https:\/\/www.pontodoscafes.com.br\/blog\/wp-content\/uploads\/2014\/12\/Screen-Shot-2014-03-27-at-11.43.58-AM-470x309-250x164.png 250w, https:\/\/www.pontodoscafes.com.br\/blog\/wp-content\/uploads\/2014\/12\/Screen-Shot-2014-03-27-at-11.43.58-AM-470x309.png 470w\" sizes=\"(max-width: 300px) 100vw, 300px\" \/><\/a><\/p>\n<p>&nbsp;<\/p>\n<p><a href=\"http:\/\/www.pontodoscafes.com.br\/maquinas\" target=\"_blank\"><img loading=\"lazy\" class=\"alignnone wp-image-111 size-full\" src=\"http:\/\/www.pontodoscafes.com.br\/blog\/wp-content\/uploads\/2015\/01\/assinaturablog2.png\" alt=\"\" width=\"650\" height=\"152\" srcset=\"https:\/\/www.pontodoscafes.com.br\/blog\/wp-content\/uploads\/2015\/01\/assinaturablog2.png 650w, https:\/\/www.pontodoscafes.com.br\/blog\/wp-content\/uploads\/2015\/01\/assinaturablog2-300x70.png 300w, https:\/\/www.pontodoscafes.com.br\/blog\/wp-content\/uploads\/2015\/01\/assinaturablog2-250x58.png 250w, https:\/\/www.pontodoscafes.com.br\/blog\/wp-content\/uploads\/2015\/01\/assinaturablog2-510x119.png 510w\" sizes=\"(max-width: 650px) 100vw, 650px\" \/><\/a><\/p>\n","protected":false},"excerpt":{"rendered":"<p>Com o in\u00edcio do ver\u00e3o milhares de pessoas tem nos passeios de bicicleta uma \u00f3tima op\u00e7\u00e3o de lazer. Seja para curtir as estradas floridas do interior ou cochilar na grama [&hellip;]<\/p>\n","protected":false},"author":1,"featured_media":52,"comment_status":"open","ping_status":"open","sticky":false,"template":"","format":"standard","meta":[],"categories":[1],"tags":[7,6,4,5,3],"aioseo_notices":[],"_links":{"self":[{"href":"https:\/\/www.pontodoscafes.com.br\/blog\/wp-json\/wp\/v2\/posts\/49"}],"collection":[{"href":"https:\/\/www.pontodoscafes.com.br\/blog\/wp-json\/wp\/v2\/posts"}],"about":[{"href":"https:\/\/www.pontodoscafes.com.br\/blog\/wp-json\/wp\/v2\/types\/post"}],"author":[{"embeddable":true,"href":"https:\/\/www.pontodoscafes.com.br\/blog\/wp-json\/wp\/v2\/users\/1"}],"replies":[{"embeddable":true,"href":"https:\/\/www.pontodoscafes.com.br\/blog\/wp-json\/wp\/v2\/comments?post=49"}],"version-history":[{"count":13,"href":"https:\/\/www.pontodoscafes.com.br\/blog\/wp-json\/wp\/v2\/posts\/49\/revisions"}],"predecessor-version":[{"id":907,"href":"https:\/\/www.pontodoscafes.com.br\/blog\/wp-json\/wp\/v2\/posts\/49\/revisions\/907"}],"wp:featuredmedia":[{"embeddable":true,"href":"https:\/\/www.pontodoscafes.com.br\/blog\/wp-json\/wp\/v2\/media\/52"}],"wp:attachment":[{"href":"https:\/\/www.pontodoscafes.com.br\/blog\/wp-json\/wp\/v2\/media?parent=49"}],"wp:term":[{"taxonomy":"category","embeddable":true,"href":"https:\/\/www.pontodoscafes.com.br\/blog\/wp-json\/wp\/v2\/categories?post=49"},{"taxonomy":"post_tag","embeddable":true,"href":"https:\/\/www.pontodoscafes.com.br\/blog\/wp-json\/wp\/v2\/tags?post=49"}],"curies":[{"name":"wp","href":"https:\/\/api.w.org\/{rel}","templated":true}]}}