{"id":495,"date":"2015-10-07T14:44:10","date_gmt":"2015-10-07T14:44:10","guid":{"rendered":"http:\/\/www.pontodoscafes.com.br\/blog\/?p=495"},"modified":"2016-12-13T19:14:48","modified_gmt":"2016-12-13T19:14:48","slug":"cafe-previne-mau-halito","status":"publish","type":"post","link":"https:\/\/www.pontodoscafes.com.br\/blog\/cafe-previne-mau-halito\/","title":{"rendered":"Caf\u00e9 previne mau h\u00e1lito"},"content":{"rendered":"<p>&nbsp;<\/p>\n<p><a href=\"http:\/\/www.pontodoscafes.com.br\/blog\/wp-content\/uploads\/2015\/10\/cafe-mau-halito.jpg\"><img loading=\"lazy\" class=\"alignnone wp-image-498\" src=\"http:\/\/www.pontodoscafes.com.br\/blog\/wp-content\/uploads\/2015\/10\/cafe-mau-halito.jpg\" alt=\"cafe-mau-halito\" width=\"758\" height=\"568\" srcset=\"https:\/\/www.pontodoscafes.com.br\/blog\/wp-content\/uploads\/2015\/10\/cafe-mau-halito.jpg 1082w, https:\/\/www.pontodoscafes.com.br\/blog\/wp-content\/uploads\/2015\/10\/cafe-mau-halito-300x225.jpg 300w, https:\/\/www.pontodoscafes.com.br\/blog\/wp-content\/uploads\/2015\/10\/cafe-mau-halito-1024x768.jpg 1024w, https:\/\/www.pontodoscafes.com.br\/blog\/wp-content\/uploads\/2015\/10\/cafe-mau-halito-250x187.jpg 250w, https:\/\/www.pontodoscafes.com.br\/blog\/wp-content\/uploads\/2015\/10\/cafe-mau-halito-510x382.jpg 510w\" sizes=\"(max-width: 758px) 100vw, 758px\" \/><br \/>\n<\/a><\/p>\n<p>&nbsp;<\/p>\n<p>Beber um cafezinho \u00e9 uma delicia, agora o\u00a0h\u00e1lito\u00a0de caf\u00e9 das pessoas que falam pr\u00f3ximas a\u00a0voc\u00ea nem sempre \u00e9 agrad\u00e1vel n\u00e3o \u00e9? Mas a longo prazo, esse cheiro pode ser ben\u00e9fico para o\u00a0seu colega de trabalho, amigo, esposa, namorada, pai, m\u00e3e e etc, isso porque o caf\u00e9 pode evitar o mau h\u00e1lito, sim isso mesmo o caf\u00e9 evita o famoso bafo de on\u00e7a. A\u00a0Universidade Tel Aviv\u00a0de Israel atrav\u00e9s de uma pesquisa concluiu que as subst\u00e2ncias do caf\u00e9 inibem o desenvolvimento das bact\u00e9rias que geram o mau h\u00e1lito. A ideia deu t\u00e3o certo que o pr\u00f3ximo passo \u00e9 isolar essas subst\u00e2ncias para desenvolver chicletes, enxaguantes bucais dentre outros produtos\u00a0que ajudem no combate do\u00a0mau h\u00e1lito. Mais um motivo para voc\u00ea tomar seu cafezinho todos os dias, mas n\u00e3o esque\u00e7a de escovar os dentes n\u00e3o \u00e9. \ud83d\ude42<\/p>\n<p>&nbsp;<\/p>\n<p><a href=\"http:\/\/www.pontodoscafes.com.br\/maquinas\" target=\"_blank\"><img loading=\"lazy\" class=\"alignnone wp-image-111 size-full\" src=\"http:\/\/www.pontodoscafes.com.br\/blog\/wp-content\/uploads\/2015\/01\/assinaturablog2.png\" alt=\"\" width=\"650\" height=\"152\" srcset=\"https:\/\/www.pontodoscafes.com.br\/blog\/wp-content\/uploads\/2015\/01\/assinaturablog2.png 650w, https:\/\/www.pontodoscafes.com.br\/blog\/wp-content\/uploads\/2015\/01\/assinaturablog2-300x70.png 300w, https:\/\/www.pontodoscafes.com.br\/blog\/wp-content\/uploads\/2015\/01\/assinaturablog2-250x58.png 250w, https:\/\/www.pontodoscafes.com.br\/blog\/wp-content\/uploads\/2015\/01\/assinaturablog2-510x119.png 510w\" sizes=\"(max-width: 650px) 100vw, 650px\" \/><\/a><\/p>\n<p>&nbsp;<\/p>\n<p>&nbsp;<\/p>\n","protected":false},"excerpt":{"rendered":"<p>&nbsp; &nbsp; Beber um cafezinho \u00e9 uma delicia, agora o\u00a0h\u00e1lito\u00a0de caf\u00e9 das pessoas que falam pr\u00f3ximas a\u00a0voc\u00ea nem sempre \u00e9 agrad\u00e1vel n\u00e3o \u00e9? Mas a longo prazo, esse cheiro pode [&hellip;]<\/p>\n","protected":false},"author":1,"featured_media":496,"comment_status":"open","ping_status":"open","sticky":false,"template":"","format":"standard","meta":[],"categories":[1],"tags":[145,144,146,141,142,143,140],"aioseo_notices":[],"_links":{"self":[{"href":"https:\/\/www.pontodoscafes.com.br\/blog\/wp-json\/wp\/v2\/posts\/495"}],"collection":[{"href":"https:\/\/www.pontodoscafes.com.br\/blog\/wp-json\/wp\/v2\/posts"}],"about":[{"href":"https:\/\/www.pontodoscafes.com.br\/blog\/wp-json\/wp\/v2\/types\/post"}],"author":[{"embeddable":true,"href":"https:\/\/www.pontodoscafes.com.br\/blog\/wp-json\/wp\/v2\/users\/1"}],"replies":[{"embeddable":true,"href":"https:\/\/www.pontodoscafes.com.br\/blog\/wp-json\/wp\/v2\/comments?post=495"}],"version-history":[{"count":6,"href":"https:\/\/www.pontodoscafes.com.br\/blog\/wp-json\/wp\/v2\/posts\/495\/revisions"}],"predecessor-version":[{"id":855,"href":"https:\/\/www.pontodoscafes.com.br\/blog\/wp-json\/wp\/v2\/posts\/495\/revisions\/855"}],"wp:featuredmedia":[{"embeddable":true,"href":"https:\/\/www.pontodoscafes.com.br\/blog\/wp-json\/wp\/v2\/media\/496"}],"wp:attachment":[{"href":"https:\/\/www.pontodoscafes.com.br\/blog\/wp-json\/wp\/v2\/media?parent=495"}],"wp:term":[{"taxonomy":"category","embeddable":true,"href":"https:\/\/www.pontodoscafes.com.br\/blog\/wp-json\/wp\/v2\/categories?post=495"},{"taxonomy":"post_tag","embeddable":true,"href":"https:\/\/www.pontodoscafes.com.br\/blog\/wp-json\/wp\/v2\/tags?post=495"}],"curies":[{"name":"wp","href":"https:\/\/api.w.org\/{rel}","templated":true}]}}