{"id":511,"date":"2015-10-07T19:07:06","date_gmt":"2015-10-07T19:07:06","guid":{"rendered":"http:\/\/www.pontodoscafes.com.br\/blog\/?p=511"},"modified":"2016-12-13T19:14:12","modified_gmt":"2016-12-13T19:14:12","slug":"santos-lanca-o-bonde-do-cafe","status":"publish","type":"post","link":"https:\/\/www.pontodoscafes.com.br\/blog\/santos-lanca-o-bonde-do-cafe\/","title":{"rendered":"Santos lan\u00e7a o Bonde do Caf\u00e9"},"content":{"rendered":"<p><a href=\"http:\/\/www.pontodoscafes.com.br\/blog\/wp-content\/uploads\/2015\/10\/bonde-do-cafe.jpg\"><img loading=\"lazy\" class=\"alignnone size-full wp-image-513\" src=\"http:\/\/www.pontodoscafes.com.br\/blog\/wp-content\/uploads\/2015\/10\/bonde-do-cafe.jpg\" alt=\"bonde do cafe\" width=\"650\" height=\"365\" srcset=\"https:\/\/www.pontodoscafes.com.br\/blog\/wp-content\/uploads\/2015\/10\/bonde-do-cafe.jpg 650w, https:\/\/www.pontodoscafes.com.br\/blog\/wp-content\/uploads\/2015\/10\/bonde-do-cafe-300x168.jpg 300w, https:\/\/www.pontodoscafes.com.br\/blog\/wp-content\/uploads\/2015\/10\/bonde-do-cafe-250x140.jpg 250w, https:\/\/www.pontodoscafes.com.br\/blog\/wp-content\/uploads\/2015\/10\/bonde-do-cafe-510x286.jpg 510w\" sizes=\"(max-width: 650px) 100vw, 650px\" \/><\/a><\/p>\n<p>As ruas do litoral de Santos (SP) acabam de ganhar mais uma atra\u00e7\u00e3o cafeinada. O Museu do Caf\u00e9, em parceria com a Prefeitura de Santos, por meio da a Secretaria de Turismo\u00a0e da CET Santos (Companhia de Engenharia de Tr\u00e1fego) lan\u00e7aram no dia 9 de janeiro o chamado Bonde Caf\u00e9. O ve\u00edculo tem\u00e1tico j\u00e1 circula pela cidade com diversas atividades culturais e possui at\u00e9 baristas servindo caf\u00e9 quentinho sobre rodas.<\/p>\n<p>In\u00e9dito na Am\u00e9rica Latina, o Bonde Caf\u00e9 foi criado para a comemora\u00e7\u00e3o do anivers\u00e1rio de 469 anos da cidade e ser\u00e1 integrado a linha convencional de bondes local. O ve\u00edculo possui televis\u00f5es, ar condicionado, mesas, cadeiras e m\u00e1quinas de espresso \u2013 respons\u00e1veis por servir caf\u00e9s gourmet quentinhos para todos os passageiros por meio das m\u00e3os de baristas capacitados para o evento.<\/p>\n<p>Al\u00e9m das atividades, o bonde (ve\u00edculo italiano restaurado e totalmente estilizado com temas que relacionam o caf\u00e9 e a cidade) funcionar\u00e1 como linha tur\u00edstica. Ele far\u00e1 um trajeto de cerca de 25 minutos pelos principais pontos cheios de hist\u00f3ria para contar do Centro Hist\u00f3rico de Santos.<\/p>\n<p>Se interessou em passear com o Bonde Caf\u00e9? O ve\u00edculo ficar\u00e1 em atividade de ter\u00e7a a domingo (inclusive feriados) das 12h \u00e0s 17h, e custa R$ 6 por pessoa. Para saber mais informa\u00e7\u00f5es, basta acessar o <strong><a href=\"http:\/\/www.museudocafe.org.br\/\" target=\"_blank\">site do Museu<\/a><\/strong>.<\/p>\n<p>N\u00e3o perca e aproveite este delicioso passeio \u2013 que ter\u00e1 um visitante ilustre em todos os trajetos: o caf\u00e9.<\/p>\n<p>Por: Lucas Tavares &#8211; Mexido de Ideias<\/p>\n<p>&nbsp;<\/p>\n<p><a href=\"http:\/\/www.pontodoscafes.com.br\/maquinas\" target=\"_blank\"><img loading=\"lazy\" class=\"alignnone wp-image-111 size-full\" src=\"http:\/\/www.pontodoscafes.com.br\/blog\/wp-content\/uploads\/2015\/01\/assinaturablog2.png\" alt=\"\" width=\"650\" height=\"152\" srcset=\"https:\/\/www.pontodoscafes.com.br\/blog\/wp-content\/uploads\/2015\/01\/assinaturablog2.png 650w, https:\/\/www.pontodoscafes.com.br\/blog\/wp-content\/uploads\/2015\/01\/assinaturablog2-300x70.png 300w, https:\/\/www.pontodoscafes.com.br\/blog\/wp-content\/uploads\/2015\/01\/assinaturablog2-250x58.png 250w, https:\/\/www.pontodoscafes.com.br\/blog\/wp-content\/uploads\/2015\/01\/assinaturablog2-510x119.png 510w\" sizes=\"(max-width: 650px) 100vw, 650px\" \/><\/a><\/p>\n<div class=\"yarpp-related\"><\/div>\n","protected":false},"excerpt":{"rendered":"<p>As ruas do litoral de Santos (SP) acabam de ganhar mais uma atra\u00e7\u00e3o cafeinada. O Museu do Caf\u00e9, em parceria com a Prefeitura de Santos, por meio da a Secretaria [&hellip;]<\/p>\n","protected":false},"author":1,"featured_media":512,"comment_status":"open","ping_status":"open","sticky":false,"template":"","format":"standard","meta":[],"categories":[1],"tags":[],"aioseo_notices":[],"_links":{"self":[{"href":"https:\/\/www.pontodoscafes.com.br\/blog\/wp-json\/wp\/v2\/posts\/511"}],"collection":[{"href":"https:\/\/www.pontodoscafes.com.br\/blog\/wp-json\/wp\/v2\/posts"}],"about":[{"href":"https:\/\/www.pontodoscafes.com.br\/blog\/wp-json\/wp\/v2\/types\/post"}],"author":[{"embeddable":true,"href":"https:\/\/www.pontodoscafes.com.br\/blog\/wp-json\/wp\/v2\/users\/1"}],"replies":[{"embeddable":true,"href":"https:\/\/www.pontodoscafes.com.br\/blog\/wp-json\/wp\/v2\/comments?post=511"}],"version-history":[{"count":3,"href":"https:\/\/www.pontodoscafes.com.br\/blog\/wp-json\/wp\/v2\/posts\/511\/revisions"}],"predecessor-version":[{"id":852,"href":"https:\/\/www.pontodoscafes.com.br\/blog\/wp-json\/wp\/v2\/posts\/511\/revisions\/852"}],"wp:featuredmedia":[{"embeddable":true,"href":"https:\/\/www.pontodoscafes.com.br\/blog\/wp-json\/wp\/v2\/media\/512"}],"wp:attachment":[{"href":"https:\/\/www.pontodoscafes.com.br\/blog\/wp-json\/wp\/v2\/media?parent=511"}],"wp:term":[{"taxonomy":"category","embeddable":true,"href":"https:\/\/www.pontodoscafes.com.br\/blog\/wp-json\/wp\/v2\/categories?post=511"},{"taxonomy":"post_tag","embeddable":true,"href":"https:\/\/www.pontodoscafes.com.br\/blog\/wp-json\/wp\/v2\/tags?post=511"}],"curies":[{"name":"wp","href":"https:\/\/api.w.org\/{rel}","templated":true}]}}