{"id":597,"date":"2016-01-14T11:27:15","date_gmt":"2016-01-14T11:27:15","guid":{"rendered":"http:\/\/www.pontodoscafes.com.br\/blog\/?p=597"},"modified":"2018-07-18T18:56:29","modified_gmt":"2018-07-18T18:56:29","slug":"caipirinha-e-cafe-sera-que-vai-dar-samba","status":"publish","type":"post","link":"https:\/\/www.pontodoscafes.com.br\/blog\/caipirinha-e-cafe-sera-que-vai-dar-samba\/","title":{"rendered":"Caipirinha e caf\u00e9 ser\u00e1 que vai dar samba?"},"content":{"rendered":"<p><img loading=\"lazy\" class=\"alignnone size-full wp-image-599\" src=\"http:\/\/www.pontodoscafes.com.br\/blog\/wp-content\/uploads\/2016\/01\/caipirinha_cafe.jpg\" alt=\"caipirinha_cafe\" width=\"620\" height=\"465\" srcset=\"https:\/\/www.pontodoscafes.com.br\/blog\/wp-content\/uploads\/2016\/01\/caipirinha_cafe.jpg 620w, https:\/\/www.pontodoscafes.com.br\/blog\/wp-content\/uploads\/2016\/01\/caipirinha_cafe-300x225.jpg 300w, https:\/\/www.pontodoscafes.com.br\/blog\/wp-content\/uploads\/2016\/01\/caipirinha_cafe-250x188.jpg 250w, https:\/\/www.pontodoscafes.com.br\/blog\/wp-content\/uploads\/2016\/01\/caipirinha_cafe-510x383.jpg 510w\" sizes=\"(max-width: 620px) 100vw, 620px\" \/><\/p>\n<p>Os baristas do Museu do Caf\u00e9 em S\u00e3o Paulo, h\u00e1 alguns anos, \u00a0criaram a bebida inusitada que mistura cacha\u00e7a com caf\u00e9 expresso. Hoje a caipirinha de caf\u00e9 faz parte do card\u00e1pio de bebidas do\u00a0Museu, um dos pontos mais tradicionais da cidade, e tem feito o maior sucesso no litoral paulista.<\/p>\n<p>Para o ver\u00e3o, a bebida refrescante \u00e9 uma \u00f3tima pedida. \u00a0Aproveite a receita e tire suas pr\u00f3prias conclus\u00f5es sobre a combina\u00e7\u00e3o do caf\u00e9 com a cacha\u00e7a, mas quem j\u00e1 provou afirma que deu samba. Confira a receita.<\/p>\n<p>Ingredientes:<br \/>\n\u00bc de lim\u00e3o cortado em gomos, sem a parte central<br \/>\n1 dose de cacha\u00e7a<br \/>\nCubos de Gelo de Caf\u00e9 expresso<br \/>\n1 colher (sobremesa) e meia de a\u00e7\u00facar<br \/>\nCubos de gelo<br \/>\nGr\u00e3os para decorar<\/p>\n<p>Preparo:<br \/>\nMacerar lim\u00e3o e a\u00e7\u00facar com o socador em seguida a cacha\u00e7a, misture bem. Depositar em uma ta\u00e7a, colocando os cubos de gelo e os cubos de caf\u00e9. Ap\u00f3s agitar, colocar no copo em que a bebida ser\u00e1 servida e decorar a gosto com os gr\u00e3os de caf\u00e9.<\/p>\n<p>Tempo: 10 minutos<\/p>\n<p>Rendimento: 01 copo<\/p>\n<p>&nbsp;<\/p>\n<p><a href=\"http:\/\/www.pontodoscafes.com.br\/maquinas\" target=\"_blank\" rel=\"noopener\"><img loading=\"lazy\" class=\"alignnone wp-image-111 size-full\" src=\"http:\/\/www.pontodoscafes.com.br\/blog\/wp-content\/uploads\/2015\/01\/assinaturablog2.png\" alt=\"\" width=\"650\" height=\"152\" srcset=\"https:\/\/www.pontodoscafes.com.br\/blog\/wp-content\/uploads\/2015\/01\/assinaturablog2.png 650w, https:\/\/www.pontodoscafes.com.br\/blog\/wp-content\/uploads\/2015\/01\/assinaturablog2-300x70.png 300w, https:\/\/www.pontodoscafes.com.br\/blog\/wp-content\/uploads\/2015\/01\/assinaturablog2-250x58.png 250w, https:\/\/www.pontodoscafes.com.br\/blog\/wp-content\/uploads\/2015\/01\/assinaturablog2-510x119.png 510w\" sizes=\"(max-width: 650px) 100vw, 650px\" \/><\/a><\/p>\n<p>&nbsp;<\/p>\n<p>&nbsp;<\/p>\n","protected":false},"excerpt":{"rendered":"<p>Os baristas do Museu do Caf\u00e9 em S\u00e3o Paulo, h\u00e1 alguns anos, \u00a0criaram a bebida inusitada que mistura cacha\u00e7a com caf\u00e9 expresso. Hoje a caipirinha de caf\u00e9 faz parte do [&hellip;]<\/p>\n","protected":false},"author":1,"featured_media":599,"comment_status":"open","ping_status":"open","sticky":false,"template":"","format":"standard","meta":[],"categories":[1,14,20],"tags":[46,16,165,26,176,44],"aioseo_notices":[],"_links":{"self":[{"href":"https:\/\/www.pontodoscafes.com.br\/blog\/wp-json\/wp\/v2\/posts\/597"}],"collection":[{"href":"https:\/\/www.pontodoscafes.com.br\/blog\/wp-json\/wp\/v2\/posts"}],"about":[{"href":"https:\/\/www.pontodoscafes.com.br\/blog\/wp-json\/wp\/v2\/types\/post"}],"author":[{"embeddable":true,"href":"https:\/\/www.pontodoscafes.com.br\/blog\/wp-json\/wp\/v2\/users\/1"}],"replies":[{"embeddable":true,"href":"https:\/\/www.pontodoscafes.com.br\/blog\/wp-json\/wp\/v2\/comments?post=597"}],"version-history":[{"count":5,"href":"https:\/\/www.pontodoscafes.com.br\/blog\/wp-json\/wp\/v2\/posts\/597\/revisions"}],"predecessor-version":[{"id":1135,"href":"https:\/\/www.pontodoscafes.com.br\/blog\/wp-json\/wp\/v2\/posts\/597\/revisions\/1135"}],"wp:featuredmedia":[{"embeddable":true,"href":"https:\/\/www.pontodoscafes.com.br\/blog\/wp-json\/wp\/v2\/media\/599"}],"wp:attachment":[{"href":"https:\/\/www.pontodoscafes.com.br\/blog\/wp-json\/wp\/v2\/media?parent=597"}],"wp:term":[{"taxonomy":"category","embeddable":true,"href":"https:\/\/www.pontodoscafes.com.br\/blog\/wp-json\/wp\/v2\/categories?post=597"},{"taxonomy":"post_tag","embeddable":true,"href":"https:\/\/www.pontodoscafes.com.br\/blog\/wp-json\/wp\/v2\/tags?post=597"}],"curies":[{"name":"wp","href":"https:\/\/api.w.org\/{rel}","templated":true}]}}