{"id":611,"date":"2016-01-14T11:06:42","date_gmt":"2016-01-14T11:06:42","guid":{"rendered":"http:\/\/www.pontodoscafes.com.br\/blog\/?p=611"},"modified":"2021-05-24T16:37:06","modified_gmt":"2021-05-24T16:37:06","slug":"cafe-no-prato-e-a-proposta-do-chefs-cafe","status":"publish","type":"post","link":"https:\/\/www.pontodoscafes.com.br\/blog\/cafe-no-prato-e-a-proposta-do-chefs-cafe\/","title":{"rendered":"Caf\u00e9 no prato, \u00e9 a proposta do Chefs-Caf\u00e9"},"content":{"rendered":"<p><a href=\"https:\/\/www.pontodoscafes.com.br\/blog\/wp-content\/uploads\/2016\/01\/receita-facil-file-mignon-molho-cafe.jpg\"><img loading=\"lazy\" class=\"aligncenter wp-image-612 size-full\" src=\"https:\/\/www.pontodoscafes.com.br\/blog\/wp-content\/uploads\/2016\/01\/receita-facil-file-mignon-molho-cafe.jpg\" alt=\"\" width=\"630\" height=\"350\" srcset=\"https:\/\/www.pontodoscafes.com.br\/blog\/wp-content\/uploads\/2016\/01\/receita-facil-file-mignon-molho-cafe.jpg 630w, https:\/\/www.pontodoscafes.com.br\/blog\/wp-content\/uploads\/2016\/01\/receita-facil-file-mignon-molho-cafe-300x167.jpg 300w, https:\/\/www.pontodoscafes.com.br\/blog\/wp-content\/uploads\/2016\/01\/receita-facil-file-mignon-molho-cafe-250x139.jpg 250w, https:\/\/www.pontodoscafes.com.br\/blog\/wp-content\/uploads\/2016\/01\/receita-facil-file-mignon-molho-cafe-510x283.jpg 510w\" sizes=\"(max-width: 630px) 100vw, 630px\" \/><\/a><\/p>\n<p>O livro est\u00e1 na 2\u00aa edi\u00e7\u00e3o, al\u00e9m dos conselhos e dicas dos grandes chefs da edi\u00e7\u00e3o anterior, agora conta com receitas de dois novos Chefs: Claude Troisgros e Renato Freire com receitas da confeitaria Colombo.\u00a0Nele est\u00e3o grandes nomes da gastronomia como Alex Atala, Ana Luiza Trajano, Gordon Ramsay, e Rodrigo Oliveira.<\/p>\n<p>O livro Chefs \u2013 Caf\u00e9, da editora Melhoramentos, \u00e9 recheado de receitas que utilizam o gr\u00e3o do caf\u00e9 como ingrediente. S\u00e3o carnes, peixes, massas, doces e muitas outras op\u00e7\u00f5es de dar \u00e1gua na boca.<br \/>\n<a href=\"http:\/\/www.pontodoscafes.com.br\/blog\/wp-content\/uploads\/2016\/01\/10714132_408693732617967_5040590444411063839_o.jpg\"><br \/>\n<\/a><a href=\"http:\/\/www.pontodoscafes.com.br\/blog\/wp-content\/uploads\/2016\/01\/10714132_408693732617967_5040590444411063839_o.jpg\"><br \/>\n<\/a><a href=\"https:\/\/www.pontodoscafes.com.br\/blog\/wp-content\/uploads\/2016\/01\/10714132_408693732617967_5040590444411063839_o.jpg\"><img loading=\"lazy\" class=\"aligncenter wp-image-613 size-full\" src=\"https:\/\/www.pontodoscafes.com.br\/blog\/wp-content\/uploads\/2016\/01\/10714132_408693732617967_5040590444411063839_o.jpg\" alt=\"\" width=\"803\" height=\"960\" srcset=\"https:\/\/www.pontodoscafes.com.br\/blog\/wp-content\/uploads\/2016\/01\/10714132_408693732617967_5040590444411063839_o.jpg 803w, https:\/\/www.pontodoscafes.com.br\/blog\/wp-content\/uploads\/2016\/01\/10714132_408693732617967_5040590444411063839_o-251x300.jpg 251w, https:\/\/www.pontodoscafes.com.br\/blog\/wp-content\/uploads\/2016\/01\/10714132_408693732617967_5040590444411063839_o-209x250.jpg 209w, https:\/\/www.pontodoscafes.com.br\/blog\/wp-content\/uploads\/2016\/01\/10714132_408693732617967_5040590444411063839_o-510x610.jpg 510w\" sizes=\"(max-width: 803px) 100vw, 803px\" \/><\/a><br \/>\nEm aproximadamente 100 modos de preparos distribu\u00eddos por suas 272 p\u00e1ginas, o livro tamb\u00e9m traz todos os processos envolvendo o gr\u00e3o. O caminho do campo \u00e0 x\u00edcara, n\u00e3o poderia faltar nesta grande obra. Al\u00e9m de muitas dicas sobre a bebida e seu preparo. A obra tamb\u00e9m conta um pouco sobre sua hist\u00f3ria e relata as mudan\u00e7as que o caf\u00e9 provocou em sociedades de diversos pa\u00edses.<\/p>\n<p>E, n\u00e3o para por a\u00ed. A rela\u00e7\u00e3o do gr\u00e3o com o mercado e com a sustentabilidade tamb\u00e9m s\u00e3o explorados. Ela tamb\u00e9m tem a participa\u00e7\u00e3o da degustadora Eliana Relvas, que nos leva ao lado cl\u00e1ssico da bebida.<\/p>\n<p>\u00d3tima op\u00e7\u00e3o de presente levando os apaixonados por caf\u00e9\u00a0para muito al\u00e9m das x\u00edcaras.<\/p>\n<p><a href=\"https:\/\/www.pontodoscafes.com.br\/blog\/wp-content\/uploads\/2015\/01\/assinaturablog2.png\" target=\"_blank\" rel=\"noopener noreferrer\"><img loading=\"lazy\" class=\"aligncenter wp-image-111 size-full\" src=\"https:\/\/www.pontodoscafes.com.br\/blog\/wp-content\/uploads\/2015\/01\/assinaturablog2.png\" alt=\"\" width=\"650\" height=\"152\" srcset=\"https:\/\/www.pontodoscafes.com.br\/blog\/wp-content\/uploads\/2015\/01\/assinaturablog2.png 650w, https:\/\/www.pontodoscafes.com.br\/blog\/wp-content\/uploads\/2015\/01\/assinaturablog2-300x70.png 300w, https:\/\/www.pontodoscafes.com.br\/blog\/wp-content\/uploads\/2015\/01\/assinaturablog2-250x58.png 250w, https:\/\/www.pontodoscafes.com.br\/blog\/wp-content\/uploads\/2015\/01\/assinaturablog2-510x119.png 510w\" sizes=\"(max-width: 650px) 100vw, 650px\" \/><\/a><\/p>\n","protected":false},"excerpt":{"rendered":"<p>O livro est\u00e1 na 2\u00aa edi\u00e7\u00e3o, al\u00e9m dos conselhos e dicas dos grandes chefs da edi\u00e7\u00e3o anterior, agora conta com receitas de dois novos Chefs: Claude Troisgros e Renato Freire [&hellip;]<\/p>\n","protected":false},"author":1,"featured_media":612,"comment_status":"open","ping_status":"open","sticky":false,"template":"","format":"standard","meta":[],"categories":[1,14,20],"tags":[46,58,43,18,48,95,40,69,32,44,160,47],"aioseo_notices":[],"_links":{"self":[{"href":"https:\/\/www.pontodoscafes.com.br\/blog\/wp-json\/wp\/v2\/posts\/611"}],"collection":[{"href":"https:\/\/www.pontodoscafes.com.br\/blog\/wp-json\/wp\/v2\/posts"}],"about":[{"href":"https:\/\/www.pontodoscafes.com.br\/blog\/wp-json\/wp\/v2\/types\/post"}],"author":[{"embeddable":true,"href":"https:\/\/www.pontodoscafes.com.br\/blog\/wp-json\/wp\/v2\/users\/1"}],"replies":[{"embeddable":true,"href":"https:\/\/www.pontodoscafes.com.br\/blog\/wp-json\/wp\/v2\/comments?post=611"}],"version-history":[{"count":8,"href":"https:\/\/www.pontodoscafes.com.br\/blog\/wp-json\/wp\/v2\/posts\/611\/revisions"}],"predecessor-version":[{"id":1584,"href":"https:\/\/www.pontodoscafes.com.br\/blog\/wp-json\/wp\/v2\/posts\/611\/revisions\/1584"}],"wp:featuredmedia":[{"embeddable":true,"href":"https:\/\/www.pontodoscafes.com.br\/blog\/wp-json\/wp\/v2\/media\/612"}],"wp:attachment":[{"href":"https:\/\/www.pontodoscafes.com.br\/blog\/wp-json\/wp\/v2\/media?parent=611"}],"wp:term":[{"taxonomy":"category","embeddable":true,"href":"https:\/\/www.pontodoscafes.com.br\/blog\/wp-json\/wp\/v2\/categories?post=611"},{"taxonomy":"post_tag","embeddable":true,"href":"https:\/\/www.pontodoscafes.com.br\/blog\/wp-json\/wp\/v2\/tags?post=611"}],"curies":[{"name":"wp","href":"https:\/\/api.w.org\/{rel}","templated":true}]}}