{"id":618,"date":"2016-01-14T11:03:56","date_gmt":"2016-01-14T11:03:56","guid":{"rendered":"http:\/\/www.pontodoscafes.com.br\/blog\/?p=618"},"modified":"2021-05-24T16:46:14","modified_gmt":"2021-05-24T16:46:14","slug":"comissao-tenta-restringir-a-entrada-de-cafe-estrangeiro-no-brasil","status":"publish","type":"post","link":"https:\/\/www.pontodoscafes.com.br\/blog\/comissao-tenta-restringir-a-entrada-de-cafe-estrangeiro-no-brasil\/","title":{"rendered":"Comiss\u00e3o tenta restringir a entrada de caf\u00e9 estrangeiro no Brasil"},"content":{"rendered":"<p><a href=\"https:\/\/www.pontodoscafes.com.br\/blog\/wp-content\/uploads\/2016\/01\/ab409750c28633594095d11a1c5dd17a.jpg\"><img loading=\"lazy\" class=\"aligncenter wp-image-619 size-full\" src=\"https:\/\/www.pontodoscafes.com.br\/blog\/wp-content\/uploads\/2016\/01\/ab409750c28633594095d11a1c5dd17a.jpg\" alt=\"\" width=\"560\" height=\"336\" srcset=\"https:\/\/www.pontodoscafes.com.br\/blog\/wp-content\/uploads\/2016\/01\/ab409750c28633594095d11a1c5dd17a.jpg 560w, https:\/\/www.pontodoscafes.com.br\/blog\/wp-content\/uploads\/2016\/01\/ab409750c28633594095d11a1c5dd17a-300x180.jpg 300w, https:\/\/www.pontodoscafes.com.br\/blog\/wp-content\/uploads\/2016\/01\/ab409750c28633594095d11a1c5dd17a-250x150.jpg 250w, https:\/\/www.pontodoscafes.com.br\/blog\/wp-content\/uploads\/2016\/01\/ab409750c28633594095d11a1c5dd17a-510x306.jpg 510w\" sizes=\"(max-width: 560px) 100vw, 560px\" \/><\/a><\/p>\n<p>O nosso pa\u00eds \u00e9 o\u00a0\u00a0maior produtor e exportador de caf\u00e9, com\u00a0quase 300 mil cafeicultores e 8 milh\u00f5es de empregos. Possui normas r\u00edgidas de produ\u00e7\u00e3o monitoradas pelo Minist\u00e9rio da Agricultura. Ou seja, este segmento produtivo apresenta-se com maturidade e bem estruturado.<\/p>\n<p>Diante deste cen\u00e1rio, \u00a0a\u00a0proposta (PL 1712\/15), de autoria do deputado Evair de Melo (PV-ES), \u00e9 proteger a cadeia produtiva brasileira da concorr\u00eancia de pa\u00edses que conseguem produzir mais barato e com padr\u00e3o de qualidade diferente das normas brasileiras.<\/p>\n<p>O relator na Comiss\u00e3o de Desenvolvimento Econ\u00f4mico, deputado Herculano Passos (PSD-SP), considera que o projeto \u00e9 oportuno, e garante a prote\u00e7\u00e3o do meio ambiente nacional. \u201cEstes pa\u00edses que n\u00e3o disp\u00f5em dos mesmos padr\u00f5es de exig\u00eancia quanto \u00e0s normas de meio ambiente, al\u00e9m de prejudicar o Brasil pelo meio ambiente comprometido, tamb\u00e9m podem gerar efeitos comerciais negativos\u201d, destacou em seu parecer.<\/p>\n<p>Para os apaixonados por caf\u00e9 a medida pode ser um limitador a novas experiencias de caf\u00e9s estrangeiros, mas para a nossa cadeia produtiva \u00e9 muito importante medidas protetivas. Ficamos na torcida para que a an\u00e1lise e aprova\u00e7\u00e3o do projeto seja o mais coerente poss\u00edvel.<\/p>\n<p>Fonte: Meio Ambiente Rio<\/p>\n<p><a href=\"https:\/\/www.pontodoscafes.com.br\/blog\/wp-content\/uploads\/2015\/01\/assinaturablog2.png\" target=\"_blank\" rel=\"noopener noreferrer\"><img loading=\"lazy\" class=\"aligncenter wp-image-111 size-full\" src=\"https:\/\/www.pontodoscafes.com.br\/blog\/wp-content\/uploads\/2015\/01\/assinaturablog2.png\" alt=\"\" width=\"650\" height=\"152\" srcset=\"https:\/\/www.pontodoscafes.com.br\/blog\/wp-content\/uploads\/2015\/01\/assinaturablog2.png 650w, https:\/\/www.pontodoscafes.com.br\/blog\/wp-content\/uploads\/2015\/01\/assinaturablog2-300x70.png 300w, https:\/\/www.pontodoscafes.com.br\/blog\/wp-content\/uploads\/2015\/01\/assinaturablog2-250x58.png 250w, https:\/\/www.pontodoscafes.com.br\/blog\/wp-content\/uploads\/2015\/01\/assinaturablog2-510x119.png 510w\" sizes=\"(max-width: 650px) 100vw, 650px\" \/><\/a><\/p>\n","protected":false},"excerpt":{"rendered":"<p>O nosso pa\u00eds \u00e9 o\u00a0\u00a0maior produtor e exportador de caf\u00e9, com\u00a0quase 300 mil cafeicultores e 8 milh\u00f5es de empregos. Possui normas r\u00edgidas de produ\u00e7\u00e3o monitoradas pelo Minist\u00e9rio da Agricultura. Ou [&hellip;]<\/p>\n","protected":false},"author":1,"featured_media":619,"comment_status":"open","ping_status":"open","sticky":false,"template":"","format":"standard","meta":[],"categories":[1,14],"tags":[46,33,16,40,35,69,32,155],"aioseo_notices":[],"_links":{"self":[{"href":"https:\/\/www.pontodoscafes.com.br\/blog\/wp-json\/wp\/v2\/posts\/618"}],"collection":[{"href":"https:\/\/www.pontodoscafes.com.br\/blog\/wp-json\/wp\/v2\/posts"}],"about":[{"href":"https:\/\/www.pontodoscafes.com.br\/blog\/wp-json\/wp\/v2\/types\/post"}],"author":[{"embeddable":true,"href":"https:\/\/www.pontodoscafes.com.br\/blog\/wp-json\/wp\/v2\/users\/1"}],"replies":[{"embeddable":true,"href":"https:\/\/www.pontodoscafes.com.br\/blog\/wp-json\/wp\/v2\/comments?post=618"}],"version-history":[{"count":4,"href":"https:\/\/www.pontodoscafes.com.br\/blog\/wp-json\/wp\/v2\/posts\/618\/revisions"}],"predecessor-version":[{"id":1589,"href":"https:\/\/www.pontodoscafes.com.br\/blog\/wp-json\/wp\/v2\/posts\/618\/revisions\/1589"}],"wp:featuredmedia":[{"embeddable":true,"href":"https:\/\/www.pontodoscafes.com.br\/blog\/wp-json\/wp\/v2\/media\/619"}],"wp:attachment":[{"href":"https:\/\/www.pontodoscafes.com.br\/blog\/wp-json\/wp\/v2\/media?parent=618"}],"wp:term":[{"taxonomy":"category","embeddable":true,"href":"https:\/\/www.pontodoscafes.com.br\/blog\/wp-json\/wp\/v2\/categories?post=618"},{"taxonomy":"post_tag","embeddable":true,"href":"https:\/\/www.pontodoscafes.com.br\/blog\/wp-json\/wp\/v2\/tags?post=618"}],"curies":[{"name":"wp","href":"https:\/\/api.w.org\/{rel}","templated":true}]}}