{"id":634,"date":"2016-01-14T16:40:06","date_gmt":"2016-01-14T16:40:06","guid":{"rendered":"http:\/\/www.pontodoscafes.com.br\/blog\/?p=634"},"modified":"2021-05-24T16:31:23","modified_gmt":"2021-05-24T16:31:23","slug":"cafe-com-manteiga-faltou-o-pao","status":"publish","type":"post","link":"https:\/\/www.pontodoscafes.com.br\/blog\/cafe-com-manteiga-faltou-o-pao\/","title":{"rendered":"Caf\u00e9 com manteiga, faltou o p\u00e3o"},"content":{"rendered":"<figure id=\"attachment_635\" aria-describedby=\"caption-attachment-635\" style=\"width: 940px\" class=\"wp-caption aligncenter\"><a href=\"https:\/\/www.pontodoscafes.com.br\/blog\/wp-content\/uploads\/2016\/01\/cafemanteigaistock.jpg\"><img loading=\"lazy\" class=\"wp-image-635 size-full\" src=\"https:\/\/www.pontodoscafes.com.br\/blog\/wp-content\/uploads\/2016\/01\/cafemanteigaistock.jpg\" alt=\"\" width=\"940\" height=\"626\" srcset=\"https:\/\/www.pontodoscafes.com.br\/blog\/wp-content\/uploads\/2016\/01\/cafemanteigaistock.jpg 940w, https:\/\/www.pontodoscafes.com.br\/blog\/wp-content\/uploads\/2016\/01\/cafemanteigaistock-300x200.jpg 300w, https:\/\/www.pontodoscafes.com.br\/blog\/wp-content\/uploads\/2016\/01\/cafemanteigaistock-250x166.jpg 250w, https:\/\/www.pontodoscafes.com.br\/blog\/wp-content\/uploads\/2016\/01\/cafemanteigaistock-510x340.jpg 510w\" sizes=\"(max-width: 940px) 100vw, 940px\" \/><\/a><figcaption id=\"caption-attachment-635\" class=\"wp-caption-text\">a cup of fresh fatty coffee with butter and coconut oil &#8211; ketogenic diet concept<\/figcaption><\/figure>\n<p>O tradicional caf\u00e9 da manh\u00e3 muitas vezes tem a participa\u00e7\u00e3o de uma x\u00edcara de caf\u00e9 e um o tradicional p\u00e3o com manteiga. Mas voc\u00ea j\u00e1 pensou em eliminar o p\u00e3o e colocar o restante na x\u00edcara, \u00e9 isso mesmo caf\u00e9 com manteiga.<\/p>\n<p>O respons\u00e1vel pela mistura <em>BulletProof Coffee<\/em>, que j\u00e1 \u00e9 febre nos Estados Unidos, \u00e9 o empres\u00e1rio Dave Asprey. Ele afirma que o produto aumenta a performance f\u00edsica e mental e com o consumo regular conseguiu elevar seu QI em 20 pontos. Al\u00e9m disso, a bebida \u00e9 capaz de dar saciedade e acelerar o metabolismo, tornando-se um excelente aliado para a perda de peso.<\/p>\n<p>A receita j\u00e1 se espalhou pelo mundo e muitas pessoas est\u00e3o utilizando a receita, principalmente em dietas e misturando manteiga e ou \u00f3leo de coco. Referente ao sabor da manteiga junto ao caf\u00e9, o assunto \u00e9 polemico, alguns afirmam que o gosto \u00e9 bom e se parece com um <em>latte<\/em> cremoso. Outros afirmam que sentiram n\u00e1useas no primeiro gole e preferem deixar a manteiga junto ao p\u00e3o.<br \/>\nAinda assim o m\u00e9todo \u00e9 questionado por alguns especialistas da \u00e1rea da sa\u00fade devido a alta concentra\u00e7\u00e3o de gordura, que poder\u00e1 elevar o colesterol.<\/p>\n<p>Claro, que para a sa\u00fade \u00e9 necess\u00e1rio equil\u00edbrio nas refei\u00e7\u00f5es. N\u00e3o\u00a0resolver\u00e1 tomar caf\u00e9 com manteiga e manter outras refei\u00e7\u00f5es ricas em gorduras, o importante \u00e9 equil\u00edbrio e buscar suporte junto aos nutricionistas.<\/p>\n<p><a href=\"https:\/\/www.pontodoscafes.com.br\/blog\/wp-content\/uploads\/2015\/01\/assinaturablog2.png\" target=\"_blank\" rel=\"noopener noreferrer\"><img loading=\"lazy\" class=\"aligncenter wp-image-111 size-full\" src=\"https:\/\/www.pontodoscafes.com.br\/blog\/wp-content\/uploads\/2015\/01\/assinaturablog2.png\" alt=\"\" width=\"650\" height=\"152\" srcset=\"https:\/\/www.pontodoscafes.com.br\/blog\/wp-content\/uploads\/2015\/01\/assinaturablog2.png 650w, https:\/\/www.pontodoscafes.com.br\/blog\/wp-content\/uploads\/2015\/01\/assinaturablog2-300x70.png 300w, https:\/\/www.pontodoscafes.com.br\/blog\/wp-content\/uploads\/2015\/01\/assinaturablog2-250x58.png 250w, https:\/\/www.pontodoscafes.com.br\/blog\/wp-content\/uploads\/2015\/01\/assinaturablog2-510x119.png 510w\" sizes=\"(max-width: 650px) 100vw, 650px\" \/><\/a><\/p>\n","protected":false},"excerpt":{"rendered":"<p>O tradicional caf\u00e9 da manh\u00e3 muitas vezes tem a participa\u00e7\u00e3o de uma x\u00edcara de caf\u00e9 e um o tradicional p\u00e3o com manteiga. Mas voc\u00ea j\u00e1 pensou em eliminar o p\u00e3o [&hellip;]<\/p>\n","protected":false},"author":1,"featured_media":635,"comment_status":"open","ping_status":"open","sticky":false,"template":"","format":"standard","meta":[],"categories":[1,14,20],"tags":[46,58,18,15,54,165,19,193,44,47,62],"aioseo_notices":[],"_links":{"self":[{"href":"https:\/\/www.pontodoscafes.com.br\/blog\/wp-json\/wp\/v2\/posts\/634"}],"collection":[{"href":"https:\/\/www.pontodoscafes.com.br\/blog\/wp-json\/wp\/v2\/posts"}],"about":[{"href":"https:\/\/www.pontodoscafes.com.br\/blog\/wp-json\/wp\/v2\/types\/post"}],"author":[{"embeddable":true,"href":"https:\/\/www.pontodoscafes.com.br\/blog\/wp-json\/wp\/v2\/users\/1"}],"replies":[{"embeddable":true,"href":"https:\/\/www.pontodoscafes.com.br\/blog\/wp-json\/wp\/v2\/comments?post=634"}],"version-history":[{"count":5,"href":"https:\/\/www.pontodoscafes.com.br\/blog\/wp-json\/wp\/v2\/posts\/634\/revisions"}],"predecessor-version":[{"id":1577,"href":"https:\/\/www.pontodoscafes.com.br\/blog\/wp-json\/wp\/v2\/posts\/634\/revisions\/1577"}],"wp:featuredmedia":[{"embeddable":true,"href":"https:\/\/www.pontodoscafes.com.br\/blog\/wp-json\/wp\/v2\/media\/635"}],"wp:attachment":[{"href":"https:\/\/www.pontodoscafes.com.br\/blog\/wp-json\/wp\/v2\/media?parent=634"}],"wp:term":[{"taxonomy":"category","embeddable":true,"href":"https:\/\/www.pontodoscafes.com.br\/blog\/wp-json\/wp\/v2\/categories?post=634"},{"taxonomy":"post_tag","embeddable":true,"href":"https:\/\/www.pontodoscafes.com.br\/blog\/wp-json\/wp\/v2\/tags?post=634"}],"curies":[{"name":"wp","href":"https:\/\/api.w.org\/{rel}","templated":true}]}}