{"id":693,"date":"2016-12-13T19:08:36","date_gmt":"2016-12-13T19:08:36","guid":{"rendered":"http:\/\/www.pontodoscafes.com.br\/blog\/?p=693"},"modified":"2021-05-24T16:57:31","modified_gmt":"2021-05-24T16:57:31","slug":"maquina-de-cafe-em-sache-vantagens-e-sabores","status":"publish","type":"post","link":"https:\/\/www.pontodoscafes.com.br\/blog\/maquina-de-cafe-em-sache-vantagens-e-sabores\/","title":{"rendered":"M\u00e1quina de Caf\u00e9 em Sach\u00ea, vantagens e sabores"},"content":{"rendered":"<p><a href=\"https:\/\/www.pontodoscafes.com.br\/blog\/wp-content\/uploads\/2016\/04\/cafesex6.jpg\"><img loading=\"lazy\" class=\"aligncenter wp-image-694 size-full\" src=\"https:\/\/www.pontodoscafes.com.br\/blog\/wp-content\/uploads\/2016\/04\/cafesex6.jpg\" alt=\"\" width=\"800\" height=\"533\" srcset=\"https:\/\/www.pontodoscafes.com.br\/blog\/wp-content\/uploads\/2016\/04\/cafesex6.jpg 800w, https:\/\/www.pontodoscafes.com.br\/blog\/wp-content\/uploads\/2016\/04\/cafesex6-300x200.jpg 300w, https:\/\/www.pontodoscafes.com.br\/blog\/wp-content\/uploads\/2016\/04\/cafesex6-250x167.jpg 250w, https:\/\/www.pontodoscafes.com.br\/blog\/wp-content\/uploads\/2016\/04\/cafesex6-510x340.jpg 510w\" sizes=\"(max-width: 800px) 100vw, 800px\" \/><\/a><\/p>\n<p>Que as <strong><a href=\"http:\/\/www.pontodoscafes.com.br\/maquinas\/61\/Maquina-de-cafe-sache-Punto-Pro---Nemox\">m\u00e1quinas de caf\u00e9 em sach\u00ea<\/a>\u00a0<\/strong>preparam em segundos um caf\u00e9 expresso maravilhoso, j\u00e1 sabemos. Vamos apresentar mais particularidades e vantagens do equipamento e do principal insumo utilizado, os caf\u00e9s em sach\u00ea. Confira:<\/p>\n<p style=\"padding-left: 30px;\"><strong>1- Simplicidade e economia<\/strong> &#8211; para preparar um prefeito expresso com padr\u00e3o italiano, basta colocar o sach\u00ea na m\u00e1quina de caf\u00e9. Ele cont\u00e9m a quantidade exata de caf\u00e9 para uma dose, sem desperd\u00edcios.<\/p>\n<p style=\"padding-left: 30px;\"><strong>2- Higiene<\/strong> &#8211; n\u00e3o faz sujeira, n\u00e3o h\u00e1 contato algum do barista com o caf\u00e9, o descarte do sach\u00ea \u00e9 simples e n\u00e3o h\u00e1 dispers\u00e3o de res\u00edduos dentro da m\u00e1quina evitando entupimentos e manuten\u00e7\u00e3o.<\/p>\n<p style=\"padding-left: 30px;\"><strong>3- Diversidade de sabores<\/strong> &#8211; est\u00e3o dispon\u00edveis no mercado os mais diversos <strong><a href=\"http:\/\/www.pontodoscafes.com.br\/insumos\/Cafe-em-sache\/4\">caf\u00e9s em sach\u00eas<\/a><\/strong>, desde tradicional ao <strong><a href=\"http:\/\/www.pontodoscafes.com.br\/insumos\/84\/Cafe-Organico-Brik-em-Sache-\">org\u00e2nico<\/a><\/strong> e <strong><a href=\"http:\/\/www.pontodoscafes.com.br\/insumos\/93\/Cafe-Sache-Descafeinado\">descafeinado<\/a><\/strong>. Experimente todos!<\/p>\n<p style=\"padding-left: 30px;\"><strong>4- Versatilidade<\/strong> &#8211; possibilita o preparo r\u00e1pido de outras bebidas quentes como ch\u00e1, chocolate, cappuccino, mocaccino etc.<\/p>\n<p style=\"padding-left: 30px;\"><strong>5- Ecologicamente corretos<\/strong> &#8211; os sach\u00eas s\u00e3o produzidos com material org\u00e2nico, logo podem ser descartados de maneira apropriada sem maiores preocupa\u00e7\u00f5es com os impactos ambientais.<\/p>\n<p><strong>Onde encontro m\u00e1quinas de Caf\u00e9 em Sach\u00ea?<\/strong><br \/>\nEm Porto Alegre, Caxias do Sul e regi\u00e3o voc\u00ea pode comprar ou alugar M\u00e1quinas de Caf\u00e9 em Sach\u00ea junto ao Ponto dos Caf\u00e9s. Al\u00e9m de planos flex\u00edveis para m\u00e1quinas, o Ponto dos Caf\u00e9s oferece tudo o que voc\u00ea precisa para servir os melhores caf\u00e9s.<\/p>\n<p><a href=\"https:\/\/www.pontodoscafes.com.br\/blog\/wp-content\/uploads\/2015\/01\/assinaturablog2.png\" target=\"_blank\" rel=\"noopener noreferrer\"><img loading=\"lazy\" class=\"aligncenter wp-image-111 size-full\" src=\"https:\/\/www.pontodoscafes.com.br\/blog\/wp-content\/uploads\/2015\/01\/assinaturablog2.png\" alt=\"\" width=\"650\" height=\"152\" srcset=\"https:\/\/www.pontodoscafes.com.br\/blog\/wp-content\/uploads\/2015\/01\/assinaturablog2.png 650w, https:\/\/www.pontodoscafes.com.br\/blog\/wp-content\/uploads\/2015\/01\/assinaturablog2-300x70.png 300w, https:\/\/www.pontodoscafes.com.br\/blog\/wp-content\/uploads\/2015\/01\/assinaturablog2-250x58.png 250w, https:\/\/www.pontodoscafes.com.br\/blog\/wp-content\/uploads\/2015\/01\/assinaturablog2-510x119.png 510w\" sizes=\"(max-width: 650px) 100vw, 650px\" \/><\/a><\/p>\n","protected":false},"excerpt":{"rendered":"<p>Que as m\u00e1quinas de caf\u00e9 em sach\u00ea\u00a0preparam em segundos um caf\u00e9 expresso maravilhoso, j\u00e1 sabemos. Vamos apresentar mais particularidades e vantagens do equipamento e do principal insumo utilizado, os caf\u00e9s [&hellip;]<\/p>\n","protected":false},"author":1,"featured_media":694,"comment_status":"open","ping_status":"open","sticky":false,"template":"","format":"standard","meta":[],"categories":[1,8],"tags":[66,213,212,155],"aioseo_notices":[],"_links":{"self":[{"href":"https:\/\/www.pontodoscafes.com.br\/blog\/wp-json\/wp\/v2\/posts\/693"}],"collection":[{"href":"https:\/\/www.pontodoscafes.com.br\/blog\/wp-json\/wp\/v2\/posts"}],"about":[{"href":"https:\/\/www.pontodoscafes.com.br\/blog\/wp-json\/wp\/v2\/types\/post"}],"author":[{"embeddable":true,"href":"https:\/\/www.pontodoscafes.com.br\/blog\/wp-json\/wp\/v2\/users\/1"}],"replies":[{"embeddable":true,"href":"https:\/\/www.pontodoscafes.com.br\/blog\/wp-json\/wp\/v2\/comments?post=693"}],"version-history":[{"count":12,"href":"https:\/\/www.pontodoscafes.com.br\/blog\/wp-json\/wp\/v2\/posts\/693\/revisions"}],"predecessor-version":[{"id":1603,"href":"https:\/\/www.pontodoscafes.com.br\/blog\/wp-json\/wp\/v2\/posts\/693\/revisions\/1603"}],"wp:featuredmedia":[{"embeddable":true,"href":"https:\/\/www.pontodoscafes.com.br\/blog\/wp-json\/wp\/v2\/media\/694"}],"wp:attachment":[{"href":"https:\/\/www.pontodoscafes.com.br\/blog\/wp-json\/wp\/v2\/media?parent=693"}],"wp:term":[{"taxonomy":"category","embeddable":true,"href":"https:\/\/www.pontodoscafes.com.br\/blog\/wp-json\/wp\/v2\/categories?post=693"},{"taxonomy":"post_tag","embeddable":true,"href":"https:\/\/www.pontodoscafes.com.br\/blog\/wp-json\/wp\/v2\/tags?post=693"}],"curies":[{"name":"wp","href":"https:\/\/api.w.org\/{rel}","templated":true}]}}