{"id":745,"date":"2016-12-13T19:08:14","date_gmt":"2016-12-13T19:08:14","guid":{"rendered":"http:\/\/www.pontodoscafes.com.br\/blog\/?p=745"},"modified":"2021-05-24T17:11:33","modified_gmt":"2021-05-24T17:11:33","slug":"sim-o-cafe-tambem-te-ama","status":"publish","type":"post","link":"https:\/\/www.pontodoscafes.com.br\/blog\/sim-o-cafe-tambem-te-ama\/","title":{"rendered":"Sim, o caf\u00e9 tamb\u00e9m te ama"},"content":{"rendered":"<p><a href=\"https:\/\/www.pontodoscafes.com.br\/blog\/wp-content\/uploads\/2016\/04\/i_love_you_more_than_coffee_by_beautyspotcrafts-d32sxy6.jpg\"><img loading=\"lazy\" class=\"aligncenter wp-image-746 size-full\" src=\"https:\/\/www.pontodoscafes.com.br\/blog\/wp-content\/uploads\/2016\/04\/i_love_you_more_than_coffee_by_beautyspotcrafts-d32sxy6.jpg\" alt=\"\" width=\"400\" height=\"400\" srcset=\"https:\/\/www.pontodoscafes.com.br\/blog\/wp-content\/uploads\/2016\/04\/i_love_you_more_than_coffee_by_beautyspotcrafts-d32sxy6.jpg 400w, https:\/\/www.pontodoscafes.com.br\/blog\/wp-content\/uploads\/2016\/04\/i_love_you_more_than_coffee_by_beautyspotcrafts-d32sxy6-150x150.jpg 150w, https:\/\/www.pontodoscafes.com.br\/blog\/wp-content\/uploads\/2016\/04\/i_love_you_more_than_coffee_by_beautyspotcrafts-d32sxy6-300x300.jpg 300w, https:\/\/www.pontodoscafes.com.br\/blog\/wp-content\/uploads\/2016\/04\/i_love_you_more_than_coffee_by_beautyspotcrafts-d32sxy6-250x250.jpg 250w, https:\/\/www.pontodoscafes.com.br\/blog\/wp-content\/uploads\/2016\/04\/i_love_you_more_than_coffee_by_beautyspotcrafts-d32sxy6-320x320.jpg 320w\" sizes=\"(max-width: 400px) 100vw, 400px\" \/><\/a><\/p>\n<p>O <strong><a href=\"http:\/\/www.pontodoscafes.com.br\/insumos\/Cafe-em-grao\/5\">caf\u00e9 expresso<\/a><\/strong> \u00e9 uma paix\u00e3o nacional e, por que n\u00e3o, mundial. Apreciado puro, com leite ou em receitas variadas, a bebida j\u00e1 inspirou poemas, m\u00fasicas e obras de arte. A boa not\u00edcia \u00e9 que todo esse amor \u00e9 retribu\u00eddo pelo pr\u00f3prio gr\u00e3o. Como? Ele faz muito bem \u00e0 sa\u00fade.<\/p>\n<p><!--more--><\/p>\n<p>Essa afirma\u00e7\u00e3o \u00e9 confirmada dia ap\u00f3s dia pela ci\u00eancia. Uma das descobertas recentes, por exemplo, garante que o caf\u00e9 pode regenerar cadeias partidas do DNA. Esse \u00e9 o chamado poder antioxidante da bebida, que combate radicais livres e previne o envelhecimento precoce e at\u00e9 o c\u00e2ncer.<\/p>\n<p>Ali\u00e1s, a preven\u00e7\u00e3o dessa doen\u00e7a t\u00e3o temida \u00e9 muitas vezes associada ao caf\u00e9 em diferentes pesquisas. Al\u00e9m de evitar as chances do c\u00e2ncer de f\u00edgado, boca, \u00fatero e mama, a bebida ainda pode aumentar a longevidade de pacientes oncol\u00f3gicos.<\/p>\n<p>Existem ainda estudos que garantem que o caf\u00e9 pode reduzir em at\u00e9 25% o risco de diabetes. Outras pesquisas apresentam a bebida como aliada da concentra\u00e7\u00e3o (boa not\u00edcia para os estudantes!) e inimiga da calv\u00edcie, depress\u00e3o, disfun\u00e7\u00e3o er\u00e9til e obesidade.<br \/>\nCom essa lista de descobertas da ci\u00eancia, voc\u00ea j\u00e1 aceita a afirma\u00e7\u00e3o do t\u00edtulo desse texto? S\u00f3 como refer\u00eancia, algumas institui\u00e7\u00f5es (como o brasileiro Instituto do Cora\u00e7\u00e3o e o peri\u00f3dico americano New England Journal of Medicine) possuem equipes dedicadas a confirma\u00e7\u00e3o dos benef\u00edcios do gr\u00e3o \u00e0 sa\u00fade. Acredite: O caf\u00e9 tamb\u00e9m te ama.]<\/p>\n<p>Fonte: Mexido de Ideias<\/p>\n<p><strong><a href=\"http:\/\/www.pontodoscafes.com.br\/empresa\">Sobre o Ponto dos Caf\u00e9s<\/a><\/strong><\/p>\n<p>O Ponto dos Caf\u00e9s \u00e9 uma empresa que oferece <strong><a href=\"http:\/\/www.pontodoscafes.com.br\/maquinas\">m\u00e1quinas<\/a><\/strong>, <strong><a href=\"http:\/\/www.pontodoscafes.com.br\/insumos\">suprimentos<\/a><\/strong> e assist\u00eancia t\u00e9cnica-operacional para servi\u00e7os de caf\u00e9 e outras bebidas quentes. Com 16 anos de experi\u00eancia no setor, possui solu\u00e7\u00f5es para estabelecimentos e empresas de todos os portes.<\/p>\n<p><a href=\"https:\/\/www.pontodoscafes.com.br\/blog\/wp-content\/uploads\/2015\/01\/assinaturablog2.png\" target=\"_blank\" rel=\"noopener noreferrer\"><img loading=\"lazy\" class=\"aligncenter wp-image-111 size-full\" src=\"https:\/\/www.pontodoscafes.com.br\/blog\/wp-content\/uploads\/2015\/01\/assinaturablog2.png\" alt=\"\" width=\"650\" height=\"152\" srcset=\"https:\/\/www.pontodoscafes.com.br\/blog\/wp-content\/uploads\/2015\/01\/assinaturablog2.png 650w, https:\/\/www.pontodoscafes.com.br\/blog\/wp-content\/uploads\/2015\/01\/assinaturablog2-300x70.png 300w, https:\/\/www.pontodoscafes.com.br\/blog\/wp-content\/uploads\/2015\/01\/assinaturablog2-250x58.png 250w, https:\/\/www.pontodoscafes.com.br\/blog\/wp-content\/uploads\/2015\/01\/assinaturablog2-510x119.png 510w\" sizes=\"(max-width: 650px) 100vw, 650px\" \/><\/a><\/p>\n","protected":false},"excerpt":{"rendered":"<p>O caf\u00e9 expresso \u00e9 uma paix\u00e3o nacional e, por que n\u00e3o, mundial. Apreciado puro, com leite ou em receitas variadas, a bebida j\u00e1 inspirou poemas, m\u00fasicas e obras de arte. [&hellip;]<\/p>\n","protected":false},"author":1,"featured_media":746,"comment_status":"open","ping_status":"open","sticky":false,"template":"","format":"standard","meta":[],"categories":[14],"tags":[16,165],"aioseo_notices":[],"_links":{"self":[{"href":"https:\/\/www.pontodoscafes.com.br\/blog\/wp-json\/wp\/v2\/posts\/745"}],"collection":[{"href":"https:\/\/www.pontodoscafes.com.br\/blog\/wp-json\/wp\/v2\/posts"}],"about":[{"href":"https:\/\/www.pontodoscafes.com.br\/blog\/wp-json\/wp\/v2\/types\/post"}],"author":[{"embeddable":true,"href":"https:\/\/www.pontodoscafes.com.br\/blog\/wp-json\/wp\/v2\/users\/1"}],"replies":[{"embeddable":true,"href":"https:\/\/www.pontodoscafes.com.br\/blog\/wp-json\/wp\/v2\/comments?post=745"}],"version-history":[{"count":5,"href":"https:\/\/www.pontodoscafes.com.br\/blog\/wp-json\/wp\/v2\/posts\/745\/revisions"}],"predecessor-version":[{"id":1619,"href":"https:\/\/www.pontodoscafes.com.br\/blog\/wp-json\/wp\/v2\/posts\/745\/revisions\/1619"}],"wp:featuredmedia":[{"embeddable":true,"href":"https:\/\/www.pontodoscafes.com.br\/blog\/wp-json\/wp\/v2\/media\/746"}],"wp:attachment":[{"href":"https:\/\/www.pontodoscafes.com.br\/blog\/wp-json\/wp\/v2\/media?parent=745"}],"wp:term":[{"taxonomy":"category","embeddable":true,"href":"https:\/\/www.pontodoscafes.com.br\/blog\/wp-json\/wp\/v2\/categories?post=745"},{"taxonomy":"post_tag","embeddable":true,"href":"https:\/\/www.pontodoscafes.com.br\/blog\/wp-json\/wp\/v2\/tags?post=745"}],"curies":[{"name":"wp","href":"https:\/\/api.w.org\/{rel}","templated":true}]}}