{"id":761,"date":"2016-12-13T19:07:05","date_gmt":"2016-12-13T19:07:05","guid":{"rendered":"http:\/\/www.pontodoscafes.com.br\/blog\/?p=761"},"modified":"2021-05-19T12:28:41","modified_gmt":"2021-05-19T12:28:41","slug":"cafe-tem-que-ter-aroma-sabor-e-gosto-ou-nao-e-cafe","status":"publish","type":"post","link":"https:\/\/www.pontodoscafes.com.br\/blog\/cafe-tem-que-ter-aroma-sabor-e-gosto-ou-nao-e-cafe\/","title":{"rendered":"Caf\u00e9 tem que ter aroma, sabor e gosto. Ou, n\u00e3o \u00e9 caf\u00e9!"},"content":{"rendered":"<p><a href=\"http:\/\/www.pontodoscafes.com.br\/blog\/wp-content\/uploads\/2016\/05\/190164__mood-coffee-aroma-coffee-aroma-brown-background-heart-heart_p.jpg\"><img loading=\"lazy\" class=\"wp-image-764\" src=\"http:\/\/www.pontodoscafes.com.br\/blog\/wp-content\/uploads\/2016\/05\/190164__mood-coffee-aroma-coffee-aroma-brown-background-heart-heart_p.jpg\" alt=\"Aroma de Caf\u00e9\" width=\"660\" height=\"413\" srcset=\"https:\/\/www.pontodoscafes.com.br\/blog\/wp-content\/uploads\/2016\/05\/190164__mood-coffee-aroma-coffee-aroma-brown-background-heart-heart_p.jpg 969w, https:\/\/www.pontodoscafes.com.br\/blog\/wp-content\/uploads\/2016\/05\/190164__mood-coffee-aroma-coffee-aroma-brown-background-heart-heart_p-300x188.jpg 300w, https:\/\/www.pontodoscafes.com.br\/blog\/wp-content\/uploads\/2016\/05\/190164__mood-coffee-aroma-coffee-aroma-brown-background-heart-heart_p-250x156.jpg 250w, https:\/\/www.pontodoscafes.com.br\/blog\/wp-content\/uploads\/2016\/05\/190164__mood-coffee-aroma-coffee-aroma-brown-background-heart-heart_p-510x319.jpg 510w\" sizes=\"(max-width: 660px) 100vw, 660px\" \/><\/a><\/p>\n<p>Aroma, gosto e sabor s\u00e3o conceitos que est\u00e3o intimamente ligados, palavras amplamente utilizadas quando falamos de <strong><a href=\"http:\/\/www.pontodoscafes.com.br\/insumos\">caf\u00e9 expresso<\/a><\/strong>. Por\u00e9m elas t\u00eam defini\u00e7\u00f5es distintas, vamos ver:<\/p>\n<h3><strong>Aroma<\/strong> \u00e9 definido como um odor, detectada atrav\u00e9s do nariz e retronasal, e tamb\u00e9m atrav\u00e9s da parte de tr\u00e1s da boca, onde as cavidades nasais e orais est\u00e3o interligados.<br \/>\n<strong>Gosto<\/strong> \u00e9 a sensa\u00e7\u00e3o experimentada pela l\u00edngua e descreve as sensa\u00e7\u00f5es de sabor, do\u00e7ura, acidez ou amargor.<br \/>\n<strong>Sabor<\/strong> \u00e9 definido como uma combina\u00e7\u00e3o de ambos aroma e sabor.<\/h3>\n<p>Sabor e aroma est\u00e3o intimamente associados um com o outro e s\u00e3o considerados pelos processos dentro das \u00e1reas l\u00edmbicas do c\u00e9rebro que participam da emo\u00e7\u00e3o. Aroma desempenha um papel particular provocando pensamentos e emo\u00e7\u00f5es que resultam de experi\u00eancias anteriores e mem\u00f3rias.<\/p>\n<p>Especialistas sensoriais descrevem o sabor e aroma do caf\u00e9 rico em detalhes. S\u00e3o capazes de diferenciar entre diferentes origens de <strong>gr\u00e3os de caf\u00e9<\/strong>, os processo utilizados para torra e at\u00e9 mesmo a forma como a bebida foi preparada.<\/p>\n<p>As <strong><a href=\"http:\/\/www.pontodoscafes.com.br\/maquinas\/4\/0\/Maquinas-de-cafe\">m\u00e1quinas de caf\u00e9 expresso<\/a>\u00a0<\/strong>prometem aroma, gosto e sabor fant\u00e1sticos ao extrair bebidas com baixas quantidades de \u00e1gua. O segredo da m\u00e1quina de caf\u00e9 \u00e9 a press\u00e3o da \u00e1gua quente sobre o caf\u00e9 compactado, resultando no nosso querido caf\u00e9 expresso que chega com uma espuma fina e cremosa.<\/p>\n<p><a href=\"http:\/\/www.pontodoscafes.com.br\/maquinas\" target=\"_blank\" rel=\"noopener noreferrer\"><img loading=\"lazy\" class=\"alignnone wp-image-111 size-full\" src=\"http:\/\/www.pontodoscafes.com.br\/blog\/wp-content\/uploads\/2015\/01\/assinaturablog2.png\" alt=\"\" width=\"650\" height=\"152\" srcset=\"https:\/\/www.pontodoscafes.com.br\/blog\/wp-content\/uploads\/2015\/01\/assinaturablog2.png 650w, https:\/\/www.pontodoscafes.com.br\/blog\/wp-content\/uploads\/2015\/01\/assinaturablog2-300x70.png 300w, https:\/\/www.pontodoscafes.com.br\/blog\/wp-content\/uploads\/2015\/01\/assinaturablog2-250x58.png 250w, https:\/\/www.pontodoscafes.com.br\/blog\/wp-content\/uploads\/2015\/01\/assinaturablog2-510x119.png 510w\" sizes=\"(max-width: 650px) 100vw, 650px\" \/><\/a><\/p>\n","protected":false},"excerpt":{"rendered":"<p>Aroma, gosto e sabor s\u00e3o conceitos que est\u00e3o intimamente ligados, palavras amplamente utilizadas quando falamos de caf\u00e9 expresso. Por\u00e9m elas t\u00eam defini\u00e7\u00f5es distintas, vamos ver: Aroma \u00e9 definido como um [&hellip;]<\/p>\n","protected":false},"author":1,"featured_media":764,"comment_status":"open","ping_status":"open","sticky":false,"template":"","format":"standard","meta":[],"categories":[1],"tags":[58,60,69,227,226],"aioseo_notices":[],"_links":{"self":[{"href":"https:\/\/www.pontodoscafes.com.br\/blog\/wp-json\/wp\/v2\/posts\/761"}],"collection":[{"href":"https:\/\/www.pontodoscafes.com.br\/blog\/wp-json\/wp\/v2\/posts"}],"about":[{"href":"https:\/\/www.pontodoscafes.com.br\/blog\/wp-json\/wp\/v2\/types\/post"}],"author":[{"embeddable":true,"href":"https:\/\/www.pontodoscafes.com.br\/blog\/wp-json\/wp\/v2\/users\/1"}],"replies":[{"embeddable":true,"href":"https:\/\/www.pontodoscafes.com.br\/blog\/wp-json\/wp\/v2\/comments?post=761"}],"version-history":[{"count":9,"href":"https:\/\/www.pontodoscafes.com.br\/blog\/wp-json\/wp\/v2\/posts\/761\/revisions"}],"predecessor-version":[{"id":1504,"href":"https:\/\/www.pontodoscafes.com.br\/blog\/wp-json\/wp\/v2\/posts\/761\/revisions\/1504"}],"wp:featuredmedia":[{"embeddable":true,"href":"https:\/\/www.pontodoscafes.com.br\/blog\/wp-json\/wp\/v2\/media\/764"}],"wp:attachment":[{"href":"https:\/\/www.pontodoscafes.com.br\/blog\/wp-json\/wp\/v2\/media?parent=761"}],"wp:term":[{"taxonomy":"category","embeddable":true,"href":"https:\/\/www.pontodoscafes.com.br\/blog\/wp-json\/wp\/v2\/categories?post=761"},{"taxonomy":"post_tag","embeddable":true,"href":"https:\/\/www.pontodoscafes.com.br\/blog\/wp-json\/wp\/v2\/tags?post=761"}],"curies":[{"name":"wp","href":"https:\/\/api.w.org\/{rel}","templated":true}]}}