{"id":769,"date":"2016-12-13T19:07:18","date_gmt":"2016-12-13T19:07:18","guid":{"rendered":"http:\/\/www.pontodoscafes.com.br\/blog\/?p=769"},"modified":"2021-06-09T19:59:04","modified_gmt":"2021-06-09T19:59:04","slug":"cafe-dica-quente-de-bebida-para-o-inverno","status":"publish","type":"post","link":"https:\/\/www.pontodoscafes.com.br\/blog\/cafe-dica-quente-de-bebida-para-o-inverno\/","title":{"rendered":"Caf\u00e9, dica quente de bebida para o inverno"},"content":{"rendered":"<p><a href=\"https:\/\/www.pontodoscafes.com.br\/blog\/wp-content\/uploads\/2016\/05\/coffee-sweater-weatherjpg-618851d23ca76142.jpg\"><img loading=\"lazy\" class=\"aligncenter wp-image-770 size-full\" src=\"https:\/\/www.pontodoscafes.com.br\/blog\/wp-content\/uploads\/2016\/05\/coffee-sweater-weatherjpg-618851d23ca76142.jpg\" alt=\"\" width=\"2047\" height=\"1463\" srcset=\"https:\/\/www.pontodoscafes.com.br\/blog\/wp-content\/uploads\/2016\/05\/coffee-sweater-weatherjpg-618851d23ca76142.jpg 2047w, https:\/\/www.pontodoscafes.com.br\/blog\/wp-content\/uploads\/2016\/05\/coffee-sweater-weatherjpg-618851d23ca76142-300x214.jpg 300w, https:\/\/www.pontodoscafes.com.br\/blog\/wp-content\/uploads\/2016\/05\/coffee-sweater-weatherjpg-618851d23ca76142-1024x732.jpg 1024w, https:\/\/www.pontodoscafes.com.br\/blog\/wp-content\/uploads\/2016\/05\/coffee-sweater-weatherjpg-618851d23ca76142-250x179.jpg 250w, https:\/\/www.pontodoscafes.com.br\/blog\/wp-content\/uploads\/2016\/05\/coffee-sweater-weatherjpg-618851d23ca76142-510x364.jpg 510w\" sizes=\"(max-width: 2047px) 100vw, 2047px\" \/><\/a><\/p>\n<p><span style=\"color: #000000;\">O calorzinho aconchegante de uma x\u00edcara de <strong><a style=\"color: #000000;\" href=\"http:\/\/www.pontodoscafes.com.br\/insumos\/Cafe-soluvel\/10\">caf\u00e9<\/a><\/strong>\u00a0entre as m\u00e3os, tem muito valor nos dias frios. O caf\u00e9 \u00e9 a companhia perfeita, seja para garantir a energia para encarar uma rotina puxada ou simplesmente aquecer uma conversa entre fam\u00edlia ou amigos.<!--more--><\/span><\/p>\n<p><span style=\"color: #000000;\">Trouxemos uma dica quente para aproveitar os dias frios do <a style=\"color: #000000;\" href=\"https:\/\/www.bbon.com.br\">inverno<\/a>, com o calor na alma que um bom caf\u00e9 nos traz:<\/span><\/p>\n<p><span style=\"color: #000000;\"><strong>Caf\u00e9 Expresso com Conhaque<\/strong><\/span><\/p>\n<p><span style=\"color: #000000;\">Ingredientes:<\/span><br \/>\n<span style=\"color: #000000;\"><strong><a style=\"color: #000000;\" href=\"http:\/\/www.pontodoscafes.com.br\/insumos\/78\/Cafe-Torrado-em-Grao-America\">Caf\u00e9 Expresso Forte<\/a><\/strong><\/span><br \/>\n<span style=\"color: #000000;\">2 Colheres de Conhaque<\/span><br \/>\n<span style=\"color: #000000;\">1 Colher de Mel<\/span><br \/>\n<span style=\"color: #000000;\"><strong><a style=\"color: #000000;\" href=\"http:\/\/www.pontodoscafes.com.br\/insumos\/Chantilly\/12\">Chantilly<\/a><\/strong><\/span><br \/>\n<span style=\"color: #000000;\">Folhas de Hortel\u00e3<\/span><\/p>\n<p><span style=\"color: #000000;\">Modo de Preparar:<\/span><br \/>\n<span style=\"color: #000000;\">Aque\u00e7a a ta\u00e7a com \u00e1gua quente.<\/span><br \/>\n<span style=\"color: #000000;\">Coloque o mel no fundo da ta\u00e7a, adicione o Conhaque o caf\u00e9 expresso forte e em seguida fa\u00e7a uma flor de chantilly no canto da ta\u00e7a.<\/span><br \/>\n<span style=\"color: #000000;\">Coloque a folha de hortel\u00e3 por cima e sirva com aux\u00edlio de uma colher.<\/span><\/p>\n<p><span style=\"color: #000000;\">Ofere\u00e7a em sua cafeteria bebidas criativas. As <a style=\"color: #000000;\" href=\"http:\/\/www.pontodoscafes.com.br\/maquinas\/0\/9\/Cafeterias\"><strong>m\u00e1quinas de caf\u00e9 expresso<\/strong> <\/a>agilizam o processo para produzir os caf\u00e9s, assim voc\u00ea disp\u00f5e de mais tempo para criar e produzir bebidas fant\u00e1sticas a base de caf\u00e9.<\/span><\/p>\n<p><a href=\"https:\/\/www.pontodoscafes.com.br\/blog\/wp-content\/uploads\/2015\/01\/assinaturablog2.png\" target=\"_blank\" rel=\"noopener noreferrer\"><img loading=\"lazy\" class=\"aligncenter wp-image-111 size-full\" src=\"https:\/\/www.pontodoscafes.com.br\/blog\/wp-content\/uploads\/2015\/01\/assinaturablog2.png\" alt=\"\" width=\"650\" height=\"152\" srcset=\"https:\/\/www.pontodoscafes.com.br\/blog\/wp-content\/uploads\/2015\/01\/assinaturablog2.png 650w, https:\/\/www.pontodoscafes.com.br\/blog\/wp-content\/uploads\/2015\/01\/assinaturablog2-300x70.png 300w, https:\/\/www.pontodoscafes.com.br\/blog\/wp-content\/uploads\/2015\/01\/assinaturablog2-250x58.png 250w, https:\/\/www.pontodoscafes.com.br\/blog\/wp-content\/uploads\/2015\/01\/assinaturablog2-510x119.png 510w\" sizes=\"(max-width: 650px) 100vw, 650px\" \/><\/a><\/p>\n","protected":false},"excerpt":{"rendered":"<p>O calorzinho aconchegante de uma x\u00edcara de caf\u00e9\u00a0entre as m\u00e3os, tem muito valor nos dias frios. O caf\u00e9 \u00e9 a companhia perfeita, seja para garantir a energia para encarar uma [&hellip;]<\/p>\n","protected":false},"author":1,"featured_media":770,"comment_status":"open","ping_status":"open","sticky":false,"template":"","format":"standard","meta":[],"categories":[1],"tags":[228,165,215,158],"aioseo_notices":[],"_links":{"self":[{"href":"https:\/\/www.pontodoscafes.com.br\/blog\/wp-json\/wp\/v2\/posts\/769"}],"collection":[{"href":"https:\/\/www.pontodoscafes.com.br\/blog\/wp-json\/wp\/v2\/posts"}],"about":[{"href":"https:\/\/www.pontodoscafes.com.br\/blog\/wp-json\/wp\/v2\/types\/post"}],"author":[{"embeddable":true,"href":"https:\/\/www.pontodoscafes.com.br\/blog\/wp-json\/wp\/v2\/users\/1"}],"replies":[{"embeddable":true,"href":"https:\/\/www.pontodoscafes.com.br\/blog\/wp-json\/wp\/v2\/comments?post=769"}],"version-history":[{"count":8,"href":"https:\/\/www.pontodoscafes.com.br\/blog\/wp-json\/wp\/v2\/posts\/769\/revisions"}],"predecessor-version":[{"id":1625,"href":"https:\/\/www.pontodoscafes.com.br\/blog\/wp-json\/wp\/v2\/posts\/769\/revisions\/1625"}],"wp:featuredmedia":[{"embeddable":true,"href":"https:\/\/www.pontodoscafes.com.br\/blog\/wp-json\/wp\/v2\/media\/770"}],"wp:attachment":[{"href":"https:\/\/www.pontodoscafes.com.br\/blog\/wp-json\/wp\/v2\/media?parent=769"}],"wp:term":[{"taxonomy":"category","embeddable":true,"href":"https:\/\/www.pontodoscafes.com.br\/blog\/wp-json\/wp\/v2\/categories?post=769"},{"taxonomy":"post_tag","embeddable":true,"href":"https:\/\/www.pontodoscafes.com.br\/blog\/wp-json\/wp\/v2\/tags?post=769"}],"curies":[{"name":"wp","href":"https:\/\/api.w.org\/{rel}","templated":true}]}}